{"id":936,"date":"2022-04-29T02:55:38","date_gmt":"2022-04-29T02:55:38","guid":{"rendered":"https:\/\/cambioagropecuario.com\/?p=936"},"modified":"2022-04-29T02:55:40","modified_gmt":"2022-04-29T02:55:40","slug":"plan-estrategico-para-el-uso-sustentable-del-agua-la-biotecnologia-y-la-certificacion-de-alimentos","status":"publish","type":"post","link":"https:\/\/cambioagropecuario.com\/index.php\/2022\/04\/29\/plan-estrategico-para-el-uso-sustentable-del-agua-la-biotecnologia-y-la-certificacion-de-alimentos\/","title":{"rendered":"Plan Estrat\u00e9gico para el uso sustentable del agua, la biotecnolog\u00eda y la certificaci\u00f3n de alimentos"},"content":{"rendered":"\n<p class=\"has-medium-font-size\"><strong><em>El ministro de Agricultura, Ganader\u00eda y Pesca de la Naci\u00f3n, Juli\u00e1n Dom\u00ednguez, se reuni\u00f3 con su par del Estado de Israel, Oded Forer, en el marco de la misi\u00f3n de cooperaci\u00f3n cient\u00edfico tecnol\u00f3gica para el sector productivo y del manejo h\u00eddrico que se realiza en ese pa\u00eds, donde acordaron avanzar en un plan estrat\u00e9gico entre ambos pa\u00edses en el uso sustentable del riego, la biotecnolog\u00eda y la certificaci\u00f3n de alimentos<\/em><\/strong>.<\/p>\n\n\n\n<figure class=\"wp-block-image size-large\"><img loading=\"lazy\" decoding=\"async\" width=\"800\" height=\"533\" src=\"https:\/\/i0.wp.com\/cambioagropecuario.com\/wp-content\/uploads\/2022\/04\/Dominguez-Israel-1.jpg?resize=800%2C533&#038;ssl=1\" alt=\"\" class=\"wp-image-938\" srcset=\"https:\/\/i0.wp.com\/cambioagropecuario.com\/wp-content\/uploads\/2022\/04\/Dominguez-Israel-1.jpg?resize=1024%2C682&amp;ssl=1 1024w, https:\/\/i0.wp.com\/cambioagropecuario.com\/wp-content\/uploads\/2022\/04\/Dominguez-Israel-1.jpg?resize=300%2C200&amp;ssl=1 300w, https:\/\/i0.wp.com\/cambioagropecuario.com\/wp-content\/uploads\/2022\/04\/Dominguez-Israel-1.jpg?resize=768%2C512&amp;ssl=1 768w, https:\/\/i0.wp.com\/cambioagropecuario.com\/wp-content\/uploads\/2022\/04\/Dominguez-Israel-1.jpg?w=1280&amp;ssl=1 1280w\" sizes=\"auto, (max-width: 800px) 100vw, 800px\" data-recalc-dims=\"1\" \/><\/figure>\n\n\n\n<p><\/p>\n\n\n\n<p>Durante el encuentro que cont\u00f3 con la participaci\u00f3n de la embajadora de Israel en Argentina, Galit Ronen, el titular de la cartera agropecuaria present\u00f3 el Plan Nacional de Riego Sustentable con el que se busca aumentar la producci\u00f3n, generar m\u00e1s valor agregado, expandir las exportaciones, mejorar rindes y optimizar el aprovechamiento h\u00eddrico. Al respecto, escuch\u00f3 la experiencia de Israel en la materia.<\/p>\n\n\n\n<p>\u00abEn Argentina hay alrededor de 2 millones de hect\u00e1reas bajo riego, que producen el 13% del producto agr\u00edcola del pa\u00eds. Tenemos un gran potencial de mejora ya que s\u00f3lo el 5% de la superficie cultivada est\u00e1 bajo riego\u00bb, le cont\u00f3 Juli\u00e1n Dom\u00ednguez.<\/p>\n\n\n\n<p>Actualmente, se comenz\u00f3 a ejecutar la primera etapa del Plan Nacional de Riego Sustentable. En este tramo, se invertir\u00e1n unos 1400 millones de d\u00f3lares entre los 21 proyectos que se est\u00e1n desplegando en las 12 provincias, con un potencial de riego de 340 mil hect\u00e1reas y una zona de influencia de 1 mill\u00f3n de hect\u00e1reas productivas. La iniciativa contempla el fortalecimiento productivo de 119 zonas en todo el pa\u00eds. Adem\u00e1s, el ministro nacional le expres\u00f3: \u00abel Presidente Alberto Fern\u00e1ndez me encomend\u00f3 incrementar el comercio entre la Argentina y un socio estrat\u00e9gico como es el Estado de Israel\u00bb.<\/p>\n\n\n\n<figure class=\"wp-block-image size-large\"><img loading=\"lazy\" decoding=\"async\" width=\"800\" height=\"533\" src=\"https:\/\/i0.wp.com\/cambioagropecuario.com\/wp-content\/uploads\/2022\/04\/Dominguez-Israel-2-1.jpg?resize=800%2C533&#038;ssl=1\" alt=\"\" class=\"wp-image-939\" srcset=\"https:\/\/i0.wp.com\/cambioagropecuario.com\/wp-content\/uploads\/2022\/04\/Dominguez-Israel-2-1.jpg?resize=1024%2C682&amp;ssl=1 1024w, https:\/\/i0.wp.com\/cambioagropecuario.com\/wp-content\/uploads\/2022\/04\/Dominguez-Israel-2-1.jpg?resize=300%2C200&amp;ssl=1 300w, https:\/\/i0.wp.com\/cambioagropecuario.com\/wp-content\/uploads\/2022\/04\/Dominguez-Israel-2-1.jpg?resize=768%2C512&amp;ssl=1 768w, https:\/\/i0.wp.com\/cambioagropecuario.com\/wp-content\/uploads\/2022\/04\/Dominguez-Israel-2-1.jpg?w=1280&amp;ssl=1 1280w\" sizes=\"auto, (max-width: 800px) 100vw, 800px\" data-recalc-dims=\"1\" \/><\/figure>\n\n\n\n<p>En ese sentido, destac\u00f3 la importancia del acuerdo que le permitir\u00e1 a nuestro pa\u00eds exportar libre de aranceles unas 30 mil toneladas anuales de la carne vacuna fresca o refrigerada a Israel. Afirm\u00f3 que se trata de \u00abun mecanismo de estabilidad para el comercio bilateral\u00bb que \u00abbrindar\u00e1 previsibilidad a los productores y la industria en un mercado estrat\u00e9gico para nuestras exportaciones de carne\u00bb.<\/p>\n\n\n\n<p>\u00abNos unen lazos hist\u00f3ricos, culturales y de cooperaci\u00f3n y queremos consolidar a la Argentina como un proveedor confiable al mercado israel\u00ed de productos alimentos de la m\u00e1s alta calidad e inocuidad\u00bb, a\u00f1adi\u00f3 Dom\u00ednguez.<\/p>\n\n\n\n<p>Por otro lado, el ministro nacional manifest\u00f3 que \u00abes de suma importancia contar con tecnolog\u00edas e infraestructura que aumente la resiliencia del sector agropecuario frente al cambio clim\u00e1tico\u00bb. Tambi\u00e9n le coment\u00f3 del trabajo que se est\u00e1 desarrollando desde el gobierno nacional en conjunto con el sector privado para dise\u00f1ar e implementar medidas de adaptaci\u00f3n del sistema productivo ante los duros escenarios clim\u00e1ticos y la volatilidad de los mercados.<\/p>\n\n\n\n<p>En ese marco, Juli\u00e1n Dom\u00ednguez se refiri\u00f3 a meta de nuestro pa\u00eds de alcanzar en el 2030 las 200 millones de toneladas de cereales y oleaginosas. Tambi\u00e9n ratific\u00f3 el compromiso de la Argentina en ser parte de la soluci\u00f3n a la seguridad alimentaria global.<\/p>\n\n\n\n<p>Al respecto, agreg\u00f3: \u00abapuntamos a certificar y mejorar la eficiencia de nuestro sector. Nuestra agricultura y ganader\u00eda es parte de la soluci\u00f3n a los problemas de inseguridad alimentaria y los desaf\u00edos ambientales y clim\u00e1ticos que nos presenta el mundo\u00bb.<\/p>\n\n\n\n<p>En la reuni\u00f3n, a su vez, se remarc\u00f3 la necesidad de priorizar a la innovaci\u00f3n y el conocimiento como las herramientas principales frente a los desaf\u00edos comunes que enfrentan los productores de todo el mundo ante el cambio clim\u00e1tico que afecta a la capacidad de los sistemas productivos globales.<\/p>\n\n\n\n<p>Frente a ello, los ministros acordaron que los equipos t\u00e9cnicos de ambas carteras trabajen en una agenda bilateral para potenciar el intercambio en biotecnolog\u00eda y gen\u00e9tica.<\/p>\n\n\n\n<p>Adem\u00e1s, Dom\u00ednguez destac\u00f3 las capacidades de la Argentina en el sector cient\u00edfico y biotecnol\u00f3gico y mencion\u00f3 los avances alcanzados con la tecnolog\u00eda del HB4 al tiempo que resalt\u00f3 el avance de los ecosistemas AgTech en la agricultura extensiva de nuestro pa\u00eds.<\/p>\n\n\n\n<p>Finalmente, ambos ministros coincidieron en la necesidad de incrementar las relaciones bilaterales en materia de agricultura, ganader\u00eda y pesca y seguir trabajando en conjunto para incrementar el flujo de comercio.<\/p>\n\n\n\n<p>Las exportaciones totales de la Argentina a Israel durante el a\u00f1o 2021 treparon a los u$s 366 millones, lo que represent\u00f3 una suba del 27% en comparaci\u00f3n al a\u00f1o anterior y marc\u00f3 una cifra r\u00e9cord en relaci\u00f3n al intercambio comercial bilateral de los \u00faltimos a\u00f1os. El 99,7% de estas exportaciones correspondieron al sector agrobioindustrial. Acompa\u00f1aron a Juli\u00e1n Dom\u00ednguez el Presidente del INTA, Mariano Garmendia; y los subsecretarios Delfo Buchaillot (Agricultura); Javier Preciado Patino (Mercados Agropecuarios) y Ariel Martinez (Coordinaci\u00f3n Pol\u00edtica). En tanto, el ministro de Agricultura y Desarrollo Rural de Israel, Oded Forer, estuvo acompa\u00f1ado por sus equipos t\u00e9cnicos.<\/p>\n","protected":false},"excerpt":{"rendered":"<p>El ministro de Agricultura, Ganader\u00eda y Pesca de la Naci\u00f3n, Juli\u00e1n Dom\u00ednguez, se reuni\u00f3 con su par del Estado de Israel, Oded Forer, en el marco de la misi\u00f3n de cooperaci\u00f3n cient\u00edfico tecnol\u00f3gica para el sector productivo y del manejo h\u00eddrico que se realiza en ese pa\u00eds, donde acordaron avanzar en un plan estrat\u00e9gico entre [&hellip;]<\/p>\n","protected":false},"author":2,"featured_media":940,"comment_status":"closed","ping_status":"open","sticky":false,"template":"","format":"standard","meta":{"footnotes":""},"categories":[18],"tags":[],"class_list":["post-936","post","type-post","status-publish","format-standard","has-post-thumbnail","hentry","category-noticias"],"yoast_head":"<!-- This site is optimized with the Yoast SEO plugin v21.6 - https:\/\/yoast.com\/wordpress\/plugins\/seo\/ -->\n<title>Plan Estrat\u00e9gico para el uso sustentable del agua, la biotecnolog\u00eda y la certificaci\u00f3n de alimentos - Cambio Agropecuario<\/title>\n<meta name=\"robots\" content=\"index, follow, max-snippet:-1, max-image-preview:large, max-video-preview:-1\" \/>\n<link rel=\"canonical\" href=\"https:\/\/cambioagropecuario.com\/index.php\/2022\/04\/29\/plan-estrategico-para-el-uso-sustentable-del-agua-la-biotecnologia-y-la-certificacion-de-alimentos\/\" \/>\n<meta property=\"og:locale\" content=\"es_ES\" \/>\n<meta property=\"og:type\" content=\"article\" \/>\n<meta property=\"og:title\" content=\"Plan Estrat\u00e9gico para el uso sustentable del agua, la biotecnolog\u00eda y la certificaci\u00f3n de alimentos - Cambio Agropecuario\" \/>\n<meta property=\"og:description\" content=\"El ministro de Agricultura, Ganader\u00eda y Pesca de la Naci\u00f3n, Juli\u00e1n Dom\u00ednguez, se reuni\u00f3 con su par del Estado de Israel, Oded Forer, en el marco de la misi\u00f3n de cooperaci\u00f3n cient\u00edfico tecnol\u00f3gica para el sector productivo y del manejo h\u00eddrico que se realiza en ese pa\u00eds, donde acordaron avanzar en un plan estrat\u00e9gico entre [&hellip;]\" \/>\n<meta property=\"og:url\" content=\"https:\/\/cambioagropecuario.com\/index.php\/2022\/04\/29\/plan-estrategico-para-el-uso-sustentable-del-agua-la-biotecnologia-y-la-certificacion-de-alimentos\/\" \/>\n<meta property=\"og:site_name\" content=\"Cambio Agropecuario\" \/>\n<meta property=\"article:publisher\" content=\"https:\/\/www.facebook.com\/cambio.agropecuario\" \/>\n<meta property=\"article:published_time\" content=\"2022-04-29T02:55:38+00:00\" \/>\n<meta property=\"article:modified_time\" content=\"2022-04-29T02:55:40+00:00\" \/>\n<meta property=\"og:image\" content=\"https:\/\/cambioagropecuario.com\/wp-content\/uploads\/2022\/04\/Dominguez-Israel-3.jpg\" \/>\n\t<meta property=\"og:image:width\" content=\"1280\" \/>\n\t<meta property=\"og:image:height\" content=\"853\" \/>\n\t<meta property=\"og:image:type\" content=\"image\/jpeg\" \/>\n<meta name=\"author\" content=\"Jorge Lopez\" \/>\n<meta name=\"twitter:card\" content=\"summary_large_image\" \/>\n<meta name=\"twitter:label1\" content=\"Escrito por\" \/>\n\t<meta name=\"twitter:data1\" content=\"Jorge Lopez\" \/>\n\t<meta name=\"twitter:label2\" content=\"Tiempo de lectura\" \/>\n\t<meta name=\"twitter:data2\" content=\"4 minutos\" \/>\n<script type=\"application\/ld+json\" class=\"yoast-schema-graph\">{\"@context\":\"https:\/\/schema.org\",\"@graph\":[{\"@type\":\"Article\",\"@id\":\"https:\/\/cambioagropecuario.com\/index.php\/2022\/04\/29\/plan-estrategico-para-el-uso-sustentable-del-agua-la-biotecnologia-y-la-certificacion-de-alimentos\/#article\",\"isPartOf\":{\"@id\":\"https:\/\/cambioagropecuario.com\/index.php\/2022\/04\/29\/plan-estrategico-para-el-uso-sustentable-del-agua-la-biotecnologia-y-la-certificacion-de-alimentos\/\"},\"author\":{\"name\":\"Jorge Lopez\",\"@id\":\"https:\/\/cambioagropecuario.com\/#\/schema\/person\/24cfd493eaf12ce5568e4f89cfaa3b8a\"},\"headline\":\"Plan Estrat\u00e9gico para el uso sustentable del agua, la biotecnolog\u00eda y la certificaci\u00f3n de alimentos\",\"datePublished\":\"2022-04-29T02:55:38+00:00\",\"dateModified\":\"2022-04-29T02:55:40+00:00\",\"mainEntityOfPage\":{\"@id\":\"https:\/\/cambioagropecuario.com\/index.php\/2022\/04\/29\/plan-estrategico-para-el-uso-sustentable-del-agua-la-biotecnologia-y-la-certificacion-de-alimentos\/\"},\"wordCount\":849,\"publisher\":{\"@id\":\"https:\/\/cambioagropecuario.com\/#organization\"},\"articleSection\":[\"Noticias\"],\"inLanguage\":\"es\"},{\"@type\":\"WebPage\",\"@id\":\"https:\/\/cambioagropecuario.com\/index.php\/2022\/04\/29\/plan-estrategico-para-el-uso-sustentable-del-agua-la-biotecnologia-y-la-certificacion-de-alimentos\/\",\"url\":\"https:\/\/cambioagropecuario.com\/index.php\/2022\/04\/29\/plan-estrategico-para-el-uso-sustentable-del-agua-la-biotecnologia-y-la-certificacion-de-alimentos\/\",\"name\":\"Plan Estrat\u00e9gico para el uso sustentable del agua, la biotecnolog\u00eda y la certificaci\u00f3n de alimentos - Cambio Agropecuario\",\"isPartOf\":{\"@id\":\"https:\/\/cambioagropecuario.com\/#website\"},\"datePublished\":\"2022-04-29T02:55:38+00:00\",\"dateModified\":\"2022-04-29T02:55:40+00:00\",\"breadcrumb\":{\"@id\":\"https:\/\/cambioagropecuario.com\/index.php\/2022\/04\/29\/plan-estrategico-para-el-uso-sustentable-del-agua-la-biotecnologia-y-la-certificacion-de-alimentos\/#breadcrumb\"},\"inLanguage\":\"es\",\"potentialAction\":[{\"@type\":\"ReadAction\",\"target\":[\"https:\/\/cambioagropecuario.com\/index.php\/2022\/04\/29\/plan-estrategico-para-el-uso-sustentable-del-agua-la-biotecnologia-y-la-certificacion-de-alimentos\/\"]}]},{\"@type\":\"BreadcrumbList\",\"@id\":\"https:\/\/cambioagropecuario.com\/index.php\/2022\/04\/29\/plan-estrategico-para-el-uso-sustentable-del-agua-la-biotecnologia-y-la-certificacion-de-alimentos\/#breadcrumb\",\"itemListElement\":[{\"@type\":\"ListItem\",\"position\":1,\"name\":\"Portada\",\"item\":\"https:\/\/cambioagropecuario.com\/\"},{\"@type\":\"ListItem\",\"position\":2,\"name\":\"Plan Estrat\u00e9gico para el uso sustentable del agua, la biotecnolog\u00eda y la certificaci\u00f3n de alimentos\"}]},{\"@type\":\"WebSite\",\"@id\":\"https:\/\/cambioagropecuario.com\/#website\",\"url\":\"https:\/\/cambioagropecuario.com\/\",\"name\":\"Cambio Agropecuario\",\"description\":\"Cambio Agropecuario es un portal de informaci\u00f3n objetiva y veraz del sector Agroproductivo de la Rep\u00fablica Argentina. Lejos de nuestro esp\u00edritu est\u00e1 el hecho de publicar noticias con un sesgo pol\u00edtico que no contribuya a enaltecer el desarrollo de las producciones agr\u00edcolas y pecuarias. Publicamos en libertad, sin presi\u00f3n de corporaci\u00f3n medi\u00e1tica alguna, ni de intereses econ\u00f3micos y pol\u00edticos. Las experiencias productivas ser\u00e1n una constante en este portal, porque nos interesa mostrar las iniciativas que llevan adelante los emprendedores y que son dignas de replicar en alguna latitud de nuestro pa\u00eds.\",\"publisher\":{\"@id\":\"https:\/\/cambioagropecuario.com\/#organization\"},\"potentialAction\":[{\"@type\":\"SearchAction\",\"target\":{\"@type\":\"EntryPoint\",\"urlTemplate\":\"https:\/\/cambioagropecuario.com\/?s={search_term_string}\"},\"query-input\":\"required name=search_term_string\"}],\"inLanguage\":\"es\"},{\"@type\":\"Organization\",\"@id\":\"https:\/\/cambioagropecuario.com\/#organization\",\"name\":\"Cambio Agropecuario\",\"url\":\"https:\/\/cambioagropecuario.com\/\",\"logo\":{\"@type\":\"ImageObject\",\"inLanguage\":\"es\",\"@id\":\"https:\/\/cambioagropecuario.com\/#\/schema\/logo\/image\/\",\"url\":\"https:\/\/cambioagropecuario.com\/wp-content\/uploads\/2021\/11\/cropped-Sin-titulo-1-1.png\",\"contentUrl\":\"https:\/\/cambioagropecuario.com\/wp-content\/uploads\/2021\/11\/cropped-Sin-titulo-1-1.png\",\"width\":512,\"height\":512,\"caption\":\"Cambio Agropecuario\"},\"image\":{\"@id\":\"https:\/\/cambioagropecuario.com\/#\/schema\/logo\/image\/\"},\"sameAs\":[\"https:\/\/www.facebook.com\/cambio.agropecuario\",\"https:\/\/www.youtube.com\/user\/cambioagropecuariotv\"]},{\"@type\":\"Person\",\"@id\":\"https:\/\/cambioagropecuario.com\/#\/schema\/person\/24cfd493eaf12ce5568e4f89cfaa3b8a\",\"name\":\"Jorge Lopez\",\"image\":{\"@type\":\"ImageObject\",\"inLanguage\":\"es\",\"@id\":\"https:\/\/cambioagropecuario.com\/#\/schema\/person\/image\/\",\"url\":\"https:\/\/secure.gravatar.com\/avatar\/775b1c76ac22bc240f9c49041d7dc067?s=96&d=mm&r=g\",\"contentUrl\":\"https:\/\/secure.gravatar.com\/avatar\/775b1c76ac22bc240f9c49041d7dc067?s=96&d=mm&r=g\",\"caption\":\"Jorge Lopez\"},\"url\":\"https:\/\/cambioagropecuario.com\/index.php\/author\/jorge\/\"}]}<\/script>\n<!-- \/ Yoast SEO plugin. -->","yoast_head_json":{"title":"Plan Estrat\u00e9gico para el uso sustentable del agua, la biotecnolog\u00eda y la certificaci\u00f3n de alimentos - Cambio Agropecuario","robots":{"index":"index","follow":"follow","max-snippet":"max-snippet:-1","max-image-preview":"max-image-preview:large","max-video-preview":"max-video-preview:-1"},"canonical":"https:\/\/cambioagropecuario.com\/index.php\/2022\/04\/29\/plan-estrategico-para-el-uso-sustentable-del-agua-la-biotecnologia-y-la-certificacion-de-alimentos\/","og_locale":"es_ES","og_type":"article","og_title":"Plan Estrat\u00e9gico para el uso sustentable del agua, la biotecnolog\u00eda y la certificaci\u00f3n de alimentos - Cambio Agropecuario","og_description":"El ministro de Agricultura, Ganader\u00eda y Pesca de la Naci\u00f3n, Juli\u00e1n Dom\u00ednguez, se reuni\u00f3 con su par del Estado de Israel, Oded Forer, en el marco de la misi\u00f3n de cooperaci\u00f3n cient\u00edfico tecnol\u00f3gica para el sector productivo y del manejo h\u00eddrico que se realiza en ese pa\u00eds, donde acordaron avanzar en un plan estrat\u00e9gico entre [&hellip;]","og_url":"https:\/\/cambioagropecuario.com\/index.php\/2022\/04\/29\/plan-estrategico-para-el-uso-sustentable-del-agua-la-biotecnologia-y-la-certificacion-de-alimentos\/","og_site_name":"Cambio Agropecuario","article_publisher":"https:\/\/www.facebook.com\/cambio.agropecuario","article_published_time":"2022-04-29T02:55:38+00:00","article_modified_time":"2022-04-29T02:55:40+00:00","og_image":[{"width":1280,"height":853,"url":"https:\/\/cambioagropecuario.com\/wp-content\/uploads\/2022\/04\/Dominguez-Israel-3.jpg","type":"image\/jpeg"}],"author":"Jorge Lopez","twitter_card":"summary_large_image","twitter_misc":{"Escrito por":"Jorge Lopez","Tiempo de lectura":"4 minutos"},"schema":{"@context":"https:\/\/schema.org","@graph":[{"@type":"Article","@id":"https:\/\/cambioagropecuario.com\/index.php\/2022\/04\/29\/plan-estrategico-para-el-uso-sustentable-del-agua-la-biotecnologia-y-la-certificacion-de-alimentos\/#article","isPartOf":{"@id":"https:\/\/cambioagropecuario.com\/index.php\/2022\/04\/29\/plan-estrategico-para-el-uso-sustentable-del-agua-la-biotecnologia-y-la-certificacion-de-alimentos\/"},"author":{"name":"Jorge Lopez","@id":"https:\/\/cambioagropecuario.com\/#\/schema\/person\/24cfd493eaf12ce5568e4f89cfaa3b8a"},"headline":"Plan Estrat\u00e9gico para el uso sustentable del agua, la biotecnolog\u00eda y la certificaci\u00f3n de alimentos","datePublished":"2022-04-29T02:55:38+00:00","dateModified":"2022-04-29T02:55:40+00:00","mainEntityOfPage":{"@id":"https:\/\/cambioagropecuario.com\/index.php\/2022\/04\/29\/plan-estrategico-para-el-uso-sustentable-del-agua-la-biotecnologia-y-la-certificacion-de-alimentos\/"},"wordCount":849,"publisher":{"@id":"https:\/\/cambioagropecuario.com\/#organization"},"articleSection":["Noticias"],"inLanguage":"es"},{"@type":"WebPage","@id":"https:\/\/cambioagropecuario.com\/index.php\/2022\/04\/29\/plan-estrategico-para-el-uso-sustentable-del-agua-la-biotecnologia-y-la-certificacion-de-alimentos\/","url":"https:\/\/cambioagropecuario.com\/index.php\/2022\/04\/29\/plan-estrategico-para-el-uso-sustentable-del-agua-la-biotecnologia-y-la-certificacion-de-alimentos\/","name":"Plan Estrat\u00e9gico para el uso sustentable del agua, la biotecnolog\u00eda y la certificaci\u00f3n de alimentos - Cambio Agropecuario","isPartOf":{"@id":"https:\/\/cambioagropecuario.com\/#website"},"datePublished":"2022-04-29T02:55:38+00:00","dateModified":"2022-04-29T02:55:40+00:00","breadcrumb":{"@id":"https:\/\/cambioagropecuario.com\/index.php\/2022\/04\/29\/plan-estrategico-para-el-uso-sustentable-del-agua-la-biotecnologia-y-la-certificacion-de-alimentos\/#breadcrumb"},"inLanguage":"es","potentialAction":[{"@type":"ReadAction","target":["https:\/\/cambioagropecuario.com\/index.php\/2022\/04\/29\/plan-estrategico-para-el-uso-sustentable-del-agua-la-biotecnologia-y-la-certificacion-de-alimentos\/"]}]},{"@type":"BreadcrumbList","@id":"https:\/\/cambioagropecuario.com\/index.php\/2022\/04\/29\/plan-estrategico-para-el-uso-sustentable-del-agua-la-biotecnologia-y-la-certificacion-de-alimentos\/#breadcrumb","itemListElement":[{"@type":"ListItem","position":1,"name":"Portada","item":"https:\/\/cambioagropecuario.com\/"},{"@type":"ListItem","position":2,"name":"Plan Estrat\u00e9gico para el uso sustentable del agua, la biotecnolog\u00eda y la certificaci\u00f3n de alimentos"}]},{"@type":"WebSite","@id":"https:\/\/cambioagropecuario.com\/#website","url":"https:\/\/cambioagropecuario.com\/","name":"Cambio Agropecuario","description":"Cambio Agropecuario es un portal de informaci\u00f3n objetiva y veraz del sector Agroproductivo de la Rep\u00fablica Argentina. Lejos de nuestro esp\u00edritu est\u00e1 el hecho de publicar noticias con un sesgo pol\u00edtico que no contribuya a enaltecer el desarrollo de las producciones agr\u00edcolas y pecuarias. Publicamos en libertad, sin presi\u00f3n de corporaci\u00f3n medi\u00e1tica alguna, ni de intereses econ\u00f3micos y pol\u00edticos. Las experiencias productivas ser\u00e1n una constante en este portal, porque nos interesa mostrar las iniciativas que llevan adelante los emprendedores y que son dignas de replicar en alguna latitud de nuestro pa\u00eds.","publisher":{"@id":"https:\/\/cambioagropecuario.com\/#organization"},"potentialAction":[{"@type":"SearchAction","target":{"@type":"EntryPoint","urlTemplate":"https:\/\/cambioagropecuario.com\/?s={search_term_string}"},"query-input":"required name=search_term_string"}],"inLanguage":"es"},{"@type":"Organization","@id":"https:\/\/cambioagropecuario.com\/#organization","name":"Cambio Agropecuario","url":"https:\/\/cambioagropecuario.com\/","logo":{"@type":"ImageObject","inLanguage":"es","@id":"https:\/\/cambioagropecuario.com\/#\/schema\/logo\/image\/","url":"https:\/\/cambioagropecuario.com\/wp-content\/uploads\/2021\/11\/cropped-Sin-titulo-1-1.png","contentUrl":"https:\/\/cambioagropecuario.com\/wp-content\/uploads\/2021\/11\/cropped-Sin-titulo-1-1.png","width":512,"height":512,"caption":"Cambio Agropecuario"},"image":{"@id":"https:\/\/cambioagropecuario.com\/#\/schema\/logo\/image\/"},"sameAs":["https:\/\/www.facebook.com\/cambio.agropecuario","https:\/\/www.youtube.com\/user\/cambioagropecuariotv"]},{"@type":"Person","@id":"https:\/\/cambioagropecuario.com\/#\/schema\/person\/24cfd493eaf12ce5568e4f89cfaa3b8a","name":"Jorge Lopez","image":{"@type":"ImageObject","inLanguage":"es","@id":"https:\/\/cambioagropecuario.com\/#\/schema\/person\/image\/","url":"https:\/\/secure.gravatar.com\/avatar\/775b1c76ac22bc240f9c49041d7dc067?s=96&d=mm&r=g","contentUrl":"https:\/\/secure.gravatar.com\/avatar\/775b1c76ac22bc240f9c49041d7dc067?s=96&d=mm&r=g","caption":"Jorge Lopez"},"url":"https:\/\/cambioagropecuario.com\/index.php\/author\/jorge\/"}]}},"jetpack_sharing_enabled":true,"featured_image_urls":{"full":["https:\/\/i0.wp.com\/cambioagropecuario.com\/wp-content\/uploads\/2022\/04\/Dominguez-Israel-3.jpg?fit=1280%2C853&ssl=1",1280,853,false],"thumbnail":["https:\/\/i0.wp.com\/cambioagropecuario.com\/wp-content\/uploads\/2022\/04\/Dominguez-Israel-3.jpg?resize=150%2C150&ssl=1",150,150,true],"medium":["https:\/\/i0.wp.com\/cambioagropecuario.com\/wp-content\/uploads\/2022\/04\/Dominguez-Israel-3.jpg?fit=300%2C200&ssl=1",300,200,true],"medium_large":["https:\/\/i0.wp.com\/cambioagropecuario.com\/wp-content\/uploads\/2022\/04\/Dominguez-Israel-3.jpg?fit=768%2C512&ssl=1",768,512,true],"large":["https:\/\/i0.wp.com\/cambioagropecuario.com\/wp-content\/uploads\/2022\/04\/Dominguez-Israel-3.jpg?fit=800%2C533&ssl=1",800,533,true],"1536x1536":["https:\/\/i0.wp.com\/cambioagropecuario.com\/wp-content\/uploads\/2022\/04\/Dominguez-Israel-3.jpg?fit=1280%2C853&ssl=1",1280,853,true],"2048x2048":["https:\/\/i0.wp.com\/cambioagropecuario.com\/wp-content\/uploads\/2022\/04\/Dominguez-Israel-3.jpg?fit=1280%2C853&ssl=1",1280,853,true]},"author_info":{"display_name":"Jorge Lopez","author_link":"https:\/\/cambioagropecuario.com\/index.php\/author\/jorge\/"},"category_info":"<a href=\"https:\/\/cambioagropecuario.com\/index.php\/category\/noticias\/\" rel=\"category tag\">Noticias<\/a>","tag_info":"Noticias","comment_count":"0","jetpack_featured_media_url":"https:\/\/i0.wp.com\/cambioagropecuario.com\/wp-content\/uploads\/2022\/04\/Dominguez-Israel-3.jpg?fit=1280%2C853&ssl=1","_links":{"self":[{"href":"https:\/\/cambioagropecuario.com\/index.php\/wp-json\/wp\/v2\/posts\/936","targetHints":{"allow":["GET"]}}],"collection":[{"href":"https:\/\/cambioagropecuario.com\/index.php\/wp-json\/wp\/v2\/posts"}],"about":[{"href":"https:\/\/cambioagropecuario.com\/index.php\/wp-json\/wp\/v2\/types\/post"}],"author":[{"embeddable":true,"href":"https:\/\/cambioagropecuario.com\/index.php\/wp-json\/wp\/v2\/users\/2"}],"replies":[{"embeddable":true,"href":"https:\/\/cambioagropecuario.com\/index.php\/wp-json\/wp\/v2\/comments?post=936"}],"version-history":[{"count":1,"href":"https:\/\/cambioagropecuario.com\/index.php\/wp-json\/wp\/v2\/posts\/936\/revisions"}],"predecessor-version":[{"id":941,"href":"https:\/\/cambioagropecuario.com\/index.php\/wp-json\/wp\/v2\/posts\/936\/revisions\/941"}],"wp:featuredmedia":[{"embeddable":true,"href":"https:\/\/cambioagropecuario.com\/index.php\/wp-json\/wp\/v2\/media\/940"}],"wp:attachment":[{"href":"https:\/\/cambioagropecuario.com\/index.php\/wp-json\/wp\/v2\/media?parent=936"}],"wp:term":[{"taxonomy":"category","embeddable":true,"href":"https:\/\/cambioagropecuario.com\/index.php\/wp-json\/wp\/v2\/categories?post=936"},{"taxonomy":"post_tag","embeddable":true,"href":"https:\/\/cambioagropecuario.com\/index.php\/wp-json\/wp\/v2\/tags?post=936"}],"curies":[{"name":"wp","href":"https:\/\/api.w.org\/{rel}","templated":true}]}}