{"id":845,"date":"2022-04-15T03:50:48","date_gmt":"2022-04-15T03:50:48","guid":{"rendered":"https:\/\/cambioagropecuario.com\/?p=845"},"modified":"2022-04-15T03:50:50","modified_gmt":"2022-04-15T03:50:50","slug":"la-provincia-de-corrientes-vuelve-a-exportar-carne-ovina-luego-de-mas-de-30-anos","status":"publish","type":"post","link":"https:\/\/cambioagropecuario.com\/index.php\/2022\/04\/15\/la-provincia-de-corrientes-vuelve-a-exportar-carne-ovina-luego-de-mas-de-30-anos\/","title":{"rendered":"La provincia de Corrientes vuelve a exportar carne ovina luego de m\u00e1s de 30 a\u00f1os"},"content":{"rendered":"\n<p class=\"has-medium-font-size\"><strong><em>La certificaci\u00f3n de m\u00e1s de 40 toneladas de res ovina congelada fue realizada por el personal del Senasa y tiene como destino a Om\u00e1n.<\/em><\/strong><\/p>\n\n\n\n<p>El\u00a0<strong>Servicio Nacional de Sanidad y Calidad Agroalimentaria (Senasa)<\/strong>\u00a0certific\u00f3 la primera\u00a0<strong>exportaci\u00f3n de 40 toneladas de res ovina congelada con destino a Om\u00e1n<\/strong>, desde la localidad de Curuz\u00fa Cuati\u00e1, provincia de\u00a0<strong>Corrientes.<\/strong>\u00a0Vale destacar que desde hace m\u00e1s de 30 a\u00f1os no se lograba una exportaci\u00f3n de ovinos desde la Provincia.<\/p>\n\n\n\n<figure class=\"wp-block-image size-large\"><img loading=\"lazy\" decoding=\"async\" width=\"768\" height=\"1024\" src=\"https:\/\/i0.wp.com\/cambioagropecuario.com\/wp-content\/uploads\/2022\/04\/Senasa-Ovinos-01.jpg?resize=768%2C1024&#038;ssl=1\" alt=\"\" class=\"wp-image-846\" srcset=\"https:\/\/i0.wp.com\/cambioagropecuario.com\/wp-content\/uploads\/2022\/04\/Senasa-Ovinos-01.jpg?resize=768%2C1024&amp;ssl=1 768w, https:\/\/i0.wp.com\/cambioagropecuario.com\/wp-content\/uploads\/2022\/04\/Senasa-Ovinos-01.jpg?resize=225%2C300&amp;ssl=1 225w, https:\/\/i0.wp.com\/cambioagropecuario.com\/wp-content\/uploads\/2022\/04\/Senasa-Ovinos-01.jpg?w=810&amp;ssl=1 810w\" sizes=\"auto, (max-width: 768px) 100vw, 768px\" data-recalc-dims=\"1\" \/><\/figure>\n\n\n\n<p>\u00abEl ovino ha sido una exportaci\u00f3n tradicional de la Rep\u00fablica Argentina, especialmente de la Patagonia, bajo la forma de ovino con hueso a la Uni\u00f3n Europea y hoy hacia Om\u00e1n. Recuperamos otro polo exportador ovino desde la provincia de Corrientes y desde nuestra zona libre de fiebre aftosa con vacunaci\u00f3n. En este caso de carne ovina con hueso congelada\u00bb,\u00a0<strong>destac\u00f3 el vicepresidente de Senasa, Rodolfo Acerbi.<\/strong>\u00a0\u00abEs un muy buen camino -continu\u00f3 Acerbi- para un nuevo desaf\u00edo de las distintas carnes que nuestro pa\u00eds exporta al mundo\u00bb. Sobre la certificaci\u00f3n del env\u00edo, cuyo certificado est\u00e1 vigente desde 2004, el\u00a0<strong>director del Centro Regional Corrientes Misiones del Senasa, Pedro M\u00e9ndez remarc\u00f3 que<\/strong>\u00a0\u00abpara nosotros se pone de manifiesto el logro de exportar ovinos en un trabajo conjunto entre el sector p\u00fablico y privado, algo hist\u00f3rico para la regi\u00f3n ya que hace m\u00e1s de 30 a\u00f1os que no se lograba exportar ovinos desde la provincia.\u00bb<\/p>\n\n\n\n<figure class=\"wp-block-image size-large\"><img loading=\"lazy\" decoding=\"async\" width=\"800\" height=\"600\" src=\"https:\/\/i0.wp.com\/cambioagropecuario.com\/wp-content\/uploads\/2022\/04\/Senasa-Ovinos-02.jpg?resize=800%2C600&#038;ssl=1\" alt=\"\" class=\"wp-image-847\" srcset=\"https:\/\/i0.wp.com\/cambioagropecuario.com\/wp-content\/uploads\/2022\/04\/Senasa-Ovinos-02.jpg?resize=1024%2C768&amp;ssl=1 1024w, https:\/\/i0.wp.com\/cambioagropecuario.com\/wp-content\/uploads\/2022\/04\/Senasa-Ovinos-02.jpg?resize=300%2C225&amp;ssl=1 300w, https:\/\/i0.wp.com\/cambioagropecuario.com\/wp-content\/uploads\/2022\/04\/Senasa-Ovinos-02.jpg?resize=768%2C576&amp;ssl=1 768w, https:\/\/i0.wp.com\/cambioagropecuario.com\/wp-content\/uploads\/2022\/04\/Senasa-Ovinos-02.jpg?w=1280&amp;ssl=1 1280w\" sizes=\"auto, (max-width: 800px) 100vw, 800px\" data-recalc-dims=\"1\" \/><\/figure>\n\n\n\n<p>Personal del Centro Regional del Senasa control\u00f3 el abastecimiento de la materia prima, el proceso de almacenamiento hasta la certificaci\u00f3n de exportaci\u00f3n de la mercader\u00eda elaborada y certificada desde el establecimiento oficial. Asimismo, el Organismo verific\u00f3 las exigencias documentales y de certificaci\u00f3n que requiere el pa\u00eds de destino.<\/p>\n\n\n\n<p>En esta direcci\u00f3n,&nbsp;<strong>el coordinador regional de Inocuidad y Calidad Agroalimentaria, Marcelo Gorgo, manifest\u00f3 que<\/strong>&nbsp;\u00abdesde nuestra instituci\u00f3n se trabaja junto a la industria frigor\u00edfica para llegar a cumplir con sus objetivos, siempre al resguardo de la inocuidad y calidad de los productos.\u00bb<\/p>\n","protected":false},"excerpt":{"rendered":"<p>La certificaci\u00f3n de m\u00e1s de 40 toneladas de res ovina congelada fue realizada por el personal del Senasa y tiene como destino a Om\u00e1n. El\u00a0Servicio Nacional de Sanidad y Calidad Agroalimentaria (Senasa)\u00a0certific\u00f3 la primera\u00a0exportaci\u00f3n de 40 toneladas de res ovina congelada con destino a Om\u00e1n, desde la localidad de Curuz\u00fa Cuati\u00e1, provincia de\u00a0Corrientes.\u00a0Vale destacar que [&hellip;]<\/p>\n","protected":false},"author":2,"featured_media":848,"comment_status":"closed","ping_status":"open","sticky":false,"template":"","format":"standard","meta":{"footnotes":""},"categories":[10,18],"tags":[],"class_list":["post-845","post","type-post","status-publish","format-standard","has-post-thumbnail","hentry","category-ganaderia","category-noticias"],"yoast_head":"<!-- This site is optimized with the Yoast SEO plugin v21.6 - https:\/\/yoast.com\/wordpress\/plugins\/seo\/ -->\n<title>La provincia de Corrientes vuelve a exportar carne ovina luego de m\u00e1s de 30 a\u00f1os - Cambio Agropecuario<\/title>\n<meta name=\"robots\" content=\"index, follow, max-snippet:-1, max-image-preview:large, max-video-preview:-1\" \/>\n<link rel=\"canonical\" href=\"https:\/\/cambioagropecuario.com\/index.php\/2022\/04\/15\/la-provincia-de-corrientes-vuelve-a-exportar-carne-ovina-luego-de-mas-de-30-anos\/\" \/>\n<meta property=\"og:locale\" content=\"es_ES\" \/>\n<meta property=\"og:type\" content=\"article\" \/>\n<meta property=\"og:title\" content=\"La provincia de Corrientes vuelve a exportar carne ovina luego de m\u00e1s de 30 a\u00f1os - Cambio Agropecuario\" \/>\n<meta property=\"og:description\" content=\"La certificaci\u00f3n de m\u00e1s de 40 toneladas de res ovina congelada fue realizada por el personal del Senasa y tiene como destino a Om\u00e1n. El\u00a0Servicio Nacional de Sanidad y Calidad Agroalimentaria (Senasa)\u00a0certific\u00f3 la primera\u00a0exportaci\u00f3n de 40 toneladas de res ovina congelada con destino a Om\u00e1n, desde la localidad de Curuz\u00fa Cuati\u00e1, provincia de\u00a0Corrientes.\u00a0Vale destacar que [&hellip;]\" \/>\n<meta property=\"og:url\" content=\"https:\/\/cambioagropecuario.com\/index.php\/2022\/04\/15\/la-provincia-de-corrientes-vuelve-a-exportar-carne-ovina-luego-de-mas-de-30-anos\/\" \/>\n<meta property=\"og:site_name\" content=\"Cambio Agropecuario\" \/>\n<meta property=\"article:publisher\" content=\"https:\/\/www.facebook.com\/cambio.agropecuario\" \/>\n<meta property=\"article:published_time\" content=\"2022-04-15T03:50:48+00:00\" \/>\n<meta property=\"article:modified_time\" content=\"2022-04-15T03:50:50+00:00\" \/>\n<meta property=\"og:image\" content=\"https:\/\/cambioagropecuario.com\/wp-content\/uploads\/2022\/04\/Carne-Ovina-01.jpg\" \/>\n\t<meta property=\"og:image:width\" content=\"1920\" \/>\n\t<meta property=\"og:image:height\" content=\"1080\" \/>\n\t<meta property=\"og:image:type\" content=\"image\/jpeg\" \/>\n<meta name=\"author\" content=\"Jorge Lopez\" \/>\n<meta name=\"twitter:card\" content=\"summary_large_image\" \/>\n<meta name=\"twitter:label1\" content=\"Escrito por\" \/>\n\t<meta name=\"twitter:data1\" content=\"Jorge Lopez\" \/>\n\t<meta name=\"twitter:label2\" content=\"Tiempo de lectura\" \/>\n\t<meta name=\"twitter:data2\" content=\"2 minutos\" \/>\n<script type=\"application\/ld+json\" class=\"yoast-schema-graph\">{\"@context\":\"https:\/\/schema.org\",\"@graph\":[{\"@type\":\"Article\",\"@id\":\"https:\/\/cambioagropecuario.com\/index.php\/2022\/04\/15\/la-provincia-de-corrientes-vuelve-a-exportar-carne-ovina-luego-de-mas-de-30-anos\/#article\",\"isPartOf\":{\"@id\":\"https:\/\/cambioagropecuario.com\/index.php\/2022\/04\/15\/la-provincia-de-corrientes-vuelve-a-exportar-carne-ovina-luego-de-mas-de-30-anos\/\"},\"author\":{\"name\":\"Jorge Lopez\",\"@id\":\"https:\/\/cambioagropecuario.com\/#\/schema\/person\/24cfd493eaf12ce5568e4f89cfaa3b8a\"},\"headline\":\"La provincia de Corrientes vuelve a exportar carne ovina luego de m\u00e1s de 30 a\u00f1os\",\"datePublished\":\"2022-04-15T03:50:48+00:00\",\"dateModified\":\"2022-04-15T03:50:50+00:00\",\"mainEntityOfPage\":{\"@id\":\"https:\/\/cambioagropecuario.com\/index.php\/2022\/04\/15\/la-provincia-de-corrientes-vuelve-a-exportar-carne-ovina-luego-de-mas-de-30-anos\/\"},\"wordCount\":364,\"publisher\":{\"@id\":\"https:\/\/cambioagropecuario.com\/#organization\"},\"articleSection\":[\"Ganaderia\",\"Noticias\"],\"inLanguage\":\"es\"},{\"@type\":\"WebPage\",\"@id\":\"https:\/\/cambioagropecuario.com\/index.php\/2022\/04\/15\/la-provincia-de-corrientes-vuelve-a-exportar-carne-ovina-luego-de-mas-de-30-anos\/\",\"url\":\"https:\/\/cambioagropecuario.com\/index.php\/2022\/04\/15\/la-provincia-de-corrientes-vuelve-a-exportar-carne-ovina-luego-de-mas-de-30-anos\/\",\"name\":\"La provincia de Corrientes vuelve a exportar carne ovina luego de m\u00e1s de 30 a\u00f1os - Cambio Agropecuario\",\"isPartOf\":{\"@id\":\"https:\/\/cambioagropecuario.com\/#website\"},\"datePublished\":\"2022-04-15T03:50:48+00:00\",\"dateModified\":\"2022-04-15T03:50:50+00:00\",\"breadcrumb\":{\"@id\":\"https:\/\/cambioagropecuario.com\/index.php\/2022\/04\/15\/la-provincia-de-corrientes-vuelve-a-exportar-carne-ovina-luego-de-mas-de-30-anos\/#breadcrumb\"},\"inLanguage\":\"es\",\"potentialAction\":[{\"@type\":\"ReadAction\",\"target\":[\"https:\/\/cambioagropecuario.com\/index.php\/2022\/04\/15\/la-provincia-de-corrientes-vuelve-a-exportar-carne-ovina-luego-de-mas-de-30-anos\/\"]}]},{\"@type\":\"BreadcrumbList\",\"@id\":\"https:\/\/cambioagropecuario.com\/index.php\/2022\/04\/15\/la-provincia-de-corrientes-vuelve-a-exportar-carne-ovina-luego-de-mas-de-30-anos\/#breadcrumb\",\"itemListElement\":[{\"@type\":\"ListItem\",\"position\":1,\"name\":\"Portada\",\"item\":\"https:\/\/cambioagropecuario.com\/\"},{\"@type\":\"ListItem\",\"position\":2,\"name\":\"La provincia de Corrientes vuelve a exportar carne ovina luego de m\u00e1s de 30 a\u00f1os\"}]},{\"@type\":\"WebSite\",\"@id\":\"https:\/\/cambioagropecuario.com\/#website\",\"url\":\"https:\/\/cambioagropecuario.com\/\",\"name\":\"Cambio Agropecuario\",\"description\":\"Cambio Agropecuario es un portal de informaci\u00f3n objetiva y veraz del sector Agroproductivo de la Rep\u00fablica Argentina. Lejos de nuestro esp\u00edritu est\u00e1 el hecho de publicar noticias con un sesgo pol\u00edtico que no contribuya a enaltecer el desarrollo de las producciones agr\u00edcolas y pecuarias. Publicamos en libertad, sin presi\u00f3n de corporaci\u00f3n medi\u00e1tica alguna, ni de intereses econ\u00f3micos y pol\u00edticos. Las experiencias productivas ser\u00e1n una constante en este portal, porque nos interesa mostrar las iniciativas que llevan adelante los emprendedores y que son dignas de replicar en alguna latitud de nuestro pa\u00eds.\",\"publisher\":{\"@id\":\"https:\/\/cambioagropecuario.com\/#organization\"},\"potentialAction\":[{\"@type\":\"SearchAction\",\"target\":{\"@type\":\"EntryPoint\",\"urlTemplate\":\"https:\/\/cambioagropecuario.com\/?s={search_term_string}\"},\"query-input\":\"required name=search_term_string\"}],\"inLanguage\":\"es\"},{\"@type\":\"Organization\",\"@id\":\"https:\/\/cambioagropecuario.com\/#organization\",\"name\":\"Cambio Agropecuario\",\"url\":\"https:\/\/cambioagropecuario.com\/\",\"logo\":{\"@type\":\"ImageObject\",\"inLanguage\":\"es\",\"@id\":\"https:\/\/cambioagropecuario.com\/#\/schema\/logo\/image\/\",\"url\":\"https:\/\/cambioagropecuario.com\/wp-content\/uploads\/2021\/11\/cropped-Sin-titulo-1-1.png\",\"contentUrl\":\"https:\/\/cambioagropecuario.com\/wp-content\/uploads\/2021\/11\/cropped-Sin-titulo-1-1.png\",\"width\":512,\"height\":512,\"caption\":\"Cambio Agropecuario\"},\"image\":{\"@id\":\"https:\/\/cambioagropecuario.com\/#\/schema\/logo\/image\/\"},\"sameAs\":[\"https:\/\/www.facebook.com\/cambio.agropecuario\",\"https:\/\/www.youtube.com\/user\/cambioagropecuariotv\"]},{\"@type\":\"Person\",\"@id\":\"https:\/\/cambioagropecuario.com\/#\/schema\/person\/24cfd493eaf12ce5568e4f89cfaa3b8a\",\"name\":\"Jorge Lopez\",\"image\":{\"@type\":\"ImageObject\",\"inLanguage\":\"es\",\"@id\":\"https:\/\/cambioagropecuario.com\/#\/schema\/person\/image\/\",\"url\":\"https:\/\/secure.gravatar.com\/avatar\/775b1c76ac22bc240f9c49041d7dc067?s=96&d=mm&r=g\",\"contentUrl\":\"https:\/\/secure.gravatar.com\/avatar\/775b1c76ac22bc240f9c49041d7dc067?s=96&d=mm&r=g\",\"caption\":\"Jorge Lopez\"},\"url\":\"https:\/\/cambioagropecuario.com\/index.php\/author\/jorge\/\"}]}<\/script>\n<!-- \/ Yoast SEO plugin. -->","yoast_head_json":{"title":"La provincia de Corrientes vuelve a exportar carne ovina luego de m\u00e1s de 30 a\u00f1os - Cambio Agropecuario","robots":{"index":"index","follow":"follow","max-snippet":"max-snippet:-1","max-image-preview":"max-image-preview:large","max-video-preview":"max-video-preview:-1"},"canonical":"https:\/\/cambioagropecuario.com\/index.php\/2022\/04\/15\/la-provincia-de-corrientes-vuelve-a-exportar-carne-ovina-luego-de-mas-de-30-anos\/","og_locale":"es_ES","og_type":"article","og_title":"La provincia de Corrientes vuelve a exportar carne ovina luego de m\u00e1s de 30 a\u00f1os - Cambio Agropecuario","og_description":"La certificaci\u00f3n de m\u00e1s de 40 toneladas de res ovina congelada fue realizada por el personal del Senasa y tiene como destino a Om\u00e1n. El\u00a0Servicio Nacional de Sanidad y Calidad Agroalimentaria (Senasa)\u00a0certific\u00f3 la primera\u00a0exportaci\u00f3n de 40 toneladas de res ovina congelada con destino a Om\u00e1n, desde la localidad de Curuz\u00fa Cuati\u00e1, provincia de\u00a0Corrientes.\u00a0Vale destacar que [&hellip;]","og_url":"https:\/\/cambioagropecuario.com\/index.php\/2022\/04\/15\/la-provincia-de-corrientes-vuelve-a-exportar-carne-ovina-luego-de-mas-de-30-anos\/","og_site_name":"Cambio Agropecuario","article_publisher":"https:\/\/www.facebook.com\/cambio.agropecuario","article_published_time":"2022-04-15T03:50:48+00:00","article_modified_time":"2022-04-15T03:50:50+00:00","og_image":[{"width":1920,"height":1080,"url":"https:\/\/cambioagropecuario.com\/wp-content\/uploads\/2022\/04\/Carne-Ovina-01.jpg","type":"image\/jpeg"}],"author":"Jorge Lopez","twitter_card":"summary_large_image","twitter_misc":{"Escrito por":"Jorge Lopez","Tiempo de lectura":"2 minutos"},"schema":{"@context":"https:\/\/schema.org","@graph":[{"@type":"Article","@id":"https:\/\/cambioagropecuario.com\/index.php\/2022\/04\/15\/la-provincia-de-corrientes-vuelve-a-exportar-carne-ovina-luego-de-mas-de-30-anos\/#article","isPartOf":{"@id":"https:\/\/cambioagropecuario.com\/index.php\/2022\/04\/15\/la-provincia-de-corrientes-vuelve-a-exportar-carne-ovina-luego-de-mas-de-30-anos\/"},"author":{"name":"Jorge Lopez","@id":"https:\/\/cambioagropecuario.com\/#\/schema\/person\/24cfd493eaf12ce5568e4f89cfaa3b8a"},"headline":"La provincia de Corrientes vuelve a exportar carne ovina luego de m\u00e1s de 30 a\u00f1os","datePublished":"2022-04-15T03:50:48+00:00","dateModified":"2022-04-15T03:50:50+00:00","mainEntityOfPage":{"@id":"https:\/\/cambioagropecuario.com\/index.php\/2022\/04\/15\/la-provincia-de-corrientes-vuelve-a-exportar-carne-ovina-luego-de-mas-de-30-anos\/"},"wordCount":364,"publisher":{"@id":"https:\/\/cambioagropecuario.com\/#organization"},"articleSection":["Ganaderia","Noticias"],"inLanguage":"es"},{"@type":"WebPage","@id":"https:\/\/cambioagropecuario.com\/index.php\/2022\/04\/15\/la-provincia-de-corrientes-vuelve-a-exportar-carne-ovina-luego-de-mas-de-30-anos\/","url":"https:\/\/cambioagropecuario.com\/index.php\/2022\/04\/15\/la-provincia-de-corrientes-vuelve-a-exportar-carne-ovina-luego-de-mas-de-30-anos\/","name":"La provincia de Corrientes vuelve a exportar carne ovina luego de m\u00e1s de 30 a\u00f1os - Cambio Agropecuario","isPartOf":{"@id":"https:\/\/cambioagropecuario.com\/#website"},"datePublished":"2022-04-15T03:50:48+00:00","dateModified":"2022-04-15T03:50:50+00:00","breadcrumb":{"@id":"https:\/\/cambioagropecuario.com\/index.php\/2022\/04\/15\/la-provincia-de-corrientes-vuelve-a-exportar-carne-ovina-luego-de-mas-de-30-anos\/#breadcrumb"},"inLanguage":"es","potentialAction":[{"@type":"ReadAction","target":["https:\/\/cambioagropecuario.com\/index.php\/2022\/04\/15\/la-provincia-de-corrientes-vuelve-a-exportar-carne-ovina-luego-de-mas-de-30-anos\/"]}]},{"@type":"BreadcrumbList","@id":"https:\/\/cambioagropecuario.com\/index.php\/2022\/04\/15\/la-provincia-de-corrientes-vuelve-a-exportar-carne-ovina-luego-de-mas-de-30-anos\/#breadcrumb","itemListElement":[{"@type":"ListItem","position":1,"name":"Portada","item":"https:\/\/cambioagropecuario.com\/"},{"@type":"ListItem","position":2,"name":"La provincia de Corrientes vuelve a exportar carne ovina luego de m\u00e1s de 30 a\u00f1os"}]},{"@type":"WebSite","@id":"https:\/\/cambioagropecuario.com\/#website","url":"https:\/\/cambioagropecuario.com\/","name":"Cambio Agropecuario","description":"Cambio Agropecuario es un portal de informaci\u00f3n objetiva y veraz del sector Agroproductivo de la Rep\u00fablica Argentina. Lejos de nuestro esp\u00edritu est\u00e1 el hecho de publicar noticias con un sesgo pol\u00edtico que no contribuya a enaltecer el desarrollo de las producciones agr\u00edcolas y pecuarias. Publicamos en libertad, sin presi\u00f3n de corporaci\u00f3n medi\u00e1tica alguna, ni de intereses econ\u00f3micos y pol\u00edticos. Las experiencias productivas ser\u00e1n una constante en este portal, porque nos interesa mostrar las iniciativas que llevan adelante los emprendedores y que son dignas de replicar en alguna latitud de nuestro pa\u00eds.","publisher":{"@id":"https:\/\/cambioagropecuario.com\/#organization"},"potentialAction":[{"@type":"SearchAction","target":{"@type":"EntryPoint","urlTemplate":"https:\/\/cambioagropecuario.com\/?s={search_term_string}"},"query-input":"required name=search_term_string"}],"inLanguage":"es"},{"@type":"Organization","@id":"https:\/\/cambioagropecuario.com\/#organization","name":"Cambio Agropecuario","url":"https:\/\/cambioagropecuario.com\/","logo":{"@type":"ImageObject","inLanguage":"es","@id":"https:\/\/cambioagropecuario.com\/#\/schema\/logo\/image\/","url":"https:\/\/cambioagropecuario.com\/wp-content\/uploads\/2021\/11\/cropped-Sin-titulo-1-1.png","contentUrl":"https:\/\/cambioagropecuario.com\/wp-content\/uploads\/2021\/11\/cropped-Sin-titulo-1-1.png","width":512,"height":512,"caption":"Cambio Agropecuario"},"image":{"@id":"https:\/\/cambioagropecuario.com\/#\/schema\/logo\/image\/"},"sameAs":["https:\/\/www.facebook.com\/cambio.agropecuario","https:\/\/www.youtube.com\/user\/cambioagropecuariotv"]},{"@type":"Person","@id":"https:\/\/cambioagropecuario.com\/#\/schema\/person\/24cfd493eaf12ce5568e4f89cfaa3b8a","name":"Jorge Lopez","image":{"@type":"ImageObject","inLanguage":"es","@id":"https:\/\/cambioagropecuario.com\/#\/schema\/person\/image\/","url":"https:\/\/secure.gravatar.com\/avatar\/775b1c76ac22bc240f9c49041d7dc067?s=96&d=mm&r=g","contentUrl":"https:\/\/secure.gravatar.com\/avatar\/775b1c76ac22bc240f9c49041d7dc067?s=96&d=mm&r=g","caption":"Jorge Lopez"},"url":"https:\/\/cambioagropecuario.com\/index.php\/author\/jorge\/"}]}},"jetpack_sharing_enabled":true,"featured_image_urls":{"full":["https:\/\/i0.wp.com\/cambioagropecuario.com\/wp-content\/uploads\/2022\/04\/Carne-Ovina-01.jpg?fit=1920%2C1080&ssl=1",1920,1080,false],"thumbnail":["https:\/\/i0.wp.com\/cambioagropecuario.com\/wp-content\/uploads\/2022\/04\/Carne-Ovina-01.jpg?resize=150%2C150&ssl=1",150,150,true],"medium":["https:\/\/i0.wp.com\/cambioagropecuario.com\/wp-content\/uploads\/2022\/04\/Carne-Ovina-01.jpg?fit=300%2C169&ssl=1",300,169,true],"medium_large":["https:\/\/i0.wp.com\/cambioagropecuario.com\/wp-content\/uploads\/2022\/04\/Carne-Ovina-01.jpg?fit=768%2C432&ssl=1",768,432,true],"large":["https:\/\/i0.wp.com\/cambioagropecuario.com\/wp-content\/uploads\/2022\/04\/Carne-Ovina-01.jpg?fit=800%2C450&ssl=1",800,450,true],"1536x1536":["https:\/\/i0.wp.com\/cambioagropecuario.com\/wp-content\/uploads\/2022\/04\/Carne-Ovina-01.jpg?fit=1536%2C864&ssl=1",1536,864,true],"2048x2048":["https:\/\/i0.wp.com\/cambioagropecuario.com\/wp-content\/uploads\/2022\/04\/Carne-Ovina-01.jpg?fit=1920%2C1080&ssl=1",1920,1080,true]},"author_info":{"display_name":"Jorge Lopez","author_link":"https:\/\/cambioagropecuario.com\/index.php\/author\/jorge\/"},"category_info":"<a href=\"https:\/\/cambioagropecuario.com\/index.php\/category\/ganaderia\/\" rel=\"category tag\">Ganaderia<\/a> <a href=\"https:\/\/cambioagropecuario.com\/index.php\/category\/noticias\/\" rel=\"category tag\">Noticias<\/a>","tag_info":"Noticias","comment_count":"0","jetpack_featured_media_url":"https:\/\/i0.wp.com\/cambioagropecuario.com\/wp-content\/uploads\/2022\/04\/Carne-Ovina-01.jpg?fit=1920%2C1080&ssl=1","_links":{"self":[{"href":"https:\/\/cambioagropecuario.com\/index.php\/wp-json\/wp\/v2\/posts\/845","targetHints":{"allow":["GET"]}}],"collection":[{"href":"https:\/\/cambioagropecuario.com\/index.php\/wp-json\/wp\/v2\/posts"}],"about":[{"href":"https:\/\/cambioagropecuario.com\/index.php\/wp-json\/wp\/v2\/types\/post"}],"author":[{"embeddable":true,"href":"https:\/\/cambioagropecuario.com\/index.php\/wp-json\/wp\/v2\/users\/2"}],"replies":[{"embeddable":true,"href":"https:\/\/cambioagropecuario.com\/index.php\/wp-json\/wp\/v2\/comments?post=845"}],"version-history":[{"count":1,"href":"https:\/\/cambioagropecuario.com\/index.php\/wp-json\/wp\/v2\/posts\/845\/revisions"}],"predecessor-version":[{"id":849,"href":"https:\/\/cambioagropecuario.com\/index.php\/wp-json\/wp\/v2\/posts\/845\/revisions\/849"}],"wp:featuredmedia":[{"embeddable":true,"href":"https:\/\/cambioagropecuario.com\/index.php\/wp-json\/wp\/v2\/media\/848"}],"wp:attachment":[{"href":"https:\/\/cambioagropecuario.com\/index.php\/wp-json\/wp\/v2\/media?parent=845"}],"wp:term":[{"taxonomy":"category","embeddable":true,"href":"https:\/\/cambioagropecuario.com\/index.php\/wp-json\/wp\/v2\/categories?post=845"},{"taxonomy":"post_tag","embeddable":true,"href":"https:\/\/cambioagropecuario.com\/index.php\/wp-json\/wp\/v2\/tags?post=845"}],"curies":[{"name":"wp","href":"https:\/\/api.w.org\/{rel}","templated":true}]}}