{"id":702,"date":"2022-03-26T03:05:42","date_gmt":"2022-03-26T03:05:42","guid":{"rendered":"https:\/\/cambioagropecuario.com\/?p=702"},"modified":"2022-03-26T03:05:44","modified_gmt":"2022-03-26T03:05:44","slug":"santiago-del-estero-buscan-homologar-la-declaracion-de-emergencia-agropecuaria-por-sequia","status":"publish","type":"post","link":"https:\/\/cambioagropecuario.com\/index.php\/2022\/03\/26\/santiago-del-estero-buscan-homologar-la-declaracion-de-emergencia-agropecuaria-por-sequia\/","title":{"rendered":"Santiago del Estero: Buscan homologar la declaraci\u00f3n de Emergencia Agropecuaria por Sequ\u00eda"},"content":{"rendered":"\n<p class=\"has-medium-font-size\">As\u00ed lo inform\u00f3 este viernes el Ministerio de Agricultura, Ganader\u00eda y Pesca en un comunicado, en lo que constituye el paso previo a la declaraci\u00f3n formal de la emergencia y\/o desastre agropecuario a trav\u00e9s de un decreto a publicar en el Bolet\u00edn Oficial.<\/p>\n\n\n\n<figure class=\"wp-block-image size-large\"><img loading=\"lazy\" decoding=\"async\" width=\"800\" height=\"450\" src=\"https:\/\/i0.wp.com\/cambioagropecuario.com\/wp-content\/uploads\/2022\/03\/Soja-Sequia-05.jpg?resize=800%2C450&#038;ssl=1\" alt=\"\" class=\"wp-image-703\" srcset=\"https:\/\/i0.wp.com\/cambioagropecuario.com\/wp-content\/uploads\/2022\/03\/Soja-Sequia-05.jpg?resize=1024%2C576&amp;ssl=1 1024w, https:\/\/i0.wp.com\/cambioagropecuario.com\/wp-content\/uploads\/2022\/03\/Soja-Sequia-05.jpg?resize=300%2C169&amp;ssl=1 300w, https:\/\/i0.wp.com\/cambioagropecuario.com\/wp-content\/uploads\/2022\/03\/Soja-Sequia-05.jpg?resize=768%2C432&amp;ssl=1 768w, https:\/\/i0.wp.com\/cambioagropecuario.com\/wp-content\/uploads\/2022\/03\/Soja-Sequia-05.jpg?resize=1536%2C864&amp;ssl=1 1536w, https:\/\/i0.wp.com\/cambioagropecuario.com\/wp-content\/uploads\/2022\/03\/Soja-Sequia-05.jpg?w=1920&amp;ssl=1 1920w, https:\/\/i0.wp.com\/cambioagropecuario.com\/wp-content\/uploads\/2022\/03\/Soja-Sequia-05.jpg?w=1600&amp;ssl=1 1600w\" sizes=\"auto, (max-width: 800px) 100vw, 800px\" data-recalc-dims=\"1\" \/><figcaption>Las actividades productivas seriamente afectadas en Santiago del Estero (Foto Ilustrativa)<\/figcaption><\/figure>\n\n\n\n<p>La Comisi\u00f3n Nacional de Emergencias y Desastres Agropecuarios (Cneyda) recomend\u00f3 homologar el estado de emergencia en la Provincia de Santiago del Estero, para las explotaciones rurales afectadas por la sequ\u00eda.<br>As\u00ed lo inform\u00f3 este viernes el Ministerio de Agricultura, Ganader\u00eda y Pesca en un comunicado, en lo que constituye el paso previo a la declaraci\u00f3n formal de la emergencia y\/o desastre agropecuario a trav\u00e9s de un decreto a publicar en el Bolet\u00edn Oficial.<br><strong>La Comisi\u00f3n homolog\u00f3 el decreto provincial del gobernador Gerardo Zamora, que fij\u00f3 el per\u00edodo de emergencia y\/o desastre agropecuario durante doce meses, desde el 1\u00ba de febrero de 2022 hasta 31 de enero de 2023.<\/strong><br>El estado de emergencia implica la postergaci\u00f3n del pago de impuestos (nacionales o provinciales, seg\u00fan la jurisdicci\u00f3n que dicte la norma) y el de desastre su eximici\u00f3n.<br><strong>La reuni\u00f3n virtual fue convocada por el ministro Juli\u00e1n Dom\u00ednguez para analizar la situaci\u00f3n de las explotaciones de \u00abganado mayor y menor, de carne y leche y de alfalfa, algod\u00f3n, sorgo, ma\u00edz, girasol, pasturas, ap\u00edcolas, frutihort\u00edcolas, en todo el territorio de la Provincia de Santiago del Estero, que est\u00e1n afectadas por la sequ\u00eda\u00bb, indic\u00f3 Agricultura.<\/strong><\/p>\n\n\n\n<figure class=\"wp-block-image size-large\"><img loading=\"lazy\" decoding=\"async\" width=\"800\" height=\"450\" src=\"https:\/\/i0.wp.com\/cambioagropecuario.com\/wp-content\/uploads\/2022\/03\/Maiz-Sequia-02.jpg?resize=800%2C450&#038;ssl=1\" alt=\"\" class=\"wp-image-704\" srcset=\"https:\/\/i0.wp.com\/cambioagropecuario.com\/wp-content\/uploads\/2022\/03\/Maiz-Sequia-02.jpg?resize=1024%2C576&amp;ssl=1 1024w, https:\/\/i0.wp.com\/cambioagropecuario.com\/wp-content\/uploads\/2022\/03\/Maiz-Sequia-02.jpg?resize=300%2C169&amp;ssl=1 300w, https:\/\/i0.wp.com\/cambioagropecuario.com\/wp-content\/uploads\/2022\/03\/Maiz-Sequia-02.jpg?resize=768%2C432&amp;ssl=1 768w, https:\/\/i0.wp.com\/cambioagropecuario.com\/wp-content\/uploads\/2022\/03\/Maiz-Sequia-02.jpg?resize=1536%2C864&amp;ssl=1 1536w, https:\/\/i0.wp.com\/cambioagropecuario.com\/wp-content\/uploads\/2022\/03\/Maiz-Sequia-02.jpg?w=1920&amp;ssl=1 1920w, https:\/\/i0.wp.com\/cambioagropecuario.com\/wp-content\/uploads\/2022\/03\/Maiz-Sequia-02.jpg?w=1600&amp;ssl=1 1600w\" sizes=\"auto, (max-width: 800px) 100vw, 800px\" data-recalc-dims=\"1\" \/><\/figure>\n\n\n\n<p>La provincia estuvo representada en forma remota por el director general de Agricultura, Wilson Michelini; y los representantes del programa Procarne, Jos\u00e9 Guillerm\u00f3n, y de la Junta de Algod\u00f3n, Guillermo Brim.<br>Tambi\u00e9n participaron los representantes de las entidades agropecuarias Elvio Gu\u00eda (Federaci\u00f3n Agraria Argentina); Silvina Campos Carl\u00e9s (Confederaci\u00f3n Intercooperativa Agropecuaria), Pablo Ginestet (Confederaciones Rurales Argentinas), Tom\u00e1s Palaz\u00f3n (Sociedad Rural Argentina) y Pablo Vernengo (Confederaci\u00f3n Argentina de la Mediana Empresa).<br><strong>Al respecto, Vernengo se\u00f1al\u00f3 su preocupaci\u00f3n por la producci\u00f3n frutihort\u00edcola y ap\u00edcola, al tiempo que destac\u00f3 la importancia de la producci\u00f3n de calabazas, zapallos, zapallitos y sand\u00edas en Santiago del Estero.<\/strong><br>En ese sentido, indic\u00f3 que la escasez de calabazas en los principales centros de consumo est\u00e1 precisamente relacionada con la sequ\u00eda en la provincia.<\/p>\n\n\n\n<p>Fuente: Ministerio de Agricultura Ganader\u00eda y Pesca<\/p>\n","protected":false},"excerpt":{"rendered":"<p>As\u00ed lo inform\u00f3 este viernes el Ministerio de Agricultura, Ganader\u00eda y Pesca en un comunicado, en lo que constituye el paso previo a la declaraci\u00f3n formal de la emergencia y\/o desastre agropecuario a trav\u00e9s de un decreto a publicar en el Bolet\u00edn Oficial. La Comisi\u00f3n Nacional de Emergencias y Desastres Agropecuarios (Cneyda) recomend\u00f3 homologar el [&hellip;]<\/p>\n","protected":false},"author":2,"featured_media":705,"comment_status":"closed","ping_status":"open","sticky":false,"template":"","format":"standard","meta":{"footnotes":""},"categories":[9,18],"tags":[],"class_list":["post-702","post","type-post","status-publish","format-standard","has-post-thumbnail","hentry","category-agricultura","category-noticias"],"yoast_head":"<!-- This site is optimized with the Yoast SEO plugin v21.6 - https:\/\/yoast.com\/wordpress\/plugins\/seo\/ -->\n<title>Santiago del Estero: Buscan homologar la declaraci\u00f3n de Emergencia Agropecuaria por Sequ\u00eda - Cambio Agropecuario<\/title>\n<meta name=\"robots\" content=\"index, follow, max-snippet:-1, max-image-preview:large, max-video-preview:-1\" \/>\n<link rel=\"canonical\" href=\"https:\/\/cambioagropecuario.com\/index.php\/2022\/03\/26\/santiago-del-estero-buscan-homologar-la-declaracion-de-emergencia-agropecuaria-por-sequia\/\" \/>\n<meta property=\"og:locale\" content=\"es_ES\" \/>\n<meta property=\"og:type\" content=\"article\" \/>\n<meta property=\"og:title\" content=\"Santiago del Estero: Buscan homologar la declaraci\u00f3n de Emergencia Agropecuaria por Sequ\u00eda - Cambio Agropecuario\" \/>\n<meta property=\"og:description\" content=\"As\u00ed lo inform\u00f3 este viernes el Ministerio de Agricultura, Ganader\u00eda y Pesca en un comunicado, en lo que constituye el paso previo a la declaraci\u00f3n formal de la emergencia y\/o desastre agropecuario a trav\u00e9s de un decreto a publicar en el Bolet\u00edn Oficial. La Comisi\u00f3n Nacional de Emergencias y Desastres Agropecuarios (Cneyda) recomend\u00f3 homologar el [&hellip;]\" \/>\n<meta property=\"og:url\" content=\"https:\/\/cambioagropecuario.com\/index.php\/2022\/03\/26\/santiago-del-estero-buscan-homologar-la-declaracion-de-emergencia-agropecuaria-por-sequia\/\" \/>\n<meta property=\"og:site_name\" content=\"Cambio Agropecuario\" \/>\n<meta property=\"article:publisher\" content=\"https:\/\/www.facebook.com\/cambio.agropecuario\" \/>\n<meta property=\"article:published_time\" content=\"2022-03-26T03:05:42+00:00\" \/>\n<meta property=\"article:modified_time\" content=\"2022-03-26T03:05:44+00:00\" \/>\n<meta property=\"og:image\" content=\"https:\/\/cambioagropecuario.com\/wp-content\/uploads\/2022\/03\/Soja-Sequia-03.jpg\" \/>\n\t<meta property=\"og:image:width\" content=\"1920\" \/>\n\t<meta property=\"og:image:height\" content=\"1080\" \/>\n\t<meta property=\"og:image:type\" content=\"image\/jpeg\" \/>\n<meta name=\"author\" content=\"Jorge Lopez\" \/>\n<meta name=\"twitter:card\" content=\"summary_large_image\" \/>\n<meta name=\"twitter:label1\" content=\"Escrito por\" \/>\n\t<meta name=\"twitter:data1\" content=\"Jorge Lopez\" \/>\n\t<meta name=\"twitter:label2\" content=\"Tiempo de lectura\" \/>\n\t<meta name=\"twitter:data2\" content=\"3 minutos\" \/>\n<script type=\"application\/ld+json\" class=\"yoast-schema-graph\">{\"@context\":\"https:\/\/schema.org\",\"@graph\":[{\"@type\":\"Article\",\"@id\":\"https:\/\/cambioagropecuario.com\/index.php\/2022\/03\/26\/santiago-del-estero-buscan-homologar-la-declaracion-de-emergencia-agropecuaria-por-sequia\/#article\",\"isPartOf\":{\"@id\":\"https:\/\/cambioagropecuario.com\/index.php\/2022\/03\/26\/santiago-del-estero-buscan-homologar-la-declaracion-de-emergencia-agropecuaria-por-sequia\/\"},\"author\":{\"name\":\"Jorge Lopez\",\"@id\":\"https:\/\/cambioagropecuario.com\/#\/schema\/person\/24cfd493eaf12ce5568e4f89cfaa3b8a\"},\"headline\":\"Santiago del Estero: Buscan homologar la declaraci\u00f3n de Emergencia Agropecuaria por Sequ\u00eda\",\"datePublished\":\"2022-03-26T03:05:42+00:00\",\"dateModified\":\"2022-03-26T03:05:44+00:00\",\"mainEntityOfPage\":{\"@id\":\"https:\/\/cambioagropecuario.com\/index.php\/2022\/03\/26\/santiago-del-estero-buscan-homologar-la-declaracion-de-emergencia-agropecuaria-por-sequia\/\"},\"wordCount\":433,\"publisher\":{\"@id\":\"https:\/\/cambioagropecuario.com\/#organization\"},\"articleSection\":[\"Agricultura\",\"Noticias\"],\"inLanguage\":\"es\"},{\"@type\":\"WebPage\",\"@id\":\"https:\/\/cambioagropecuario.com\/index.php\/2022\/03\/26\/santiago-del-estero-buscan-homologar-la-declaracion-de-emergencia-agropecuaria-por-sequia\/\",\"url\":\"https:\/\/cambioagropecuario.com\/index.php\/2022\/03\/26\/santiago-del-estero-buscan-homologar-la-declaracion-de-emergencia-agropecuaria-por-sequia\/\",\"name\":\"Santiago del Estero: Buscan homologar la declaraci\u00f3n de Emergencia Agropecuaria por Sequ\u00eda - Cambio Agropecuario\",\"isPartOf\":{\"@id\":\"https:\/\/cambioagropecuario.com\/#website\"},\"datePublished\":\"2022-03-26T03:05:42+00:00\",\"dateModified\":\"2022-03-26T03:05:44+00:00\",\"breadcrumb\":{\"@id\":\"https:\/\/cambioagropecuario.com\/index.php\/2022\/03\/26\/santiago-del-estero-buscan-homologar-la-declaracion-de-emergencia-agropecuaria-por-sequia\/#breadcrumb\"},\"inLanguage\":\"es\",\"potentialAction\":[{\"@type\":\"ReadAction\",\"target\":[\"https:\/\/cambioagropecuario.com\/index.php\/2022\/03\/26\/santiago-del-estero-buscan-homologar-la-declaracion-de-emergencia-agropecuaria-por-sequia\/\"]}]},{\"@type\":\"BreadcrumbList\",\"@id\":\"https:\/\/cambioagropecuario.com\/index.php\/2022\/03\/26\/santiago-del-estero-buscan-homologar-la-declaracion-de-emergencia-agropecuaria-por-sequia\/#breadcrumb\",\"itemListElement\":[{\"@type\":\"ListItem\",\"position\":1,\"name\":\"Portada\",\"item\":\"https:\/\/cambioagropecuario.com\/\"},{\"@type\":\"ListItem\",\"position\":2,\"name\":\"Santiago del Estero: Buscan homologar la declaraci\u00f3n de Emergencia Agropecuaria por Sequ\u00eda\"}]},{\"@type\":\"WebSite\",\"@id\":\"https:\/\/cambioagropecuario.com\/#website\",\"url\":\"https:\/\/cambioagropecuario.com\/\",\"name\":\"Cambio Agropecuario\",\"description\":\"Cambio Agropecuario es un portal de informaci\u00f3n objetiva y veraz del sector Agroproductivo de la Rep\u00fablica Argentina. Lejos de nuestro esp\u00edritu est\u00e1 el hecho de publicar noticias con un sesgo pol\u00edtico que no contribuya a enaltecer el desarrollo de las producciones agr\u00edcolas y pecuarias. Publicamos en libertad, sin presi\u00f3n de corporaci\u00f3n medi\u00e1tica alguna, ni de intereses econ\u00f3micos y pol\u00edticos. Las experiencias productivas ser\u00e1n una constante en este portal, porque nos interesa mostrar las iniciativas que llevan adelante los emprendedores y que son dignas de replicar en alguna latitud de nuestro pa\u00eds.\",\"publisher\":{\"@id\":\"https:\/\/cambioagropecuario.com\/#organization\"},\"potentialAction\":[{\"@type\":\"SearchAction\",\"target\":{\"@type\":\"EntryPoint\",\"urlTemplate\":\"https:\/\/cambioagropecuario.com\/?s={search_term_string}\"},\"query-input\":\"required name=search_term_string\"}],\"inLanguage\":\"es\"},{\"@type\":\"Organization\",\"@id\":\"https:\/\/cambioagropecuario.com\/#organization\",\"name\":\"Cambio Agropecuario\",\"url\":\"https:\/\/cambioagropecuario.com\/\",\"logo\":{\"@type\":\"ImageObject\",\"inLanguage\":\"es\",\"@id\":\"https:\/\/cambioagropecuario.com\/#\/schema\/logo\/image\/\",\"url\":\"https:\/\/cambioagropecuario.com\/wp-content\/uploads\/2021\/11\/cropped-Sin-titulo-1-1.png\",\"contentUrl\":\"https:\/\/cambioagropecuario.com\/wp-content\/uploads\/2021\/11\/cropped-Sin-titulo-1-1.png\",\"width\":512,\"height\":512,\"caption\":\"Cambio Agropecuario\"},\"image\":{\"@id\":\"https:\/\/cambioagropecuario.com\/#\/schema\/logo\/image\/\"},\"sameAs\":[\"https:\/\/www.facebook.com\/cambio.agropecuario\",\"https:\/\/www.youtube.com\/user\/cambioagropecuariotv\"]},{\"@type\":\"Person\",\"@id\":\"https:\/\/cambioagropecuario.com\/#\/schema\/person\/24cfd493eaf12ce5568e4f89cfaa3b8a\",\"name\":\"Jorge Lopez\",\"image\":{\"@type\":\"ImageObject\",\"inLanguage\":\"es\",\"@id\":\"https:\/\/cambioagropecuario.com\/#\/schema\/person\/image\/\",\"url\":\"https:\/\/secure.gravatar.com\/avatar\/775b1c76ac22bc240f9c49041d7dc067?s=96&d=mm&r=g\",\"contentUrl\":\"https:\/\/secure.gravatar.com\/avatar\/775b1c76ac22bc240f9c49041d7dc067?s=96&d=mm&r=g\",\"caption\":\"Jorge Lopez\"},\"url\":\"https:\/\/cambioagropecuario.com\/index.php\/author\/jorge\/\"}]}<\/script>\n<!-- \/ Yoast SEO plugin. -->","yoast_head_json":{"title":"Santiago del Estero: Buscan homologar la declaraci\u00f3n de Emergencia Agropecuaria por Sequ\u00eda - Cambio Agropecuario","robots":{"index":"index","follow":"follow","max-snippet":"max-snippet:-1","max-image-preview":"max-image-preview:large","max-video-preview":"max-video-preview:-1"},"canonical":"https:\/\/cambioagropecuario.com\/index.php\/2022\/03\/26\/santiago-del-estero-buscan-homologar-la-declaracion-de-emergencia-agropecuaria-por-sequia\/","og_locale":"es_ES","og_type":"article","og_title":"Santiago del Estero: Buscan homologar la declaraci\u00f3n de Emergencia Agropecuaria por Sequ\u00eda - Cambio Agropecuario","og_description":"As\u00ed lo inform\u00f3 este viernes el Ministerio de Agricultura, Ganader\u00eda y Pesca en un comunicado, en lo que constituye el paso previo a la declaraci\u00f3n formal de la emergencia y\/o desastre agropecuario a trav\u00e9s de un decreto a publicar en el Bolet\u00edn Oficial. La Comisi\u00f3n Nacional de Emergencias y Desastres Agropecuarios (Cneyda) recomend\u00f3 homologar el [&hellip;]","og_url":"https:\/\/cambioagropecuario.com\/index.php\/2022\/03\/26\/santiago-del-estero-buscan-homologar-la-declaracion-de-emergencia-agropecuaria-por-sequia\/","og_site_name":"Cambio Agropecuario","article_publisher":"https:\/\/www.facebook.com\/cambio.agropecuario","article_published_time":"2022-03-26T03:05:42+00:00","article_modified_time":"2022-03-26T03:05:44+00:00","og_image":[{"width":1920,"height":1080,"url":"https:\/\/cambioagropecuario.com\/wp-content\/uploads\/2022\/03\/Soja-Sequia-03.jpg","type":"image\/jpeg"}],"author":"Jorge Lopez","twitter_card":"summary_large_image","twitter_misc":{"Escrito por":"Jorge Lopez","Tiempo de lectura":"3 minutos"},"schema":{"@context":"https:\/\/schema.org","@graph":[{"@type":"Article","@id":"https:\/\/cambioagropecuario.com\/index.php\/2022\/03\/26\/santiago-del-estero-buscan-homologar-la-declaracion-de-emergencia-agropecuaria-por-sequia\/#article","isPartOf":{"@id":"https:\/\/cambioagropecuario.com\/index.php\/2022\/03\/26\/santiago-del-estero-buscan-homologar-la-declaracion-de-emergencia-agropecuaria-por-sequia\/"},"author":{"name":"Jorge Lopez","@id":"https:\/\/cambioagropecuario.com\/#\/schema\/person\/24cfd493eaf12ce5568e4f89cfaa3b8a"},"headline":"Santiago del Estero: Buscan homologar la declaraci\u00f3n de Emergencia Agropecuaria por Sequ\u00eda","datePublished":"2022-03-26T03:05:42+00:00","dateModified":"2022-03-26T03:05:44+00:00","mainEntityOfPage":{"@id":"https:\/\/cambioagropecuario.com\/index.php\/2022\/03\/26\/santiago-del-estero-buscan-homologar-la-declaracion-de-emergencia-agropecuaria-por-sequia\/"},"wordCount":433,"publisher":{"@id":"https:\/\/cambioagropecuario.com\/#organization"},"articleSection":["Agricultura","Noticias"],"inLanguage":"es"},{"@type":"WebPage","@id":"https:\/\/cambioagropecuario.com\/index.php\/2022\/03\/26\/santiago-del-estero-buscan-homologar-la-declaracion-de-emergencia-agropecuaria-por-sequia\/","url":"https:\/\/cambioagropecuario.com\/index.php\/2022\/03\/26\/santiago-del-estero-buscan-homologar-la-declaracion-de-emergencia-agropecuaria-por-sequia\/","name":"Santiago del Estero: Buscan homologar la declaraci\u00f3n de Emergencia Agropecuaria por Sequ\u00eda - Cambio Agropecuario","isPartOf":{"@id":"https:\/\/cambioagropecuario.com\/#website"},"datePublished":"2022-03-26T03:05:42+00:00","dateModified":"2022-03-26T03:05:44+00:00","breadcrumb":{"@id":"https:\/\/cambioagropecuario.com\/index.php\/2022\/03\/26\/santiago-del-estero-buscan-homologar-la-declaracion-de-emergencia-agropecuaria-por-sequia\/#breadcrumb"},"inLanguage":"es","potentialAction":[{"@type":"ReadAction","target":["https:\/\/cambioagropecuario.com\/index.php\/2022\/03\/26\/santiago-del-estero-buscan-homologar-la-declaracion-de-emergencia-agropecuaria-por-sequia\/"]}]},{"@type":"BreadcrumbList","@id":"https:\/\/cambioagropecuario.com\/index.php\/2022\/03\/26\/santiago-del-estero-buscan-homologar-la-declaracion-de-emergencia-agropecuaria-por-sequia\/#breadcrumb","itemListElement":[{"@type":"ListItem","position":1,"name":"Portada","item":"https:\/\/cambioagropecuario.com\/"},{"@type":"ListItem","position":2,"name":"Santiago del Estero: Buscan homologar la declaraci\u00f3n de Emergencia Agropecuaria por Sequ\u00eda"}]},{"@type":"WebSite","@id":"https:\/\/cambioagropecuario.com\/#website","url":"https:\/\/cambioagropecuario.com\/","name":"Cambio Agropecuario","description":"Cambio Agropecuario es un portal de informaci\u00f3n objetiva y veraz del sector Agroproductivo de la Rep\u00fablica Argentina. Lejos de nuestro esp\u00edritu est\u00e1 el hecho de publicar noticias con un sesgo pol\u00edtico que no contribuya a enaltecer el desarrollo de las producciones agr\u00edcolas y pecuarias. Publicamos en libertad, sin presi\u00f3n de corporaci\u00f3n medi\u00e1tica alguna, ni de intereses econ\u00f3micos y pol\u00edticos. Las experiencias productivas ser\u00e1n una constante en este portal, porque nos interesa mostrar las iniciativas que llevan adelante los emprendedores y que son dignas de replicar en alguna latitud de nuestro pa\u00eds.","publisher":{"@id":"https:\/\/cambioagropecuario.com\/#organization"},"potentialAction":[{"@type":"SearchAction","target":{"@type":"EntryPoint","urlTemplate":"https:\/\/cambioagropecuario.com\/?s={search_term_string}"},"query-input":"required name=search_term_string"}],"inLanguage":"es"},{"@type":"Organization","@id":"https:\/\/cambioagropecuario.com\/#organization","name":"Cambio Agropecuario","url":"https:\/\/cambioagropecuario.com\/","logo":{"@type":"ImageObject","inLanguage":"es","@id":"https:\/\/cambioagropecuario.com\/#\/schema\/logo\/image\/","url":"https:\/\/cambioagropecuario.com\/wp-content\/uploads\/2021\/11\/cropped-Sin-titulo-1-1.png","contentUrl":"https:\/\/cambioagropecuario.com\/wp-content\/uploads\/2021\/11\/cropped-Sin-titulo-1-1.png","width":512,"height":512,"caption":"Cambio Agropecuario"},"image":{"@id":"https:\/\/cambioagropecuario.com\/#\/schema\/logo\/image\/"},"sameAs":["https:\/\/www.facebook.com\/cambio.agropecuario","https:\/\/www.youtube.com\/user\/cambioagropecuariotv"]},{"@type":"Person","@id":"https:\/\/cambioagropecuario.com\/#\/schema\/person\/24cfd493eaf12ce5568e4f89cfaa3b8a","name":"Jorge Lopez","image":{"@type":"ImageObject","inLanguage":"es","@id":"https:\/\/cambioagropecuario.com\/#\/schema\/person\/image\/","url":"https:\/\/secure.gravatar.com\/avatar\/775b1c76ac22bc240f9c49041d7dc067?s=96&d=mm&r=g","contentUrl":"https:\/\/secure.gravatar.com\/avatar\/775b1c76ac22bc240f9c49041d7dc067?s=96&d=mm&r=g","caption":"Jorge Lopez"},"url":"https:\/\/cambioagropecuario.com\/index.php\/author\/jorge\/"}]}},"jetpack_sharing_enabled":true,"featured_image_urls":{"full":["https:\/\/i0.wp.com\/cambioagropecuario.com\/wp-content\/uploads\/2022\/03\/Soja-Sequia-03.jpg?fit=1920%2C1080&ssl=1",1920,1080,false],"thumbnail":["https:\/\/i0.wp.com\/cambioagropecuario.com\/wp-content\/uploads\/2022\/03\/Soja-Sequia-03.jpg?resize=150%2C150&ssl=1",150,150,true],"medium":["https:\/\/i0.wp.com\/cambioagropecuario.com\/wp-content\/uploads\/2022\/03\/Soja-Sequia-03.jpg?fit=300%2C169&ssl=1",300,169,true],"medium_large":["https:\/\/i0.wp.com\/cambioagropecuario.com\/wp-content\/uploads\/2022\/03\/Soja-Sequia-03.jpg?fit=768%2C432&ssl=1",768,432,true],"large":["https:\/\/i0.wp.com\/cambioagropecuario.com\/wp-content\/uploads\/2022\/03\/Soja-Sequia-03.jpg?fit=800%2C450&ssl=1",800,450,true],"1536x1536":["https:\/\/i0.wp.com\/cambioagropecuario.com\/wp-content\/uploads\/2022\/03\/Soja-Sequia-03.jpg?fit=1536%2C864&ssl=1",1536,864,true],"2048x2048":["https:\/\/i0.wp.com\/cambioagropecuario.com\/wp-content\/uploads\/2022\/03\/Soja-Sequia-03.jpg?fit=1920%2C1080&ssl=1",1920,1080,true]},"author_info":{"display_name":"Jorge Lopez","author_link":"https:\/\/cambioagropecuario.com\/index.php\/author\/jorge\/"},"category_info":"<a href=\"https:\/\/cambioagropecuario.com\/index.php\/category\/agricultura\/\" rel=\"category tag\">Agricultura<\/a> <a href=\"https:\/\/cambioagropecuario.com\/index.php\/category\/noticias\/\" rel=\"category tag\">Noticias<\/a>","tag_info":"Noticias","comment_count":"0","jetpack_featured_media_url":"https:\/\/i0.wp.com\/cambioagropecuario.com\/wp-content\/uploads\/2022\/03\/Soja-Sequia-03.jpg?fit=1920%2C1080&ssl=1","_links":{"self":[{"href":"https:\/\/cambioagropecuario.com\/index.php\/wp-json\/wp\/v2\/posts\/702","targetHints":{"allow":["GET"]}}],"collection":[{"href":"https:\/\/cambioagropecuario.com\/index.php\/wp-json\/wp\/v2\/posts"}],"about":[{"href":"https:\/\/cambioagropecuario.com\/index.php\/wp-json\/wp\/v2\/types\/post"}],"author":[{"embeddable":true,"href":"https:\/\/cambioagropecuario.com\/index.php\/wp-json\/wp\/v2\/users\/2"}],"replies":[{"embeddable":true,"href":"https:\/\/cambioagropecuario.com\/index.php\/wp-json\/wp\/v2\/comments?post=702"}],"version-history":[{"count":1,"href":"https:\/\/cambioagropecuario.com\/index.php\/wp-json\/wp\/v2\/posts\/702\/revisions"}],"predecessor-version":[{"id":706,"href":"https:\/\/cambioagropecuario.com\/index.php\/wp-json\/wp\/v2\/posts\/702\/revisions\/706"}],"wp:featuredmedia":[{"embeddable":true,"href":"https:\/\/cambioagropecuario.com\/index.php\/wp-json\/wp\/v2\/media\/705"}],"wp:attachment":[{"href":"https:\/\/cambioagropecuario.com\/index.php\/wp-json\/wp\/v2\/media?parent=702"}],"wp:term":[{"taxonomy":"category","embeddable":true,"href":"https:\/\/cambioagropecuario.com\/index.php\/wp-json\/wp\/v2\/categories?post=702"},{"taxonomy":"post_tag","embeddable":true,"href":"https:\/\/cambioagropecuario.com\/index.php\/wp-json\/wp\/v2\/tags?post=702"}],"curies":[{"name":"wp","href":"https:\/\/api.w.org\/{rel}","templated":true}]}}