{"id":652,"date":"2022-03-23T01:29:52","date_gmt":"2022-03-23T01:29:52","guid":{"rendered":"https:\/\/cambioagropecuario.com\/?p=652"},"modified":"2022-03-23T01:29:53","modified_gmt":"2022-03-23T01:29:53","slug":"medidas-preventivas-para-adoptar-contra-la-polilla-de-la-vid-en-epoca-de-cosecha","status":"publish","type":"post","link":"https:\/\/cambioagropecuario.com\/index.php\/2022\/03\/23\/medidas-preventivas-para-adoptar-contra-la-polilla-de-la-vid-en-epoca-de-cosecha\/","title":{"rendered":"Medidas preventivas para adoptar contra la polilla de la vid en \u00e9poca de cosecha"},"content":{"rendered":"\n<p>Las recomendaciones del Senasa son para quienes se dedican a la producci\u00f3n de uva en las provincias de Mendoza y de San Juan.<\/p>\n\n\n\n<figure class=\"wp-block-image size-large\"><img loading=\"lazy\" decoding=\"async\" width=\"800\" height=\"450\" src=\"https:\/\/i0.wp.com\/cambioagropecuario.com\/wp-content\/uploads\/2022\/03\/Lobesia-01.jpg?resize=800%2C450&#038;ssl=1\" alt=\"\" class=\"wp-image-653\" srcset=\"https:\/\/i0.wp.com\/cambioagropecuario.com\/wp-content\/uploads\/2022\/03\/Lobesia-01.jpg?resize=1024%2C576&amp;ssl=1 1024w, https:\/\/i0.wp.com\/cambioagropecuario.com\/wp-content\/uploads\/2022\/03\/Lobesia-01.jpg?resize=300%2C169&amp;ssl=1 300w, https:\/\/i0.wp.com\/cambioagropecuario.com\/wp-content\/uploads\/2022\/03\/Lobesia-01.jpg?resize=768%2C432&amp;ssl=1 768w, https:\/\/i0.wp.com\/cambioagropecuario.com\/wp-content\/uploads\/2022\/03\/Lobesia-01.jpg?resize=1536%2C864&amp;ssl=1 1536w, https:\/\/i0.wp.com\/cambioagropecuario.com\/wp-content\/uploads\/2022\/03\/Lobesia-01.jpg?w=1920&amp;ssl=1 1920w, https:\/\/i0.wp.com\/cambioagropecuario.com\/wp-content\/uploads\/2022\/03\/Lobesia-01.jpg?w=1600&amp;ssl=1 1600w\" sizes=\"auto, (max-width: 800px) 100vw, 800px\" data-recalc-dims=\"1\" \/><figcaption><em><strong>Lobesia botrana<\/strong><\/em>, llamada com\u00fanmente \u201cpolilla de la vid\u201d.<\/figcaption><\/figure>\n\n\n\n<p>Para quienes se dedican a la\u00a0<strong>producci\u00f3n de vid en las provincias de Mendoza y San Juan<\/strong>, el\u00a0<strong>Servicio Nacional de Sanidad y Calidad Agroalimentaria (Senasa)<\/strong>\u00a0recuerda tener en cuenta las\u00a0<strong>medidas preventivas y obligatorias en \u00e9poca de cosecha para evitar la dispersi\u00f3n de la plaga\u00a0<\/strong><em><strong>Lobesia botrana<\/strong><\/em>, llamada com\u00fanmente \u201cpolilla de la vid\u201d.<\/p>\n\n\n\n<p>La&nbsp;<strong>maquinaria, recipientes y transporte utilizados<\/strong>&nbsp;en la cosecha, poda y molienda de vid&nbsp;<strong>deben circular limpios y sin restos de material vegetal<\/strong>, asegurando que ingresen y egresen de los establecimientos productivos, en condiciones.<\/p>\n\n\n\n<p>En caso de\u00a0<strong>uva para vinificar y su traslado fuera del establecimiento<\/strong>, la carga\u00a0<strong>debe ir cubierta con malla (carpa, lona, media sombra) y soga \u00fanica<\/strong>\u00a0para cubrir las cargas de vid durante su acarreo. Por otro lado,\u00a0<strong>la cosecha de vid debe efectuarse en forma completa, sin dejar remanente de fruta en la planta ni en el suelo<\/strong>. Esto\u00a0<strong>reduce la poblaci\u00f3n de la plaga<\/strong>\u00a0en el establecimiento productivo\u00a0<strong>para la siguiente temporada<\/strong>, ya que los restos de fruta sirven de refugio a la plaga y le permiten resguardarse para la pr\u00f3xima temporada e instalarse\/establecerse en un \u00e1rea.<\/p>\n\n\n\n<figure class=\"wp-block-image size-large\"><img loading=\"lazy\" decoding=\"async\" width=\"800\" height=\"450\" src=\"https:\/\/i0.wp.com\/cambioagropecuario.com\/wp-content\/uploads\/2022\/03\/Lobesia-04.jpg?resize=800%2C450&#038;ssl=1\" alt=\"\" class=\"wp-image-654\" srcset=\"https:\/\/i0.wp.com\/cambioagropecuario.com\/wp-content\/uploads\/2022\/03\/Lobesia-04.jpg?resize=1024%2C576&amp;ssl=1 1024w, https:\/\/i0.wp.com\/cambioagropecuario.com\/wp-content\/uploads\/2022\/03\/Lobesia-04.jpg?resize=300%2C169&amp;ssl=1 300w, https:\/\/i0.wp.com\/cambioagropecuario.com\/wp-content\/uploads\/2022\/03\/Lobesia-04.jpg?resize=768%2C432&amp;ssl=1 768w, https:\/\/i0.wp.com\/cambioagropecuario.com\/wp-content\/uploads\/2022\/03\/Lobesia-04.jpg?resize=1536%2C864&amp;ssl=1 1536w, https:\/\/i0.wp.com\/cambioagropecuario.com\/wp-content\/uploads\/2022\/03\/Lobesia-04.jpg?w=1920&amp;ssl=1 1920w, https:\/\/i0.wp.com\/cambioagropecuario.com\/wp-content\/uploads\/2022\/03\/Lobesia-04.jpg?w=1600&amp;ssl=1 1600w\" sizes=\"auto, (max-width: 800px) 100vw, 800px\" data-recalc-dims=\"1\" \/><\/figure>\n\n\n\n<p>Asimismo,&nbsp;<strong>los restos de poda, material de recambio de cepas y\/o material de conducci\u00f3n usados deben inmovilizarse y\/o destruirse<\/strong>&nbsp;dentro del establecimiento.<\/p>\n\n\n\n<p>Estas medidas son\u00a0<strong>recomendables para todas las zonas productoras de vid y obligatorias para los establecimientos ubicados en las provincias de Mendoza y San Juan<\/strong>. El Senasa fiscalizar\u00e1 que estas tareas cumplan con las disposiciones N\u00b0 1\/2011, N\u00b0 1\/2013 y 4\/2014 de su Direcci\u00f3n Nacional de Protecci\u00f3n Vegetal. Para mayor informaci\u00f3n se puede ingresar a la p\u00e1gina web del Senasa, llamar a la\u00a0<strong>l\u00ednea gratuita 0800 999 2386<\/strong>, a los tel\u00e9fonos\u00a0<strong>261 4984131 (Mendoza)<\/strong>\u00a0y\u00a0<strong>264 4231341 (San Juan)<\/strong>\u00a0o bien por correo electr\u00f3nico a:\u00a0<a href=\"mailto:lobesiamendoza@senasa.gob.ar\">lobesiamendoza@senasa.gob.ar<\/a>\u00a0o\u00a0<a href=\"mailto:lobesiasj@senasa.gob.ar\">lobesiasj@senasa.gob.ar<\/a><\/p>\n\n\n\n<p>Fuente: SENASA<\/p>\n","protected":false},"excerpt":{"rendered":"<p>Las recomendaciones del Senasa son para quienes se dedican a la producci\u00f3n de uva en las provincias de Mendoza y de San Juan. Para quienes se dedican a la\u00a0producci\u00f3n de vid en las provincias de Mendoza y San Juan, el\u00a0Servicio Nacional de Sanidad y Calidad Agroalimentaria (Senasa)\u00a0recuerda tener en cuenta las\u00a0medidas preventivas y obligatorias en [&hellip;]<\/p>\n","protected":false},"author":2,"featured_media":655,"comment_status":"closed","ping_status":"open","sticky":false,"template":"","format":"standard","meta":{"footnotes":""},"categories":[13,18],"tags":[],"class_list":["post-652","post","type-post","status-publish","format-standard","has-post-thumbnail","hentry","category-fruticultura","category-noticias"],"yoast_head":"<!-- This site is optimized with the Yoast SEO plugin v21.6 - https:\/\/yoast.com\/wordpress\/plugins\/seo\/ -->\n<title>Medidas preventivas para adoptar contra la polilla de la vid en \u00e9poca de cosecha - Cambio Agropecuario<\/title>\n<meta name=\"robots\" content=\"index, follow, max-snippet:-1, max-image-preview:large, max-video-preview:-1\" \/>\n<link rel=\"canonical\" href=\"https:\/\/cambioagropecuario.com\/index.php\/2022\/03\/23\/medidas-preventivas-para-adoptar-contra-la-polilla-de-la-vid-en-epoca-de-cosecha\/\" \/>\n<meta property=\"og:locale\" content=\"es_ES\" \/>\n<meta property=\"og:type\" content=\"article\" \/>\n<meta property=\"og:title\" content=\"Medidas preventivas para adoptar contra la polilla de la vid en \u00e9poca de cosecha - Cambio Agropecuario\" \/>\n<meta property=\"og:description\" content=\"Las recomendaciones del Senasa son para quienes se dedican a la producci\u00f3n de uva en las provincias de Mendoza y de San Juan. Para quienes se dedican a la\u00a0producci\u00f3n de vid en las provincias de Mendoza y San Juan, el\u00a0Servicio Nacional de Sanidad y Calidad Agroalimentaria (Senasa)\u00a0recuerda tener en cuenta las\u00a0medidas preventivas y obligatorias en [&hellip;]\" \/>\n<meta property=\"og:url\" content=\"https:\/\/cambioagropecuario.com\/index.php\/2022\/03\/23\/medidas-preventivas-para-adoptar-contra-la-polilla-de-la-vid-en-epoca-de-cosecha\/\" \/>\n<meta property=\"og:site_name\" content=\"Cambio Agropecuario\" \/>\n<meta property=\"article:publisher\" content=\"https:\/\/www.facebook.com\/cambio.agropecuario\" \/>\n<meta property=\"article:published_time\" content=\"2022-03-23T01:29:52+00:00\" \/>\n<meta property=\"article:modified_time\" content=\"2022-03-23T01:29:53+00:00\" \/>\n<meta property=\"og:image\" content=\"https:\/\/cambioagropecuario.com\/wp-content\/uploads\/2022\/03\/Lobesia-02.jpg\" \/>\n\t<meta property=\"og:image:width\" content=\"1920\" \/>\n\t<meta property=\"og:image:height\" content=\"1080\" \/>\n\t<meta property=\"og:image:type\" content=\"image\/jpeg\" \/>\n<meta name=\"author\" content=\"Jorge Lopez\" \/>\n<meta name=\"twitter:card\" content=\"summary_large_image\" \/>\n<meta name=\"twitter:label1\" content=\"Escrito por\" \/>\n\t<meta name=\"twitter:data1\" content=\"Jorge Lopez\" \/>\n\t<meta name=\"twitter:label2\" content=\"Tiempo de lectura\" \/>\n\t<meta name=\"twitter:data2\" content=\"2 minutos\" \/>\n<script type=\"application\/ld+json\" class=\"yoast-schema-graph\">{\"@context\":\"https:\/\/schema.org\",\"@graph\":[{\"@type\":\"Article\",\"@id\":\"https:\/\/cambioagropecuario.com\/index.php\/2022\/03\/23\/medidas-preventivas-para-adoptar-contra-la-polilla-de-la-vid-en-epoca-de-cosecha\/#article\",\"isPartOf\":{\"@id\":\"https:\/\/cambioagropecuario.com\/index.php\/2022\/03\/23\/medidas-preventivas-para-adoptar-contra-la-polilla-de-la-vid-en-epoca-de-cosecha\/\"},\"author\":{\"name\":\"Jorge Lopez\",\"@id\":\"https:\/\/cambioagropecuario.com\/#\/schema\/person\/24cfd493eaf12ce5568e4f89cfaa3b8a\"},\"headline\":\"Medidas preventivas para adoptar contra la polilla de la vid en \u00e9poca de cosecha\",\"datePublished\":\"2022-03-23T01:29:52+00:00\",\"dateModified\":\"2022-03-23T01:29:53+00:00\",\"mainEntityOfPage\":{\"@id\":\"https:\/\/cambioagropecuario.com\/index.php\/2022\/03\/23\/medidas-preventivas-para-adoptar-contra-la-polilla-de-la-vid-en-epoca-de-cosecha\/\"},\"wordCount\":363,\"publisher\":{\"@id\":\"https:\/\/cambioagropecuario.com\/#organization\"},\"articleSection\":[\"Fruticultura\",\"Noticias\"],\"inLanguage\":\"es\"},{\"@type\":\"WebPage\",\"@id\":\"https:\/\/cambioagropecuario.com\/index.php\/2022\/03\/23\/medidas-preventivas-para-adoptar-contra-la-polilla-de-la-vid-en-epoca-de-cosecha\/\",\"url\":\"https:\/\/cambioagropecuario.com\/index.php\/2022\/03\/23\/medidas-preventivas-para-adoptar-contra-la-polilla-de-la-vid-en-epoca-de-cosecha\/\",\"name\":\"Medidas preventivas para adoptar contra la polilla de la vid en \u00e9poca de cosecha - Cambio Agropecuario\",\"isPartOf\":{\"@id\":\"https:\/\/cambioagropecuario.com\/#website\"},\"datePublished\":\"2022-03-23T01:29:52+00:00\",\"dateModified\":\"2022-03-23T01:29:53+00:00\",\"breadcrumb\":{\"@id\":\"https:\/\/cambioagropecuario.com\/index.php\/2022\/03\/23\/medidas-preventivas-para-adoptar-contra-la-polilla-de-la-vid-en-epoca-de-cosecha\/#breadcrumb\"},\"inLanguage\":\"es\",\"potentialAction\":[{\"@type\":\"ReadAction\",\"target\":[\"https:\/\/cambioagropecuario.com\/index.php\/2022\/03\/23\/medidas-preventivas-para-adoptar-contra-la-polilla-de-la-vid-en-epoca-de-cosecha\/\"]}]},{\"@type\":\"BreadcrumbList\",\"@id\":\"https:\/\/cambioagropecuario.com\/index.php\/2022\/03\/23\/medidas-preventivas-para-adoptar-contra-la-polilla-de-la-vid-en-epoca-de-cosecha\/#breadcrumb\",\"itemListElement\":[{\"@type\":\"ListItem\",\"position\":1,\"name\":\"Portada\",\"item\":\"https:\/\/cambioagropecuario.com\/\"},{\"@type\":\"ListItem\",\"position\":2,\"name\":\"Medidas preventivas para adoptar contra la polilla de la vid en \u00e9poca de cosecha\"}]},{\"@type\":\"WebSite\",\"@id\":\"https:\/\/cambioagropecuario.com\/#website\",\"url\":\"https:\/\/cambioagropecuario.com\/\",\"name\":\"Cambio Agropecuario\",\"description\":\"Cambio Agropecuario es un portal de informaci\u00f3n objetiva y veraz del sector Agroproductivo de la Rep\u00fablica Argentina. Lejos de nuestro esp\u00edritu est\u00e1 el hecho de publicar noticias con un sesgo pol\u00edtico que no contribuya a enaltecer el desarrollo de las producciones agr\u00edcolas y pecuarias. Publicamos en libertad, sin presi\u00f3n de corporaci\u00f3n medi\u00e1tica alguna, ni de intereses econ\u00f3micos y pol\u00edticos. Las experiencias productivas ser\u00e1n una constante en este portal, porque nos interesa mostrar las iniciativas que llevan adelante los emprendedores y que son dignas de replicar en alguna latitud de nuestro pa\u00eds.\",\"publisher\":{\"@id\":\"https:\/\/cambioagropecuario.com\/#organization\"},\"potentialAction\":[{\"@type\":\"SearchAction\",\"target\":{\"@type\":\"EntryPoint\",\"urlTemplate\":\"https:\/\/cambioagropecuario.com\/?s={search_term_string}\"},\"query-input\":\"required name=search_term_string\"}],\"inLanguage\":\"es\"},{\"@type\":\"Organization\",\"@id\":\"https:\/\/cambioagropecuario.com\/#organization\",\"name\":\"Cambio Agropecuario\",\"url\":\"https:\/\/cambioagropecuario.com\/\",\"logo\":{\"@type\":\"ImageObject\",\"inLanguage\":\"es\",\"@id\":\"https:\/\/cambioagropecuario.com\/#\/schema\/logo\/image\/\",\"url\":\"https:\/\/cambioagropecuario.com\/wp-content\/uploads\/2021\/11\/cropped-Sin-titulo-1-1.png\",\"contentUrl\":\"https:\/\/cambioagropecuario.com\/wp-content\/uploads\/2021\/11\/cropped-Sin-titulo-1-1.png\",\"width\":512,\"height\":512,\"caption\":\"Cambio Agropecuario\"},\"image\":{\"@id\":\"https:\/\/cambioagropecuario.com\/#\/schema\/logo\/image\/\"},\"sameAs\":[\"https:\/\/www.facebook.com\/cambio.agropecuario\",\"https:\/\/www.youtube.com\/user\/cambioagropecuariotv\"]},{\"@type\":\"Person\",\"@id\":\"https:\/\/cambioagropecuario.com\/#\/schema\/person\/24cfd493eaf12ce5568e4f89cfaa3b8a\",\"name\":\"Jorge Lopez\",\"image\":{\"@type\":\"ImageObject\",\"inLanguage\":\"es\",\"@id\":\"https:\/\/cambioagropecuario.com\/#\/schema\/person\/image\/\",\"url\":\"https:\/\/secure.gravatar.com\/avatar\/775b1c76ac22bc240f9c49041d7dc067?s=96&d=mm&r=g\",\"contentUrl\":\"https:\/\/secure.gravatar.com\/avatar\/775b1c76ac22bc240f9c49041d7dc067?s=96&d=mm&r=g\",\"caption\":\"Jorge Lopez\"},\"url\":\"https:\/\/cambioagropecuario.com\/index.php\/author\/jorge\/\"}]}<\/script>\n<!-- \/ Yoast SEO plugin. -->","yoast_head_json":{"title":"Medidas preventivas para adoptar contra la polilla de la vid en \u00e9poca de cosecha - Cambio Agropecuario","robots":{"index":"index","follow":"follow","max-snippet":"max-snippet:-1","max-image-preview":"max-image-preview:large","max-video-preview":"max-video-preview:-1"},"canonical":"https:\/\/cambioagropecuario.com\/index.php\/2022\/03\/23\/medidas-preventivas-para-adoptar-contra-la-polilla-de-la-vid-en-epoca-de-cosecha\/","og_locale":"es_ES","og_type":"article","og_title":"Medidas preventivas para adoptar contra la polilla de la vid en \u00e9poca de cosecha - Cambio Agropecuario","og_description":"Las recomendaciones del Senasa son para quienes se dedican a la producci\u00f3n de uva en las provincias de Mendoza y de San Juan. Para quienes se dedican a la\u00a0producci\u00f3n de vid en las provincias de Mendoza y San Juan, el\u00a0Servicio Nacional de Sanidad y Calidad Agroalimentaria (Senasa)\u00a0recuerda tener en cuenta las\u00a0medidas preventivas y obligatorias en [&hellip;]","og_url":"https:\/\/cambioagropecuario.com\/index.php\/2022\/03\/23\/medidas-preventivas-para-adoptar-contra-la-polilla-de-la-vid-en-epoca-de-cosecha\/","og_site_name":"Cambio Agropecuario","article_publisher":"https:\/\/www.facebook.com\/cambio.agropecuario","article_published_time":"2022-03-23T01:29:52+00:00","article_modified_time":"2022-03-23T01:29:53+00:00","og_image":[{"width":1920,"height":1080,"url":"https:\/\/cambioagropecuario.com\/wp-content\/uploads\/2022\/03\/Lobesia-02.jpg","type":"image\/jpeg"}],"author":"Jorge Lopez","twitter_card":"summary_large_image","twitter_misc":{"Escrito por":"Jorge Lopez","Tiempo de lectura":"2 minutos"},"schema":{"@context":"https:\/\/schema.org","@graph":[{"@type":"Article","@id":"https:\/\/cambioagropecuario.com\/index.php\/2022\/03\/23\/medidas-preventivas-para-adoptar-contra-la-polilla-de-la-vid-en-epoca-de-cosecha\/#article","isPartOf":{"@id":"https:\/\/cambioagropecuario.com\/index.php\/2022\/03\/23\/medidas-preventivas-para-adoptar-contra-la-polilla-de-la-vid-en-epoca-de-cosecha\/"},"author":{"name":"Jorge Lopez","@id":"https:\/\/cambioagropecuario.com\/#\/schema\/person\/24cfd493eaf12ce5568e4f89cfaa3b8a"},"headline":"Medidas preventivas para adoptar contra la polilla de la vid en \u00e9poca de cosecha","datePublished":"2022-03-23T01:29:52+00:00","dateModified":"2022-03-23T01:29:53+00:00","mainEntityOfPage":{"@id":"https:\/\/cambioagropecuario.com\/index.php\/2022\/03\/23\/medidas-preventivas-para-adoptar-contra-la-polilla-de-la-vid-en-epoca-de-cosecha\/"},"wordCount":363,"publisher":{"@id":"https:\/\/cambioagropecuario.com\/#organization"},"articleSection":["Fruticultura","Noticias"],"inLanguage":"es"},{"@type":"WebPage","@id":"https:\/\/cambioagropecuario.com\/index.php\/2022\/03\/23\/medidas-preventivas-para-adoptar-contra-la-polilla-de-la-vid-en-epoca-de-cosecha\/","url":"https:\/\/cambioagropecuario.com\/index.php\/2022\/03\/23\/medidas-preventivas-para-adoptar-contra-la-polilla-de-la-vid-en-epoca-de-cosecha\/","name":"Medidas preventivas para adoptar contra la polilla de la vid en \u00e9poca de cosecha - Cambio Agropecuario","isPartOf":{"@id":"https:\/\/cambioagropecuario.com\/#website"},"datePublished":"2022-03-23T01:29:52+00:00","dateModified":"2022-03-23T01:29:53+00:00","breadcrumb":{"@id":"https:\/\/cambioagropecuario.com\/index.php\/2022\/03\/23\/medidas-preventivas-para-adoptar-contra-la-polilla-de-la-vid-en-epoca-de-cosecha\/#breadcrumb"},"inLanguage":"es","potentialAction":[{"@type":"ReadAction","target":["https:\/\/cambioagropecuario.com\/index.php\/2022\/03\/23\/medidas-preventivas-para-adoptar-contra-la-polilla-de-la-vid-en-epoca-de-cosecha\/"]}]},{"@type":"BreadcrumbList","@id":"https:\/\/cambioagropecuario.com\/index.php\/2022\/03\/23\/medidas-preventivas-para-adoptar-contra-la-polilla-de-la-vid-en-epoca-de-cosecha\/#breadcrumb","itemListElement":[{"@type":"ListItem","position":1,"name":"Portada","item":"https:\/\/cambioagropecuario.com\/"},{"@type":"ListItem","position":2,"name":"Medidas preventivas para adoptar contra la polilla de la vid en \u00e9poca de cosecha"}]},{"@type":"WebSite","@id":"https:\/\/cambioagropecuario.com\/#website","url":"https:\/\/cambioagropecuario.com\/","name":"Cambio Agropecuario","description":"Cambio Agropecuario es un portal de informaci\u00f3n objetiva y veraz del sector Agroproductivo de la Rep\u00fablica Argentina. Lejos de nuestro esp\u00edritu est\u00e1 el hecho de publicar noticias con un sesgo pol\u00edtico que no contribuya a enaltecer el desarrollo de las producciones agr\u00edcolas y pecuarias. Publicamos en libertad, sin presi\u00f3n de corporaci\u00f3n medi\u00e1tica alguna, ni de intereses econ\u00f3micos y pol\u00edticos. Las experiencias productivas ser\u00e1n una constante en este portal, porque nos interesa mostrar las iniciativas que llevan adelante los emprendedores y que son dignas de replicar en alguna latitud de nuestro pa\u00eds.","publisher":{"@id":"https:\/\/cambioagropecuario.com\/#organization"},"potentialAction":[{"@type":"SearchAction","target":{"@type":"EntryPoint","urlTemplate":"https:\/\/cambioagropecuario.com\/?s={search_term_string}"},"query-input":"required name=search_term_string"}],"inLanguage":"es"},{"@type":"Organization","@id":"https:\/\/cambioagropecuario.com\/#organization","name":"Cambio Agropecuario","url":"https:\/\/cambioagropecuario.com\/","logo":{"@type":"ImageObject","inLanguage":"es","@id":"https:\/\/cambioagropecuario.com\/#\/schema\/logo\/image\/","url":"https:\/\/cambioagropecuario.com\/wp-content\/uploads\/2021\/11\/cropped-Sin-titulo-1-1.png","contentUrl":"https:\/\/cambioagropecuario.com\/wp-content\/uploads\/2021\/11\/cropped-Sin-titulo-1-1.png","width":512,"height":512,"caption":"Cambio Agropecuario"},"image":{"@id":"https:\/\/cambioagropecuario.com\/#\/schema\/logo\/image\/"},"sameAs":["https:\/\/www.facebook.com\/cambio.agropecuario","https:\/\/www.youtube.com\/user\/cambioagropecuariotv"]},{"@type":"Person","@id":"https:\/\/cambioagropecuario.com\/#\/schema\/person\/24cfd493eaf12ce5568e4f89cfaa3b8a","name":"Jorge Lopez","image":{"@type":"ImageObject","inLanguage":"es","@id":"https:\/\/cambioagropecuario.com\/#\/schema\/person\/image\/","url":"https:\/\/secure.gravatar.com\/avatar\/775b1c76ac22bc240f9c49041d7dc067?s=96&d=mm&r=g","contentUrl":"https:\/\/secure.gravatar.com\/avatar\/775b1c76ac22bc240f9c49041d7dc067?s=96&d=mm&r=g","caption":"Jorge Lopez"},"url":"https:\/\/cambioagropecuario.com\/index.php\/author\/jorge\/"}]}},"jetpack_sharing_enabled":true,"featured_image_urls":{"full":["https:\/\/i0.wp.com\/cambioagropecuario.com\/wp-content\/uploads\/2022\/03\/Lobesia-02.jpg?fit=1920%2C1080&ssl=1",1920,1080,false],"thumbnail":["https:\/\/i0.wp.com\/cambioagropecuario.com\/wp-content\/uploads\/2022\/03\/Lobesia-02.jpg?resize=150%2C150&ssl=1",150,150,true],"medium":["https:\/\/i0.wp.com\/cambioagropecuario.com\/wp-content\/uploads\/2022\/03\/Lobesia-02.jpg?fit=300%2C169&ssl=1",300,169,true],"medium_large":["https:\/\/i0.wp.com\/cambioagropecuario.com\/wp-content\/uploads\/2022\/03\/Lobesia-02.jpg?fit=768%2C432&ssl=1",768,432,true],"large":["https:\/\/i0.wp.com\/cambioagropecuario.com\/wp-content\/uploads\/2022\/03\/Lobesia-02.jpg?fit=800%2C450&ssl=1",800,450,true],"1536x1536":["https:\/\/i0.wp.com\/cambioagropecuario.com\/wp-content\/uploads\/2022\/03\/Lobesia-02.jpg?fit=1536%2C864&ssl=1",1536,864,true],"2048x2048":["https:\/\/i0.wp.com\/cambioagropecuario.com\/wp-content\/uploads\/2022\/03\/Lobesia-02.jpg?fit=1920%2C1080&ssl=1",1920,1080,true]},"author_info":{"display_name":"Jorge Lopez","author_link":"https:\/\/cambioagropecuario.com\/index.php\/author\/jorge\/"},"category_info":"<a href=\"https:\/\/cambioagropecuario.com\/index.php\/category\/fruticultura\/\" rel=\"category tag\">Fruticultura<\/a> <a href=\"https:\/\/cambioagropecuario.com\/index.php\/category\/noticias\/\" rel=\"category tag\">Noticias<\/a>","tag_info":"Noticias","comment_count":"0","jetpack_featured_media_url":"https:\/\/i0.wp.com\/cambioagropecuario.com\/wp-content\/uploads\/2022\/03\/Lobesia-02.jpg?fit=1920%2C1080&ssl=1","_links":{"self":[{"href":"https:\/\/cambioagropecuario.com\/index.php\/wp-json\/wp\/v2\/posts\/652","targetHints":{"allow":["GET"]}}],"collection":[{"href":"https:\/\/cambioagropecuario.com\/index.php\/wp-json\/wp\/v2\/posts"}],"about":[{"href":"https:\/\/cambioagropecuario.com\/index.php\/wp-json\/wp\/v2\/types\/post"}],"author":[{"embeddable":true,"href":"https:\/\/cambioagropecuario.com\/index.php\/wp-json\/wp\/v2\/users\/2"}],"replies":[{"embeddable":true,"href":"https:\/\/cambioagropecuario.com\/index.php\/wp-json\/wp\/v2\/comments?post=652"}],"version-history":[{"count":1,"href":"https:\/\/cambioagropecuario.com\/index.php\/wp-json\/wp\/v2\/posts\/652\/revisions"}],"predecessor-version":[{"id":656,"href":"https:\/\/cambioagropecuario.com\/index.php\/wp-json\/wp\/v2\/posts\/652\/revisions\/656"}],"wp:featuredmedia":[{"embeddable":true,"href":"https:\/\/cambioagropecuario.com\/index.php\/wp-json\/wp\/v2\/media\/655"}],"wp:attachment":[{"href":"https:\/\/cambioagropecuario.com\/index.php\/wp-json\/wp\/v2\/media?parent=652"}],"wp:term":[{"taxonomy":"category","embeddable":true,"href":"https:\/\/cambioagropecuario.com\/index.php\/wp-json\/wp\/v2\/categories?post=652"},{"taxonomy":"post_tag","embeddable":true,"href":"https:\/\/cambioagropecuario.com\/index.php\/wp-json\/wp\/v2\/tags?post=652"}],"curies":[{"name":"wp","href":"https:\/\/api.w.org\/{rel}","templated":true}]}}