{"id":586,"date":"2022-03-17T03:46:05","date_gmt":"2022-03-17T03:46:05","guid":{"rendered":"https:\/\/cambioagropecuario.com\/?p=586"},"modified":"2022-03-17T03:46:08","modified_gmt":"2022-03-17T03:46:08","slug":"los-frigorificos-exportadores-seguiran-dentro-del-programa-cortes-cuidados","status":"publish","type":"post","link":"https:\/\/cambioagropecuario.com\/index.php\/2022\/03\/17\/los-frigorificos-exportadores-seguiran-dentro-del-programa-cortes-cuidados\/","title":{"rendered":"Los frigor\u00edficos exportadores seguir\u00e1n dentro del programa Cortes Cuidados"},"content":{"rendered":"\n<p>Tras una intimaci\u00f3n del Gobierno nacional en la que se advirti\u00f3 que quienes no cumplan con el mercado local no podr\u00e1n exportar, los frigor\u00edficos integrantes del Consorcio de Exportadores de Carnes informaron que seguir\u00e1n participando del convenio.<\/p>\n\n\n\n<p>El secretario de Comercio Interior, Roberto Feletti, hab\u00eda&nbsp;<a href=\"https:\/\/www.telam.com.ar\/notas\/202203\/586495-comercio-interior-gobierno-nacional-intimacion-a-exportadores-de-carne.html\" target=\"_blank\" rel=\"noreferrer noopener\">intimado ayer a ABC a continuar dentro de los pactado<\/a>&nbsp;a riesgo de que se aplique la Ley de Abastecimiento sobre las empresas.<\/p>\n\n\n\n<p>En febrero, el Gobierno Nacional renov\u00f3 el acuerdo con los frigor\u00edficos exportadores y las grandes cadenas de supermercados la comercializaci\u00f3n de 6.000 toneladas mensuales de siete cortes de carne vacuna en todo el pa\u00eds, a precios por debajo de los del mercado.<\/p>\n\n\n\n<p>Dicho plan se estableci\u00f3 hasta fin de a\u00f1o, con revisiones a lo largo de este per\u00edodo. La pr\u00f3xima se llevar\u00eda a cabo en abril.<\/p>\n\n\n\n<p>A la fecha, los precios acordados son para la tira de asado de $699; vac\u00edo a $749; matambre a $779; falda a $449; tapa de asado a $639; nalga a $799 y paleta a $649.<\/p>\n\n\n\n<p>El dirigente empresario sostuvo que durante el encuentro que mantuvieron con Dom\u00ednguez, \u00abcada uno pudo exponer con tranquilidad y tiempo nuestras posiciones. Quedamos en una mesa de trabajo para poder avanzar en los diferentes temas\u00bb.<\/p>\n\n\n\n<p>Ravettino agreg\u00f3 que en el encuentro con Dom\u00ednguez \u00abse aclararon todas las cuestiones de acuerdo a la transparencia respecto a la asignaci\u00f3n de exportaciones y a la informaci\u00f3n recibida\u00bb, luego de que integrantes del ABC dejaran entrever ayer en medios period\u00edsticos problemas en dicho sistema.<\/p>\n\n\n\n<p>Fuente: Telam<\/p>\n","protected":false},"excerpt":{"rendered":"<p>Tras una intimaci\u00f3n del Gobierno nacional en la que se advirti\u00f3 que quienes no cumplan con el mercado local no podr\u00e1n exportar, los frigor\u00edficos integrantes del Consorcio de Exportadores de Carnes informaron que seguir\u00e1n participando del convenio. El secretario de Comercio Interior, Roberto Feletti, hab\u00eda&nbsp;intimado ayer a ABC a continuar dentro de los pactado&nbsp;a riesgo [&hellip;]<\/p>\n","protected":false},"author":2,"featured_media":588,"comment_status":"closed","ping_status":"open","sticky":false,"template":"","format":"standard","meta":{"footnotes":""},"categories":[10],"tags":[],"class_list":["post-586","post","type-post","status-publish","format-standard","has-post-thumbnail","hentry","category-ganaderia"],"yoast_head":"<!-- This site is optimized with the Yoast SEO plugin v21.6 - https:\/\/yoast.com\/wordpress\/plugins\/seo\/ -->\n<title>Los frigor\u00edficos exportadores seguir\u00e1n dentro del programa Cortes Cuidados - Cambio Agropecuario<\/title>\n<meta name=\"robots\" content=\"index, follow, max-snippet:-1, max-image-preview:large, max-video-preview:-1\" \/>\n<link rel=\"canonical\" href=\"https:\/\/cambioagropecuario.com\/index.php\/2022\/03\/17\/los-frigorificos-exportadores-seguiran-dentro-del-programa-cortes-cuidados\/\" \/>\n<meta property=\"og:locale\" content=\"es_ES\" \/>\n<meta property=\"og:type\" content=\"article\" \/>\n<meta property=\"og:title\" content=\"Los frigor\u00edficos exportadores seguir\u00e1n dentro del programa Cortes Cuidados - Cambio Agropecuario\" \/>\n<meta property=\"og:description\" content=\"Tras una intimaci\u00f3n del Gobierno nacional en la que se advirti\u00f3 que quienes no cumplan con el mercado local no podr\u00e1n exportar, los frigor\u00edficos integrantes del Consorcio de Exportadores de Carnes informaron que seguir\u00e1n participando del convenio. El secretario de Comercio Interior, Roberto Feletti, hab\u00eda&nbsp;intimado ayer a ABC a continuar dentro de los pactado&nbsp;a riesgo [&hellip;]\" \/>\n<meta property=\"og:url\" content=\"https:\/\/cambioagropecuario.com\/index.php\/2022\/03\/17\/los-frigorificos-exportadores-seguiran-dentro-del-programa-cortes-cuidados\/\" \/>\n<meta property=\"og:site_name\" content=\"Cambio Agropecuario\" \/>\n<meta property=\"article:publisher\" content=\"https:\/\/www.facebook.com\/cambio.agropecuario\" \/>\n<meta property=\"article:published_time\" content=\"2022-03-17T03:46:05+00:00\" \/>\n<meta property=\"article:modified_time\" content=\"2022-03-17T03:46:08+00:00\" \/>\n<meta property=\"og:image\" content=\"https:\/\/cambioagropecuario.com\/wp-content\/uploads\/2022\/03\/Carne-02.jpg\" \/>\n\t<meta property=\"og:image:width\" content=\"1920\" \/>\n\t<meta property=\"og:image:height\" content=\"1080\" \/>\n\t<meta property=\"og:image:type\" content=\"image\/jpeg\" \/>\n<meta name=\"author\" content=\"Jorge Lopez\" \/>\n<meta name=\"twitter:card\" content=\"summary_large_image\" \/>\n<meta name=\"twitter:label1\" content=\"Escrito por\" \/>\n\t<meta name=\"twitter:data1\" content=\"Jorge Lopez\" \/>\n\t<meta name=\"twitter:label2\" content=\"Tiempo de lectura\" \/>\n\t<meta name=\"twitter:data2\" content=\"2 minutos\" \/>\n<script type=\"application\/ld+json\" class=\"yoast-schema-graph\">{\"@context\":\"https:\/\/schema.org\",\"@graph\":[{\"@type\":\"Article\",\"@id\":\"https:\/\/cambioagropecuario.com\/index.php\/2022\/03\/17\/los-frigorificos-exportadores-seguiran-dentro-del-programa-cortes-cuidados\/#article\",\"isPartOf\":{\"@id\":\"https:\/\/cambioagropecuario.com\/index.php\/2022\/03\/17\/los-frigorificos-exportadores-seguiran-dentro-del-programa-cortes-cuidados\/\"},\"author\":{\"name\":\"Jorge Lopez\",\"@id\":\"https:\/\/cambioagropecuario.com\/#\/schema\/person\/24cfd493eaf12ce5568e4f89cfaa3b8a\"},\"headline\":\"Los frigor\u00edficos exportadores seguir\u00e1n dentro del programa Cortes Cuidados\",\"datePublished\":\"2022-03-17T03:46:05+00:00\",\"dateModified\":\"2022-03-17T03:46:08+00:00\",\"mainEntityOfPage\":{\"@id\":\"https:\/\/cambioagropecuario.com\/index.php\/2022\/03\/17\/los-frigorificos-exportadores-seguiran-dentro-del-programa-cortes-cuidados\/\"},\"wordCount\":274,\"publisher\":{\"@id\":\"https:\/\/cambioagropecuario.com\/#organization\"},\"articleSection\":[\"Ganaderia\"],\"inLanguage\":\"es\"},{\"@type\":\"WebPage\",\"@id\":\"https:\/\/cambioagropecuario.com\/index.php\/2022\/03\/17\/los-frigorificos-exportadores-seguiran-dentro-del-programa-cortes-cuidados\/\",\"url\":\"https:\/\/cambioagropecuario.com\/index.php\/2022\/03\/17\/los-frigorificos-exportadores-seguiran-dentro-del-programa-cortes-cuidados\/\",\"name\":\"Los frigor\u00edficos exportadores seguir\u00e1n dentro del programa Cortes Cuidados - Cambio Agropecuario\",\"isPartOf\":{\"@id\":\"https:\/\/cambioagropecuario.com\/#website\"},\"datePublished\":\"2022-03-17T03:46:05+00:00\",\"dateModified\":\"2022-03-17T03:46:08+00:00\",\"breadcrumb\":{\"@id\":\"https:\/\/cambioagropecuario.com\/index.php\/2022\/03\/17\/los-frigorificos-exportadores-seguiran-dentro-del-programa-cortes-cuidados\/#breadcrumb\"},\"inLanguage\":\"es\",\"potentialAction\":[{\"@type\":\"ReadAction\",\"target\":[\"https:\/\/cambioagropecuario.com\/index.php\/2022\/03\/17\/los-frigorificos-exportadores-seguiran-dentro-del-programa-cortes-cuidados\/\"]}]},{\"@type\":\"BreadcrumbList\",\"@id\":\"https:\/\/cambioagropecuario.com\/index.php\/2022\/03\/17\/los-frigorificos-exportadores-seguiran-dentro-del-programa-cortes-cuidados\/#breadcrumb\",\"itemListElement\":[{\"@type\":\"ListItem\",\"position\":1,\"name\":\"Portada\",\"item\":\"https:\/\/cambioagropecuario.com\/\"},{\"@type\":\"ListItem\",\"position\":2,\"name\":\"Los frigor\u00edficos exportadores seguir\u00e1n dentro del programa Cortes Cuidados\"}]},{\"@type\":\"WebSite\",\"@id\":\"https:\/\/cambioagropecuario.com\/#website\",\"url\":\"https:\/\/cambioagropecuario.com\/\",\"name\":\"Cambio Agropecuario\",\"description\":\"Cambio Agropecuario es un portal de informaci\u00f3n objetiva y veraz del sector Agroproductivo de la Rep\u00fablica Argentina. Lejos de nuestro esp\u00edritu est\u00e1 el hecho de publicar noticias con un sesgo pol\u00edtico que no contribuya a enaltecer el desarrollo de las producciones agr\u00edcolas y pecuarias. Publicamos en libertad, sin presi\u00f3n de corporaci\u00f3n medi\u00e1tica alguna, ni de intereses econ\u00f3micos y pol\u00edticos. Las experiencias productivas ser\u00e1n una constante en este portal, porque nos interesa mostrar las iniciativas que llevan adelante los emprendedores y que son dignas de replicar en alguna latitud de nuestro pa\u00eds.\",\"publisher\":{\"@id\":\"https:\/\/cambioagropecuario.com\/#organization\"},\"potentialAction\":[{\"@type\":\"SearchAction\",\"target\":{\"@type\":\"EntryPoint\",\"urlTemplate\":\"https:\/\/cambioagropecuario.com\/?s={search_term_string}\"},\"query-input\":\"required name=search_term_string\"}],\"inLanguage\":\"es\"},{\"@type\":\"Organization\",\"@id\":\"https:\/\/cambioagropecuario.com\/#organization\",\"name\":\"Cambio Agropecuario\",\"url\":\"https:\/\/cambioagropecuario.com\/\",\"logo\":{\"@type\":\"ImageObject\",\"inLanguage\":\"es\",\"@id\":\"https:\/\/cambioagropecuario.com\/#\/schema\/logo\/image\/\",\"url\":\"https:\/\/cambioagropecuario.com\/wp-content\/uploads\/2021\/11\/cropped-Sin-titulo-1-1.png\",\"contentUrl\":\"https:\/\/cambioagropecuario.com\/wp-content\/uploads\/2021\/11\/cropped-Sin-titulo-1-1.png\",\"width\":512,\"height\":512,\"caption\":\"Cambio Agropecuario\"},\"image\":{\"@id\":\"https:\/\/cambioagropecuario.com\/#\/schema\/logo\/image\/\"},\"sameAs\":[\"https:\/\/www.facebook.com\/cambio.agropecuario\",\"https:\/\/www.youtube.com\/user\/cambioagropecuariotv\"]},{\"@type\":\"Person\",\"@id\":\"https:\/\/cambioagropecuario.com\/#\/schema\/person\/24cfd493eaf12ce5568e4f89cfaa3b8a\",\"name\":\"Jorge Lopez\",\"image\":{\"@type\":\"ImageObject\",\"inLanguage\":\"es\",\"@id\":\"https:\/\/cambioagropecuario.com\/#\/schema\/person\/image\/\",\"url\":\"https:\/\/secure.gravatar.com\/avatar\/775b1c76ac22bc240f9c49041d7dc067?s=96&d=mm&r=g\",\"contentUrl\":\"https:\/\/secure.gravatar.com\/avatar\/775b1c76ac22bc240f9c49041d7dc067?s=96&d=mm&r=g\",\"caption\":\"Jorge Lopez\"},\"url\":\"https:\/\/cambioagropecuario.com\/index.php\/author\/jorge\/\"}]}<\/script>\n<!-- \/ Yoast SEO plugin. -->","yoast_head_json":{"title":"Los frigor\u00edficos exportadores seguir\u00e1n dentro del programa Cortes Cuidados - Cambio Agropecuario","robots":{"index":"index","follow":"follow","max-snippet":"max-snippet:-1","max-image-preview":"max-image-preview:large","max-video-preview":"max-video-preview:-1"},"canonical":"https:\/\/cambioagropecuario.com\/index.php\/2022\/03\/17\/los-frigorificos-exportadores-seguiran-dentro-del-programa-cortes-cuidados\/","og_locale":"es_ES","og_type":"article","og_title":"Los frigor\u00edficos exportadores seguir\u00e1n dentro del programa Cortes Cuidados - Cambio Agropecuario","og_description":"Tras una intimaci\u00f3n del Gobierno nacional en la que se advirti\u00f3 que quienes no cumplan con el mercado local no podr\u00e1n exportar, los frigor\u00edficos integrantes del Consorcio de Exportadores de Carnes informaron que seguir\u00e1n participando del convenio. El secretario de Comercio Interior, Roberto Feletti, hab\u00eda&nbsp;intimado ayer a ABC a continuar dentro de los pactado&nbsp;a riesgo [&hellip;]","og_url":"https:\/\/cambioagropecuario.com\/index.php\/2022\/03\/17\/los-frigorificos-exportadores-seguiran-dentro-del-programa-cortes-cuidados\/","og_site_name":"Cambio Agropecuario","article_publisher":"https:\/\/www.facebook.com\/cambio.agropecuario","article_published_time":"2022-03-17T03:46:05+00:00","article_modified_time":"2022-03-17T03:46:08+00:00","og_image":[{"width":1920,"height":1080,"url":"https:\/\/cambioagropecuario.com\/wp-content\/uploads\/2022\/03\/Carne-02.jpg","type":"image\/jpeg"}],"author":"Jorge Lopez","twitter_card":"summary_large_image","twitter_misc":{"Escrito por":"Jorge Lopez","Tiempo de lectura":"2 minutos"},"schema":{"@context":"https:\/\/schema.org","@graph":[{"@type":"Article","@id":"https:\/\/cambioagropecuario.com\/index.php\/2022\/03\/17\/los-frigorificos-exportadores-seguiran-dentro-del-programa-cortes-cuidados\/#article","isPartOf":{"@id":"https:\/\/cambioagropecuario.com\/index.php\/2022\/03\/17\/los-frigorificos-exportadores-seguiran-dentro-del-programa-cortes-cuidados\/"},"author":{"name":"Jorge Lopez","@id":"https:\/\/cambioagropecuario.com\/#\/schema\/person\/24cfd493eaf12ce5568e4f89cfaa3b8a"},"headline":"Los frigor\u00edficos exportadores seguir\u00e1n dentro del programa Cortes Cuidados","datePublished":"2022-03-17T03:46:05+00:00","dateModified":"2022-03-17T03:46:08+00:00","mainEntityOfPage":{"@id":"https:\/\/cambioagropecuario.com\/index.php\/2022\/03\/17\/los-frigorificos-exportadores-seguiran-dentro-del-programa-cortes-cuidados\/"},"wordCount":274,"publisher":{"@id":"https:\/\/cambioagropecuario.com\/#organization"},"articleSection":["Ganaderia"],"inLanguage":"es"},{"@type":"WebPage","@id":"https:\/\/cambioagropecuario.com\/index.php\/2022\/03\/17\/los-frigorificos-exportadores-seguiran-dentro-del-programa-cortes-cuidados\/","url":"https:\/\/cambioagropecuario.com\/index.php\/2022\/03\/17\/los-frigorificos-exportadores-seguiran-dentro-del-programa-cortes-cuidados\/","name":"Los frigor\u00edficos exportadores seguir\u00e1n dentro del programa Cortes Cuidados - Cambio Agropecuario","isPartOf":{"@id":"https:\/\/cambioagropecuario.com\/#website"},"datePublished":"2022-03-17T03:46:05+00:00","dateModified":"2022-03-17T03:46:08+00:00","breadcrumb":{"@id":"https:\/\/cambioagropecuario.com\/index.php\/2022\/03\/17\/los-frigorificos-exportadores-seguiran-dentro-del-programa-cortes-cuidados\/#breadcrumb"},"inLanguage":"es","potentialAction":[{"@type":"ReadAction","target":["https:\/\/cambioagropecuario.com\/index.php\/2022\/03\/17\/los-frigorificos-exportadores-seguiran-dentro-del-programa-cortes-cuidados\/"]}]},{"@type":"BreadcrumbList","@id":"https:\/\/cambioagropecuario.com\/index.php\/2022\/03\/17\/los-frigorificos-exportadores-seguiran-dentro-del-programa-cortes-cuidados\/#breadcrumb","itemListElement":[{"@type":"ListItem","position":1,"name":"Portada","item":"https:\/\/cambioagropecuario.com\/"},{"@type":"ListItem","position":2,"name":"Los frigor\u00edficos exportadores seguir\u00e1n dentro del programa Cortes Cuidados"}]},{"@type":"WebSite","@id":"https:\/\/cambioagropecuario.com\/#website","url":"https:\/\/cambioagropecuario.com\/","name":"Cambio Agropecuario","description":"Cambio Agropecuario es un portal de informaci\u00f3n objetiva y veraz del sector Agroproductivo de la Rep\u00fablica Argentina. Lejos de nuestro esp\u00edritu est\u00e1 el hecho de publicar noticias con un sesgo pol\u00edtico que no contribuya a enaltecer el desarrollo de las producciones agr\u00edcolas y pecuarias. Publicamos en libertad, sin presi\u00f3n de corporaci\u00f3n medi\u00e1tica alguna, ni de intereses econ\u00f3micos y pol\u00edticos. Las experiencias productivas ser\u00e1n una constante en este portal, porque nos interesa mostrar las iniciativas que llevan adelante los emprendedores y que son dignas de replicar en alguna latitud de nuestro pa\u00eds.","publisher":{"@id":"https:\/\/cambioagropecuario.com\/#organization"},"potentialAction":[{"@type":"SearchAction","target":{"@type":"EntryPoint","urlTemplate":"https:\/\/cambioagropecuario.com\/?s={search_term_string}"},"query-input":"required name=search_term_string"}],"inLanguage":"es"},{"@type":"Organization","@id":"https:\/\/cambioagropecuario.com\/#organization","name":"Cambio Agropecuario","url":"https:\/\/cambioagropecuario.com\/","logo":{"@type":"ImageObject","inLanguage":"es","@id":"https:\/\/cambioagropecuario.com\/#\/schema\/logo\/image\/","url":"https:\/\/cambioagropecuario.com\/wp-content\/uploads\/2021\/11\/cropped-Sin-titulo-1-1.png","contentUrl":"https:\/\/cambioagropecuario.com\/wp-content\/uploads\/2021\/11\/cropped-Sin-titulo-1-1.png","width":512,"height":512,"caption":"Cambio Agropecuario"},"image":{"@id":"https:\/\/cambioagropecuario.com\/#\/schema\/logo\/image\/"},"sameAs":["https:\/\/www.facebook.com\/cambio.agropecuario","https:\/\/www.youtube.com\/user\/cambioagropecuariotv"]},{"@type":"Person","@id":"https:\/\/cambioagropecuario.com\/#\/schema\/person\/24cfd493eaf12ce5568e4f89cfaa3b8a","name":"Jorge Lopez","image":{"@type":"ImageObject","inLanguage":"es","@id":"https:\/\/cambioagropecuario.com\/#\/schema\/person\/image\/","url":"https:\/\/secure.gravatar.com\/avatar\/775b1c76ac22bc240f9c49041d7dc067?s=96&d=mm&r=g","contentUrl":"https:\/\/secure.gravatar.com\/avatar\/775b1c76ac22bc240f9c49041d7dc067?s=96&d=mm&r=g","caption":"Jorge Lopez"},"url":"https:\/\/cambioagropecuario.com\/index.php\/author\/jorge\/"}]}},"jetpack_sharing_enabled":true,"featured_image_urls":{"full":["https:\/\/i0.wp.com\/cambioagropecuario.com\/wp-content\/uploads\/2022\/03\/Carne-02.jpg?fit=1920%2C1080&ssl=1",1920,1080,false],"thumbnail":["https:\/\/i0.wp.com\/cambioagropecuario.com\/wp-content\/uploads\/2022\/03\/Carne-02.jpg?resize=150%2C150&ssl=1",150,150,true],"medium":["https:\/\/i0.wp.com\/cambioagropecuario.com\/wp-content\/uploads\/2022\/03\/Carne-02.jpg?fit=300%2C169&ssl=1",300,169,true],"medium_large":["https:\/\/i0.wp.com\/cambioagropecuario.com\/wp-content\/uploads\/2022\/03\/Carne-02.jpg?fit=768%2C432&ssl=1",768,432,true],"large":["https:\/\/i0.wp.com\/cambioagropecuario.com\/wp-content\/uploads\/2022\/03\/Carne-02.jpg?fit=800%2C450&ssl=1",800,450,true],"1536x1536":["https:\/\/i0.wp.com\/cambioagropecuario.com\/wp-content\/uploads\/2022\/03\/Carne-02.jpg?fit=1536%2C864&ssl=1",1536,864,true],"2048x2048":["https:\/\/i0.wp.com\/cambioagropecuario.com\/wp-content\/uploads\/2022\/03\/Carne-02.jpg?fit=1920%2C1080&ssl=1",1920,1080,true]},"author_info":{"display_name":"Jorge Lopez","author_link":"https:\/\/cambioagropecuario.com\/index.php\/author\/jorge\/"},"category_info":"<a href=\"https:\/\/cambioagropecuario.com\/index.php\/category\/ganaderia\/\" rel=\"category tag\">Ganaderia<\/a>","tag_info":"Ganaderia","comment_count":"0","jetpack_featured_media_url":"https:\/\/i0.wp.com\/cambioagropecuario.com\/wp-content\/uploads\/2022\/03\/Carne-02.jpg?fit=1920%2C1080&ssl=1","_links":{"self":[{"href":"https:\/\/cambioagropecuario.com\/index.php\/wp-json\/wp\/v2\/posts\/586","targetHints":{"allow":["GET"]}}],"collection":[{"href":"https:\/\/cambioagropecuario.com\/index.php\/wp-json\/wp\/v2\/posts"}],"about":[{"href":"https:\/\/cambioagropecuario.com\/index.php\/wp-json\/wp\/v2\/types\/post"}],"author":[{"embeddable":true,"href":"https:\/\/cambioagropecuario.com\/index.php\/wp-json\/wp\/v2\/users\/2"}],"replies":[{"embeddable":true,"href":"https:\/\/cambioagropecuario.com\/index.php\/wp-json\/wp\/v2\/comments?post=586"}],"version-history":[{"count":1,"href":"https:\/\/cambioagropecuario.com\/index.php\/wp-json\/wp\/v2\/posts\/586\/revisions"}],"predecessor-version":[{"id":590,"href":"https:\/\/cambioagropecuario.com\/index.php\/wp-json\/wp\/v2\/posts\/586\/revisions\/590"}],"wp:featuredmedia":[{"embeddable":true,"href":"https:\/\/cambioagropecuario.com\/index.php\/wp-json\/wp\/v2\/media\/588"}],"wp:attachment":[{"href":"https:\/\/cambioagropecuario.com\/index.php\/wp-json\/wp\/v2\/media?parent=586"}],"wp:term":[{"taxonomy":"category","embeddable":true,"href":"https:\/\/cambioagropecuario.com\/index.php\/wp-json\/wp\/v2\/categories?post=586"},{"taxonomy":"post_tag","embeddable":true,"href":"https:\/\/cambioagropecuario.com\/index.php\/wp-json\/wp\/v2\/tags?post=586"}],"curies":[{"name":"wp","href":"https:\/\/api.w.org\/{rel}","templated":true}]}}