{"id":566,"date":"2022-03-16T16:44:16","date_gmt":"2022-03-16T16:44:16","guid":{"rendered":"https:\/\/cambioagropecuario.com\/?p=566"},"modified":"2022-03-16T16:44:44","modified_gmt":"2022-03-16T16:44:44","slug":"reunion-de-representantes-de-la-federacion-argentina-de-productores-tabacaleros-y-legisladores-nacionales-de-las-provincias-productoras-con-el-ministro-de-agricultura-de-la-nacion-2","status":"publish","type":"post","link":"https:\/\/cambioagropecuario.com\/index.php\/2022\/03\/16\/reunion-de-representantes-de-la-federacion-argentina-de-productores-tabacaleros-y-legisladores-nacionales-de-las-provincias-productoras-con-el-ministro-de-agricultura-de-la-nacion-2\/","title":{"rendered":"Reuni\u00f3n de representantes de la Federaci\u00f3n Argentina de Productores Tabacaleros y legisladores nacionales de las provincias productoras con el ministro de agricultura de la naci\u00f3n."},"content":{"rendered":"\n<p>Entrevista a<strong> Lucio Manuel Paz Posse<\/strong>. Dirigente Tabacalero Salte\u00f1o.<\/p>\n\n\n\n<p><br>Se plante\u00f3 buscar una soluci\u00f3n a los problemas coyunturales del sector. Hubo un incremento de costos significativo, con altos \u00edndices de inflaci\u00f3n que ponen en peligro la continuidad del sector. Se solicit\u00f3 la eliminaci\u00f3n de los derechos de exportaci\u00f3n, al menos por esta campa\u00f1a. Hubo muy buena predisposici\u00f3n del Ministro que ya tiene un conocimiento global del sector. La incidencia social de la producci\u00f3n tabacalera y sus acciones para atender a la normativa laboral vigente.<\/p>\n\n\n\n<p><br>Nota completa en Cambio Agropecuario TV N\u00ba 1263 del 12\/03\/2022<\/p>\n\n\n\n<figure class=\"wp-block-embed is-type-video is-provider-youtube wp-block-embed-youtube wp-embed-aspect-16-9 wp-has-aspect-ratio\"><div class=\"wp-block-embed__wrapper\">\n<iframe loading=\"lazy\" title=\"CAMBIO AGROPECUARIO\u201d N\u00ba 1263  \u2013  Dr  LUCIO MANUEL PAZ - Dirigente del Sector Tabacalero Salte\u00f1o\" width=\"800\" height=\"450\" src=\"https:\/\/www.youtube.com\/embed\/ULnIVD1UVdU?feature=oembed\" frameborder=\"0\" allow=\"accelerometer; autoplay; clipboard-write; encrypted-media; gyroscope; picture-in-picture\" allowfullscreen><\/iframe>\n<\/div><\/figure>\n","protected":false},"excerpt":{"rendered":"<p>Entrevista a Lucio Manuel Paz Posse. Dirigente Tabacalero Salte\u00f1o. Se plante\u00f3 buscar una soluci\u00f3n a los problemas coyunturales del sector. Hubo un incremento de costos significativo, con altos \u00edndices de inflaci\u00f3n que ponen en peligro la continuidad del sector. Se solicit\u00f3 la eliminaci\u00f3n de los derechos de exportaci\u00f3n, al menos por esta campa\u00f1a. Hubo muy [&hellip;]<\/p>\n","protected":false},"author":2,"featured_media":567,"comment_status":"closed","ping_status":"open","sticky":false,"template":"","format":"standard","meta":{"footnotes":""},"categories":[5,18],"tags":[],"class_list":["post-566","post","type-post","status-publish","format-standard","has-post-thumbnail","hentry","category-cambio","category-noticias"],"yoast_head":"<!-- This site is optimized with the Yoast SEO plugin v21.6 - https:\/\/yoast.com\/wordpress\/plugins\/seo\/ -->\n<title>Reuni\u00f3n de representantes de la Federaci\u00f3n Argentina de Productores Tabacaleros y legisladores nacionales de las provincias productoras con el ministro de agricultura de la naci\u00f3n. - Cambio Agropecuario<\/title>\n<meta name=\"robots\" content=\"index, follow, max-snippet:-1, max-image-preview:large, max-video-preview:-1\" \/>\n<link rel=\"canonical\" href=\"https:\/\/cambioagropecuario.com\/index.php\/2022\/03\/16\/reunion-de-representantes-de-la-federacion-argentina-de-productores-tabacaleros-y-legisladores-nacionales-de-las-provincias-productoras-con-el-ministro-de-agricultura-de-la-nacion-2\/\" \/>\n<meta property=\"og:locale\" content=\"es_ES\" \/>\n<meta property=\"og:type\" content=\"article\" \/>\n<meta property=\"og:title\" content=\"Reuni\u00f3n de representantes de la Federaci\u00f3n Argentina de Productores Tabacaleros y legisladores nacionales de las provincias productoras con el ministro de agricultura de la naci\u00f3n. - Cambio Agropecuario\" \/>\n<meta property=\"og:description\" content=\"Entrevista a Lucio Manuel Paz Posse. Dirigente Tabacalero Salte\u00f1o. Se plante\u00f3 buscar una soluci\u00f3n a los problemas coyunturales del sector. Hubo un incremento de costos significativo, con altos \u00edndices de inflaci\u00f3n que ponen en peligro la continuidad del sector. Se solicit\u00f3 la eliminaci\u00f3n de los derechos de exportaci\u00f3n, al menos por esta campa\u00f1a. Hubo muy [&hellip;]\" \/>\n<meta property=\"og:url\" content=\"https:\/\/cambioagropecuario.com\/index.php\/2022\/03\/16\/reunion-de-representantes-de-la-federacion-argentina-de-productores-tabacaleros-y-legisladores-nacionales-de-las-provincias-productoras-con-el-ministro-de-agricultura-de-la-nacion-2\/\" \/>\n<meta property=\"og:site_name\" content=\"Cambio Agropecuario\" \/>\n<meta property=\"article:publisher\" content=\"https:\/\/www.facebook.com\/cambio.agropecuario\" \/>\n<meta property=\"article:published_time\" content=\"2022-03-16T16:44:16+00:00\" \/>\n<meta property=\"article:modified_time\" content=\"2022-03-16T16:44:44+00:00\" \/>\n<meta property=\"og:image\" content=\"https:\/\/cambioagropecuario.com\/wp-content\/uploads\/2022\/03\/paz-posse.png\" \/>\n\t<meta property=\"og:image:width\" content=\"746\" \/>\n\t<meta property=\"og:image:height\" content=\"422\" \/>\n\t<meta property=\"og:image:type\" content=\"image\/png\" \/>\n<meta name=\"author\" content=\"Jorge Lopez\" \/>\n<meta name=\"twitter:card\" content=\"summary_large_image\" \/>\n<meta name=\"twitter:label1\" content=\"Escrito por\" \/>\n\t<meta name=\"twitter:data1\" content=\"Jorge Lopez\" \/>\n\t<meta name=\"twitter:label2\" content=\"Tiempo de lectura\" \/>\n\t<meta name=\"twitter:data2\" content=\"1 minuto\" \/>\n<script type=\"application\/ld+json\" class=\"yoast-schema-graph\">{\"@context\":\"https:\/\/schema.org\",\"@graph\":[{\"@type\":\"Article\",\"@id\":\"https:\/\/cambioagropecuario.com\/index.php\/2022\/03\/16\/reunion-de-representantes-de-la-federacion-argentina-de-productores-tabacaleros-y-legisladores-nacionales-de-las-provincias-productoras-con-el-ministro-de-agricultura-de-la-nacion-2\/#article\",\"isPartOf\":{\"@id\":\"https:\/\/cambioagropecuario.com\/index.php\/2022\/03\/16\/reunion-de-representantes-de-la-federacion-argentina-de-productores-tabacaleros-y-legisladores-nacionales-de-las-provincias-productoras-con-el-ministro-de-agricultura-de-la-nacion-2\/\"},\"author\":{\"name\":\"Jorge Lopez\",\"@id\":\"https:\/\/cambioagropecuario.com\/#\/schema\/person\/24cfd493eaf12ce5568e4f89cfaa3b8a\"},\"headline\":\"Reuni\u00f3n de representantes de la Federaci\u00f3n Argentina de Productores Tabacaleros y legisladores nacionales de las provincias productoras con el ministro de agricultura de la naci\u00f3n.\",\"datePublished\":\"2022-03-16T16:44:16+00:00\",\"dateModified\":\"2022-03-16T16:44:44+00:00\",\"mainEntityOfPage\":{\"@id\":\"https:\/\/cambioagropecuario.com\/index.php\/2022\/03\/16\/reunion-de-representantes-de-la-federacion-argentina-de-productores-tabacaleros-y-legisladores-nacionales-de-las-provincias-productoras-con-el-ministro-de-agricultura-de-la-nacion-2\/\"},\"wordCount\":133,\"publisher\":{\"@id\":\"https:\/\/cambioagropecuario.com\/#organization\"},\"articleSection\":[\"Cambio Producciones\",\"Noticias\"],\"inLanguage\":\"es\"},{\"@type\":\"WebPage\",\"@id\":\"https:\/\/cambioagropecuario.com\/index.php\/2022\/03\/16\/reunion-de-representantes-de-la-federacion-argentina-de-productores-tabacaleros-y-legisladores-nacionales-de-las-provincias-productoras-con-el-ministro-de-agricultura-de-la-nacion-2\/\",\"url\":\"https:\/\/cambioagropecuario.com\/index.php\/2022\/03\/16\/reunion-de-representantes-de-la-federacion-argentina-de-productores-tabacaleros-y-legisladores-nacionales-de-las-provincias-productoras-con-el-ministro-de-agricultura-de-la-nacion-2\/\",\"name\":\"Reuni\u00f3n de representantes de la Federaci\u00f3n Argentina de Productores Tabacaleros y legisladores nacionales de las provincias productoras con el ministro de agricultura de la naci\u00f3n. - Cambio Agropecuario\",\"isPartOf\":{\"@id\":\"https:\/\/cambioagropecuario.com\/#website\"},\"datePublished\":\"2022-03-16T16:44:16+00:00\",\"dateModified\":\"2022-03-16T16:44:44+00:00\",\"breadcrumb\":{\"@id\":\"https:\/\/cambioagropecuario.com\/index.php\/2022\/03\/16\/reunion-de-representantes-de-la-federacion-argentina-de-productores-tabacaleros-y-legisladores-nacionales-de-las-provincias-productoras-con-el-ministro-de-agricultura-de-la-nacion-2\/#breadcrumb\"},\"inLanguage\":\"es\",\"potentialAction\":[{\"@type\":\"ReadAction\",\"target\":[\"https:\/\/cambioagropecuario.com\/index.php\/2022\/03\/16\/reunion-de-representantes-de-la-federacion-argentina-de-productores-tabacaleros-y-legisladores-nacionales-de-las-provincias-productoras-con-el-ministro-de-agricultura-de-la-nacion-2\/\"]}]},{\"@type\":\"BreadcrumbList\",\"@id\":\"https:\/\/cambioagropecuario.com\/index.php\/2022\/03\/16\/reunion-de-representantes-de-la-federacion-argentina-de-productores-tabacaleros-y-legisladores-nacionales-de-las-provincias-productoras-con-el-ministro-de-agricultura-de-la-nacion-2\/#breadcrumb\",\"itemListElement\":[{\"@type\":\"ListItem\",\"position\":1,\"name\":\"Portada\",\"item\":\"https:\/\/cambioagropecuario.com\/\"},{\"@type\":\"ListItem\",\"position\":2,\"name\":\"Reuni\u00f3n de representantes de la Federaci\u00f3n Argentina de Productores Tabacaleros y legisladores nacionales de las provincias productoras con el ministro de agricultura de la naci\u00f3n.\"}]},{\"@type\":\"WebSite\",\"@id\":\"https:\/\/cambioagropecuario.com\/#website\",\"url\":\"https:\/\/cambioagropecuario.com\/\",\"name\":\"Cambio Agropecuario\",\"description\":\"Cambio Agropecuario es un portal de informaci\u00f3n objetiva y veraz del sector Agroproductivo de la Rep\u00fablica Argentina. Lejos de nuestro esp\u00edritu est\u00e1 el hecho de publicar noticias con un sesgo pol\u00edtico que no contribuya a enaltecer el desarrollo de las producciones agr\u00edcolas y pecuarias. Publicamos en libertad, sin presi\u00f3n de corporaci\u00f3n medi\u00e1tica alguna, ni de intereses econ\u00f3micos y pol\u00edticos. Las experiencias productivas ser\u00e1n una constante en este portal, porque nos interesa mostrar las iniciativas que llevan adelante los emprendedores y que son dignas de replicar en alguna latitud de nuestro pa\u00eds.\",\"publisher\":{\"@id\":\"https:\/\/cambioagropecuario.com\/#organization\"},\"potentialAction\":[{\"@type\":\"SearchAction\",\"target\":{\"@type\":\"EntryPoint\",\"urlTemplate\":\"https:\/\/cambioagropecuario.com\/?s={search_term_string}\"},\"query-input\":\"required name=search_term_string\"}],\"inLanguage\":\"es\"},{\"@type\":\"Organization\",\"@id\":\"https:\/\/cambioagropecuario.com\/#organization\",\"name\":\"Cambio Agropecuario\",\"url\":\"https:\/\/cambioagropecuario.com\/\",\"logo\":{\"@type\":\"ImageObject\",\"inLanguage\":\"es\",\"@id\":\"https:\/\/cambioagropecuario.com\/#\/schema\/logo\/image\/\",\"url\":\"https:\/\/cambioagropecuario.com\/wp-content\/uploads\/2021\/11\/cropped-Sin-titulo-1-1.png\",\"contentUrl\":\"https:\/\/cambioagropecuario.com\/wp-content\/uploads\/2021\/11\/cropped-Sin-titulo-1-1.png\",\"width\":512,\"height\":512,\"caption\":\"Cambio Agropecuario\"},\"image\":{\"@id\":\"https:\/\/cambioagropecuario.com\/#\/schema\/logo\/image\/\"},\"sameAs\":[\"https:\/\/www.facebook.com\/cambio.agropecuario\",\"https:\/\/www.youtube.com\/user\/cambioagropecuariotv\"]},{\"@type\":\"Person\",\"@id\":\"https:\/\/cambioagropecuario.com\/#\/schema\/person\/24cfd493eaf12ce5568e4f89cfaa3b8a\",\"name\":\"Jorge Lopez\",\"image\":{\"@type\":\"ImageObject\",\"inLanguage\":\"es\",\"@id\":\"https:\/\/cambioagropecuario.com\/#\/schema\/person\/image\/\",\"url\":\"https:\/\/secure.gravatar.com\/avatar\/775b1c76ac22bc240f9c49041d7dc067?s=96&d=mm&r=g\",\"contentUrl\":\"https:\/\/secure.gravatar.com\/avatar\/775b1c76ac22bc240f9c49041d7dc067?s=96&d=mm&r=g\",\"caption\":\"Jorge Lopez\"},\"url\":\"https:\/\/cambioagropecuario.com\/index.php\/author\/jorge\/\"}]}<\/script>\n<!-- \/ Yoast SEO plugin. -->","yoast_head_json":{"title":"Reuni\u00f3n de representantes de la Federaci\u00f3n Argentina de Productores Tabacaleros y legisladores nacionales de las provincias productoras con el ministro de agricultura de la naci\u00f3n. - Cambio Agropecuario","robots":{"index":"index","follow":"follow","max-snippet":"max-snippet:-1","max-image-preview":"max-image-preview:large","max-video-preview":"max-video-preview:-1"},"canonical":"https:\/\/cambioagropecuario.com\/index.php\/2022\/03\/16\/reunion-de-representantes-de-la-federacion-argentina-de-productores-tabacaleros-y-legisladores-nacionales-de-las-provincias-productoras-con-el-ministro-de-agricultura-de-la-nacion-2\/","og_locale":"es_ES","og_type":"article","og_title":"Reuni\u00f3n de representantes de la Federaci\u00f3n Argentina de Productores Tabacaleros y legisladores nacionales de las provincias productoras con el ministro de agricultura de la naci\u00f3n. - Cambio Agropecuario","og_description":"Entrevista a Lucio Manuel Paz Posse. Dirigente Tabacalero Salte\u00f1o. Se plante\u00f3 buscar una soluci\u00f3n a los problemas coyunturales del sector. Hubo un incremento de costos significativo, con altos \u00edndices de inflaci\u00f3n que ponen en peligro la continuidad del sector. Se solicit\u00f3 la eliminaci\u00f3n de los derechos de exportaci\u00f3n, al menos por esta campa\u00f1a. Hubo muy [&hellip;]","og_url":"https:\/\/cambioagropecuario.com\/index.php\/2022\/03\/16\/reunion-de-representantes-de-la-federacion-argentina-de-productores-tabacaleros-y-legisladores-nacionales-de-las-provincias-productoras-con-el-ministro-de-agricultura-de-la-nacion-2\/","og_site_name":"Cambio Agropecuario","article_publisher":"https:\/\/www.facebook.com\/cambio.agropecuario","article_published_time":"2022-03-16T16:44:16+00:00","article_modified_time":"2022-03-16T16:44:44+00:00","og_image":[{"width":746,"height":422,"url":"https:\/\/cambioagropecuario.com\/wp-content\/uploads\/2022\/03\/paz-posse.png","type":"image\/png"}],"author":"Jorge Lopez","twitter_card":"summary_large_image","twitter_misc":{"Escrito por":"Jorge Lopez","Tiempo de lectura":"1 minuto"},"schema":{"@context":"https:\/\/schema.org","@graph":[{"@type":"Article","@id":"https:\/\/cambioagropecuario.com\/index.php\/2022\/03\/16\/reunion-de-representantes-de-la-federacion-argentina-de-productores-tabacaleros-y-legisladores-nacionales-de-las-provincias-productoras-con-el-ministro-de-agricultura-de-la-nacion-2\/#article","isPartOf":{"@id":"https:\/\/cambioagropecuario.com\/index.php\/2022\/03\/16\/reunion-de-representantes-de-la-federacion-argentina-de-productores-tabacaleros-y-legisladores-nacionales-de-las-provincias-productoras-con-el-ministro-de-agricultura-de-la-nacion-2\/"},"author":{"name":"Jorge Lopez","@id":"https:\/\/cambioagropecuario.com\/#\/schema\/person\/24cfd493eaf12ce5568e4f89cfaa3b8a"},"headline":"Reuni\u00f3n de representantes de la Federaci\u00f3n Argentina de Productores Tabacaleros y legisladores nacionales de las provincias productoras con el ministro de agricultura de la naci\u00f3n.","datePublished":"2022-03-16T16:44:16+00:00","dateModified":"2022-03-16T16:44:44+00:00","mainEntityOfPage":{"@id":"https:\/\/cambioagropecuario.com\/index.php\/2022\/03\/16\/reunion-de-representantes-de-la-federacion-argentina-de-productores-tabacaleros-y-legisladores-nacionales-de-las-provincias-productoras-con-el-ministro-de-agricultura-de-la-nacion-2\/"},"wordCount":133,"publisher":{"@id":"https:\/\/cambioagropecuario.com\/#organization"},"articleSection":["Cambio Producciones","Noticias"],"inLanguage":"es"},{"@type":"WebPage","@id":"https:\/\/cambioagropecuario.com\/index.php\/2022\/03\/16\/reunion-de-representantes-de-la-federacion-argentina-de-productores-tabacaleros-y-legisladores-nacionales-de-las-provincias-productoras-con-el-ministro-de-agricultura-de-la-nacion-2\/","url":"https:\/\/cambioagropecuario.com\/index.php\/2022\/03\/16\/reunion-de-representantes-de-la-federacion-argentina-de-productores-tabacaleros-y-legisladores-nacionales-de-las-provincias-productoras-con-el-ministro-de-agricultura-de-la-nacion-2\/","name":"Reuni\u00f3n de representantes de la Federaci\u00f3n Argentina de Productores Tabacaleros y legisladores nacionales de las provincias productoras con el ministro de agricultura de la naci\u00f3n. - Cambio Agropecuario","isPartOf":{"@id":"https:\/\/cambioagropecuario.com\/#website"},"datePublished":"2022-03-16T16:44:16+00:00","dateModified":"2022-03-16T16:44:44+00:00","breadcrumb":{"@id":"https:\/\/cambioagropecuario.com\/index.php\/2022\/03\/16\/reunion-de-representantes-de-la-federacion-argentina-de-productores-tabacaleros-y-legisladores-nacionales-de-las-provincias-productoras-con-el-ministro-de-agricultura-de-la-nacion-2\/#breadcrumb"},"inLanguage":"es","potentialAction":[{"@type":"ReadAction","target":["https:\/\/cambioagropecuario.com\/index.php\/2022\/03\/16\/reunion-de-representantes-de-la-federacion-argentina-de-productores-tabacaleros-y-legisladores-nacionales-de-las-provincias-productoras-con-el-ministro-de-agricultura-de-la-nacion-2\/"]}]},{"@type":"BreadcrumbList","@id":"https:\/\/cambioagropecuario.com\/index.php\/2022\/03\/16\/reunion-de-representantes-de-la-federacion-argentina-de-productores-tabacaleros-y-legisladores-nacionales-de-las-provincias-productoras-con-el-ministro-de-agricultura-de-la-nacion-2\/#breadcrumb","itemListElement":[{"@type":"ListItem","position":1,"name":"Portada","item":"https:\/\/cambioagropecuario.com\/"},{"@type":"ListItem","position":2,"name":"Reuni\u00f3n de representantes de la Federaci\u00f3n Argentina de Productores Tabacaleros y legisladores nacionales de las provincias productoras con el ministro de agricultura de la naci\u00f3n."}]},{"@type":"WebSite","@id":"https:\/\/cambioagropecuario.com\/#website","url":"https:\/\/cambioagropecuario.com\/","name":"Cambio Agropecuario","description":"Cambio Agropecuario es un portal de informaci\u00f3n objetiva y veraz del sector Agroproductivo de la Rep\u00fablica Argentina. Lejos de nuestro esp\u00edritu est\u00e1 el hecho de publicar noticias con un sesgo pol\u00edtico que no contribuya a enaltecer el desarrollo de las producciones agr\u00edcolas y pecuarias. Publicamos en libertad, sin presi\u00f3n de corporaci\u00f3n medi\u00e1tica alguna, ni de intereses econ\u00f3micos y pol\u00edticos. Las experiencias productivas ser\u00e1n una constante en este portal, porque nos interesa mostrar las iniciativas que llevan adelante los emprendedores y que son dignas de replicar en alguna latitud de nuestro pa\u00eds.","publisher":{"@id":"https:\/\/cambioagropecuario.com\/#organization"},"potentialAction":[{"@type":"SearchAction","target":{"@type":"EntryPoint","urlTemplate":"https:\/\/cambioagropecuario.com\/?s={search_term_string}"},"query-input":"required name=search_term_string"}],"inLanguage":"es"},{"@type":"Organization","@id":"https:\/\/cambioagropecuario.com\/#organization","name":"Cambio Agropecuario","url":"https:\/\/cambioagropecuario.com\/","logo":{"@type":"ImageObject","inLanguage":"es","@id":"https:\/\/cambioagropecuario.com\/#\/schema\/logo\/image\/","url":"https:\/\/cambioagropecuario.com\/wp-content\/uploads\/2021\/11\/cropped-Sin-titulo-1-1.png","contentUrl":"https:\/\/cambioagropecuario.com\/wp-content\/uploads\/2021\/11\/cropped-Sin-titulo-1-1.png","width":512,"height":512,"caption":"Cambio Agropecuario"},"image":{"@id":"https:\/\/cambioagropecuario.com\/#\/schema\/logo\/image\/"},"sameAs":["https:\/\/www.facebook.com\/cambio.agropecuario","https:\/\/www.youtube.com\/user\/cambioagropecuariotv"]},{"@type":"Person","@id":"https:\/\/cambioagropecuario.com\/#\/schema\/person\/24cfd493eaf12ce5568e4f89cfaa3b8a","name":"Jorge Lopez","image":{"@type":"ImageObject","inLanguage":"es","@id":"https:\/\/cambioagropecuario.com\/#\/schema\/person\/image\/","url":"https:\/\/secure.gravatar.com\/avatar\/775b1c76ac22bc240f9c49041d7dc067?s=96&d=mm&r=g","contentUrl":"https:\/\/secure.gravatar.com\/avatar\/775b1c76ac22bc240f9c49041d7dc067?s=96&d=mm&r=g","caption":"Jorge Lopez"},"url":"https:\/\/cambioagropecuario.com\/index.php\/author\/jorge\/"}]}},"jetpack_sharing_enabled":true,"featured_image_urls":{"full":["https:\/\/i0.wp.com\/cambioagropecuario.com\/wp-content\/uploads\/2022\/03\/paz-posse.png?fit=746%2C422&ssl=1",746,422,false],"thumbnail":["https:\/\/i0.wp.com\/cambioagropecuario.com\/wp-content\/uploads\/2022\/03\/paz-posse.png?resize=150%2C150&ssl=1",150,150,true],"medium":["https:\/\/i0.wp.com\/cambioagropecuario.com\/wp-content\/uploads\/2022\/03\/paz-posse.png?fit=300%2C170&ssl=1",300,170,true],"medium_large":["https:\/\/i0.wp.com\/cambioagropecuario.com\/wp-content\/uploads\/2022\/03\/paz-posse.png?fit=746%2C422&ssl=1",746,422,true],"large":["https:\/\/i0.wp.com\/cambioagropecuario.com\/wp-content\/uploads\/2022\/03\/paz-posse.png?fit=746%2C422&ssl=1",746,422,true],"1536x1536":["https:\/\/i0.wp.com\/cambioagropecuario.com\/wp-content\/uploads\/2022\/03\/paz-posse.png?fit=746%2C422&ssl=1",746,422,true],"2048x2048":["https:\/\/i0.wp.com\/cambioagropecuario.com\/wp-content\/uploads\/2022\/03\/paz-posse.png?fit=746%2C422&ssl=1",746,422,true]},"author_info":{"display_name":"Jorge Lopez","author_link":"https:\/\/cambioagropecuario.com\/index.php\/author\/jorge\/"},"category_info":"<a href=\"https:\/\/cambioagropecuario.com\/index.php\/category\/cambio\/\" rel=\"category tag\">Cambio Producciones<\/a> <a href=\"https:\/\/cambioagropecuario.com\/index.php\/category\/noticias\/\" rel=\"category tag\">Noticias<\/a>","tag_info":"Noticias","comment_count":"0","jetpack_featured_media_url":"https:\/\/i0.wp.com\/cambioagropecuario.com\/wp-content\/uploads\/2022\/03\/paz-posse.png?fit=746%2C422&ssl=1","_links":{"self":[{"href":"https:\/\/cambioagropecuario.com\/index.php\/wp-json\/wp\/v2\/posts\/566","targetHints":{"allow":["GET"]}}],"collection":[{"href":"https:\/\/cambioagropecuario.com\/index.php\/wp-json\/wp\/v2\/posts"}],"about":[{"href":"https:\/\/cambioagropecuario.com\/index.php\/wp-json\/wp\/v2\/types\/post"}],"author":[{"embeddable":true,"href":"https:\/\/cambioagropecuario.com\/index.php\/wp-json\/wp\/v2\/users\/2"}],"replies":[{"embeddable":true,"href":"https:\/\/cambioagropecuario.com\/index.php\/wp-json\/wp\/v2\/comments?post=566"}],"version-history":[{"count":2,"href":"https:\/\/cambioagropecuario.com\/index.php\/wp-json\/wp\/v2\/posts\/566\/revisions"}],"predecessor-version":[{"id":569,"href":"https:\/\/cambioagropecuario.com\/index.php\/wp-json\/wp\/v2\/posts\/566\/revisions\/569"}],"wp:featuredmedia":[{"embeddable":true,"href":"https:\/\/cambioagropecuario.com\/index.php\/wp-json\/wp\/v2\/media\/567"}],"wp:attachment":[{"href":"https:\/\/cambioagropecuario.com\/index.php\/wp-json\/wp\/v2\/media?parent=566"}],"wp:term":[{"taxonomy":"category","embeddable":true,"href":"https:\/\/cambioagropecuario.com\/index.php\/wp-json\/wp\/v2\/categories?post=566"},{"taxonomy":"post_tag","embeddable":true,"href":"https:\/\/cambioagropecuario.com\/index.php\/wp-json\/wp\/v2\/tags?post=566"}],"curies":[{"name":"wp","href":"https:\/\/api.w.org\/{rel}","templated":true}]}}