{"id":531,"date":"2022-03-10T23:05:37","date_gmt":"2022-03-10T23:05:37","guid":{"rendered":"https:\/\/cambioagropecuario.com\/?p=531"},"modified":"2022-03-10T23:05:40","modified_gmt":"2022-03-10T23:05:40","slug":"expoagro-2022-pese-a-la-sequia-estiman-que-el-agro-aportara-us-16-000-millones-al-estado","status":"publish","type":"post","link":"https:\/\/cambioagropecuario.com\/index.php\/2022\/03\/10\/expoagro-2022-pese-a-la-sequia-estiman-que-el-agro-aportara-us-16-000-millones-al-estado\/","title":{"rendered":"Expoagro 2022: pese a la sequ\u00eda, estiman que el agro aportar\u00e1 US$ 16.000 millones al Estado"},"content":{"rendered":"\n<p>En&nbsp;<a href=\"https:\/\/news.agrofy.com.ar\/expo\/expoagro\" target=\"_blank\" rel=\"noreferrer noopener\">Expoagro 2022 Edici\u00f3n YPF Agro<\/a>, la Bolsa de Cereales analiz\u00f3 a trav\u00e9s de especialistas las principales fuentes de incertidumbre que afectan la campa\u00f1a actual, especialmente la sequ\u00eda en Sudam\u00e9rica y el conflicto en el Mar Negro, y sus consecuencias sobre la&nbsp;<strong>contribuci\u00f3n del sector a la&nbsp;<\/strong><a href=\"https:\/\/news.agrofy.com.ar\/economia-politica\" target=\"_blank\" rel=\"noreferrer noopener\">econom\u00eda argentina.<\/a><\/p>\n\n\n\n<h2 class=\"wp-block-heading\">Proyecciones en Expoagro 2022 edici\u00f3n YPF Agro<\/h2>\n\n\n\n<p>El panel inici\u00f3 con el an\u00e1lisis clim\u00e1tico de la\u00a0<strong>campa\u00f1a de Gruesa 2021\/22<\/strong>\u00a0a cargo del Ingeniero Eduardo Sierra, Especialista en Agroclimatolog\u00eda, quien destac\u00f3 las adversidades clim\u00e1ticas que enfrentaron los cultivos de verano e indic\u00f3 que, durante los pr\u00f3ximos meses, los<strong>\u00a0efectos de La Ni\u00f1a<\/strong>\u00a0podr\u00edan persistir hasta el final de la campa\u00f1a. Con respecto a las perspectivas del ciclo productivo 2022\/23, resalt\u00f3 que el\u00a0<a href=\"https:\/\/news.agrofy.com.ar\/pronostico-clima-tiempo\" target=\"_blank\" rel=\"noreferrer noopener\">escenario clim\u00e1tico<\/a>\u00a0apunta a un a\u00f1o neutral m\u00e1s cercano a uno normal tanto en precipitaciones como en temperaturas.<\/p>\n\n\n\n<p>Con este panorama,&nbsp;<strong>Andr\u00e9s Paterniti<\/strong>, Analista de Cultivos del Dpto. de Estimaciones Agr\u00edcolas de la Bolsa de Cereales, describi\u00f3 la situaci\u00f3n de los principales cultivos de verano, con \u00e9nfasis en los efectos del d\u00e9ficit h\u00eddrico sobre las estimaciones iniciales de producci\u00f3n, que ya descontaban un escenario desafiante, y analiz\u00f3 como impactar\u00edan las condiciones agroclim\u00e1ticas de los pr\u00f3ximos meses sobre estas cifras. Mencion\u00f3 que las altas temperaturas, junto a&nbsp;<strong>precipitaciones heterog\u00e9neas y por debajo a la media<\/strong>, generaron mermas esperadas en siembras tempranas de hasta un 30% en los n\u00facleos productivos.<\/p>\n\n\n\n<p>En relaci\u00f3n a esto \u00faltimo, la&nbsp;<strong>producci\u00f3n de ma\u00edz report\u00f3 un recorte de 6 MTn<\/strong>&nbsp;(un 10,5 % por debajo de la estimaci\u00f3n inicial de 57 MTn), la producci\u00f3n de soja registro una ca\u00edda de 2 MTn (una merma del 4,5 % con respecto a la estimaci\u00f3n de producci\u00f3n inicial de 44MTn) y la producci\u00f3n de girasol sufri\u00f3 una reducci\u00f3n de 200 mTn. La disminuci\u00f3n de las cantidades producidas tendr\u00e1 consecuencias negativas sobre los vol\u00famenes de&nbsp;<strong>molienda y exportaciones de granos y subproductos de Argentina.<\/strong><\/p>\n\n\n\n<p>No obstante, los niveles r\u00e9cord de precios internacionales que estamos registrando permitir\u00edan compensar la disminuci\u00f3n de la producci\u00f3n y resultar en una nueva contribuci\u00f3n r\u00e9cord del sector a los principales agregados econ\u00f3micos, subray\u00f3 el economista jefe de la Entidad, Agust\u00edn Tejeda.<\/p>\n\n\n\n<p>El aporte a la recaudaci\u00f3n fiscal alcanzar\u00eda los USD 16 mil millones y el&nbsp;<strong>Producto Bruto Agr\u00edcola<\/strong>&nbsp;se acercar\u00eda a los USD 48 mil millones. Tejeda destac\u00f3 que estas estimaciones est\u00e1n sujetas a una alta incertidumbre, no solo por los impactos finales de la sequ\u00eda sobre nuestra producci\u00f3n, sino especialmente por la volatilidad que registran los mercados internacionales como consecuencia de la invasi\u00f3n rusa a Ucrania.<\/p>\n\n\n\n<p>En un contexto complejo como el que estamos atravesando a nivel local e internacional, ser\u00e1n determinantes pol\u00edticas que env\u00eden se\u00f1ales claras a los productores de cara al nuevo ciclo productivo, y a nuestros principales socios comerciales, agreg\u00f3. Finalmente, subray\u00f3 la necesidad de continuar trabajando en el desarrollo de una&nbsp;<strong>pol\u00edtica integral de gesti\u00f3n del riesgo agropecuario.<\/strong><\/p>\n","protected":false},"excerpt":{"rendered":"<p>En&nbsp;Expoagro 2022 Edici\u00f3n YPF Agro, la Bolsa de Cereales analiz\u00f3 a trav\u00e9s de especialistas las principales fuentes de incertidumbre que afectan la campa\u00f1a actual, especialmente la sequ\u00eda en Sudam\u00e9rica y el conflicto en el Mar Negro, y sus consecuencias sobre la&nbsp;contribuci\u00f3n del sector a la&nbsp;econom\u00eda argentina. Proyecciones en Expoagro 2022 edici\u00f3n YPF Agro El panel [&hellip;]<\/p>\n","protected":false},"author":2,"featured_media":532,"comment_status":"closed","ping_status":"open","sticky":false,"template":"","format":"standard","meta":{"footnotes":""},"categories":[18],"tags":[],"class_list":["post-531","post","type-post","status-publish","format-standard","has-post-thumbnail","hentry","category-noticias"],"yoast_head":"<!-- This site is optimized with the Yoast SEO plugin v21.6 - https:\/\/yoast.com\/wordpress\/plugins\/seo\/ -->\n<title>Expoagro 2022: pese a la sequ\u00eda, estiman que el agro aportar\u00e1 US$ 16.000 millones al Estado - Cambio Agropecuario<\/title>\n<meta name=\"robots\" content=\"index, follow, max-snippet:-1, max-image-preview:large, max-video-preview:-1\" \/>\n<link rel=\"canonical\" href=\"https:\/\/cambioagropecuario.com\/index.php\/2022\/03\/10\/expoagro-2022-pese-a-la-sequia-estiman-que-el-agro-aportara-us-16-000-millones-al-estado\/\" \/>\n<meta property=\"og:locale\" content=\"es_ES\" \/>\n<meta property=\"og:type\" content=\"article\" \/>\n<meta property=\"og:title\" content=\"Expoagro 2022: pese a la sequ\u00eda, estiman que el agro aportar\u00e1 US$ 16.000 millones al Estado - Cambio Agropecuario\" \/>\n<meta property=\"og:description\" content=\"En&nbsp;Expoagro 2022 Edici\u00f3n YPF Agro, la Bolsa de Cereales analiz\u00f3 a trav\u00e9s de especialistas las principales fuentes de incertidumbre que afectan la campa\u00f1a actual, especialmente la sequ\u00eda en Sudam\u00e9rica y el conflicto en el Mar Negro, y sus consecuencias sobre la&nbsp;contribuci\u00f3n del sector a la&nbsp;econom\u00eda argentina. Proyecciones en Expoagro 2022 edici\u00f3n YPF Agro El panel [&hellip;]\" \/>\n<meta property=\"og:url\" content=\"https:\/\/cambioagropecuario.com\/index.php\/2022\/03\/10\/expoagro-2022-pese-a-la-sequia-estiman-que-el-agro-aportara-us-16-000-millones-al-estado\/\" \/>\n<meta property=\"og:site_name\" content=\"Cambio Agropecuario\" \/>\n<meta property=\"article:publisher\" content=\"https:\/\/www.facebook.com\/cambio.agropecuario\" \/>\n<meta property=\"article:published_time\" content=\"2022-03-10T23:05:37+00:00\" \/>\n<meta property=\"article:modified_time\" content=\"2022-03-10T23:05:40+00:00\" \/>\n<meta property=\"og:image\" content=\"https:\/\/cambioagropecuario.com\/wp-content\/uploads\/2022\/03\/sequia-2022-198561.webp\" \/>\n\t<meta property=\"og:image:width\" content=\"620\" \/>\n\t<meta property=\"og:image:height\" content=\"375\" \/>\n\t<meta property=\"og:image:type\" content=\"image\/webp\" \/>\n<meta name=\"author\" content=\"Jorge Lopez\" \/>\n<meta name=\"twitter:card\" content=\"summary_large_image\" \/>\n<meta name=\"twitter:label1\" content=\"Escrito por\" \/>\n\t<meta name=\"twitter:data1\" content=\"Jorge Lopez\" \/>\n\t<meta name=\"twitter:label2\" content=\"Tiempo de lectura\" \/>\n\t<meta name=\"twitter:data2\" content=\"3 minutos\" \/>\n<script type=\"application\/ld+json\" class=\"yoast-schema-graph\">{\"@context\":\"https:\/\/schema.org\",\"@graph\":[{\"@type\":\"Article\",\"@id\":\"https:\/\/cambioagropecuario.com\/index.php\/2022\/03\/10\/expoagro-2022-pese-a-la-sequia-estiman-que-el-agro-aportara-us-16-000-millones-al-estado\/#article\",\"isPartOf\":{\"@id\":\"https:\/\/cambioagropecuario.com\/index.php\/2022\/03\/10\/expoagro-2022-pese-a-la-sequia-estiman-que-el-agro-aportara-us-16-000-millones-al-estado\/\"},\"author\":{\"name\":\"Jorge Lopez\",\"@id\":\"https:\/\/cambioagropecuario.com\/#\/schema\/person\/24cfd493eaf12ce5568e4f89cfaa3b8a\"},\"headline\":\"Expoagro 2022: pese a la sequ\u00eda, estiman que el agro aportar\u00e1 US$ 16.000 millones al Estado\",\"datePublished\":\"2022-03-10T23:05:37+00:00\",\"dateModified\":\"2022-03-10T23:05:40+00:00\",\"mainEntityOfPage\":{\"@id\":\"https:\/\/cambioagropecuario.com\/index.php\/2022\/03\/10\/expoagro-2022-pese-a-la-sequia-estiman-que-el-agro-aportara-us-16-000-millones-al-estado\/\"},\"wordCount\":553,\"publisher\":{\"@id\":\"https:\/\/cambioagropecuario.com\/#organization\"},\"articleSection\":[\"Noticias\"],\"inLanguage\":\"es\"},{\"@type\":\"WebPage\",\"@id\":\"https:\/\/cambioagropecuario.com\/index.php\/2022\/03\/10\/expoagro-2022-pese-a-la-sequia-estiman-que-el-agro-aportara-us-16-000-millones-al-estado\/\",\"url\":\"https:\/\/cambioagropecuario.com\/index.php\/2022\/03\/10\/expoagro-2022-pese-a-la-sequia-estiman-que-el-agro-aportara-us-16-000-millones-al-estado\/\",\"name\":\"Expoagro 2022: pese a la sequ\u00eda, estiman que el agro aportar\u00e1 US$ 16.000 millones al Estado - Cambio Agropecuario\",\"isPartOf\":{\"@id\":\"https:\/\/cambioagropecuario.com\/#website\"},\"datePublished\":\"2022-03-10T23:05:37+00:00\",\"dateModified\":\"2022-03-10T23:05:40+00:00\",\"breadcrumb\":{\"@id\":\"https:\/\/cambioagropecuario.com\/index.php\/2022\/03\/10\/expoagro-2022-pese-a-la-sequia-estiman-que-el-agro-aportara-us-16-000-millones-al-estado\/#breadcrumb\"},\"inLanguage\":\"es\",\"potentialAction\":[{\"@type\":\"ReadAction\",\"target\":[\"https:\/\/cambioagropecuario.com\/index.php\/2022\/03\/10\/expoagro-2022-pese-a-la-sequia-estiman-que-el-agro-aportara-us-16-000-millones-al-estado\/\"]}]},{\"@type\":\"BreadcrumbList\",\"@id\":\"https:\/\/cambioagropecuario.com\/index.php\/2022\/03\/10\/expoagro-2022-pese-a-la-sequia-estiman-que-el-agro-aportara-us-16-000-millones-al-estado\/#breadcrumb\",\"itemListElement\":[{\"@type\":\"ListItem\",\"position\":1,\"name\":\"Portada\",\"item\":\"https:\/\/cambioagropecuario.com\/\"},{\"@type\":\"ListItem\",\"position\":2,\"name\":\"Expoagro 2022: pese a la sequ\u00eda, estiman que el agro aportar\u00e1 US$ 16.000 millones al Estado\"}]},{\"@type\":\"WebSite\",\"@id\":\"https:\/\/cambioagropecuario.com\/#website\",\"url\":\"https:\/\/cambioagropecuario.com\/\",\"name\":\"Cambio Agropecuario\",\"description\":\"Cambio Agropecuario es un portal de informaci\u00f3n objetiva y veraz del sector Agroproductivo de la Rep\u00fablica Argentina. Lejos de nuestro esp\u00edritu est\u00e1 el hecho de publicar noticias con un sesgo pol\u00edtico que no contribuya a enaltecer el desarrollo de las producciones agr\u00edcolas y pecuarias. Publicamos en libertad, sin presi\u00f3n de corporaci\u00f3n medi\u00e1tica alguna, ni de intereses econ\u00f3micos y pol\u00edticos. Las experiencias productivas ser\u00e1n una constante en este portal, porque nos interesa mostrar las iniciativas que llevan adelante los emprendedores y que son dignas de replicar en alguna latitud de nuestro pa\u00eds.\",\"publisher\":{\"@id\":\"https:\/\/cambioagropecuario.com\/#organization\"},\"potentialAction\":[{\"@type\":\"SearchAction\",\"target\":{\"@type\":\"EntryPoint\",\"urlTemplate\":\"https:\/\/cambioagropecuario.com\/?s={search_term_string}\"},\"query-input\":\"required name=search_term_string\"}],\"inLanguage\":\"es\"},{\"@type\":\"Organization\",\"@id\":\"https:\/\/cambioagropecuario.com\/#organization\",\"name\":\"Cambio Agropecuario\",\"url\":\"https:\/\/cambioagropecuario.com\/\",\"logo\":{\"@type\":\"ImageObject\",\"inLanguage\":\"es\",\"@id\":\"https:\/\/cambioagropecuario.com\/#\/schema\/logo\/image\/\",\"url\":\"https:\/\/cambioagropecuario.com\/wp-content\/uploads\/2021\/11\/cropped-Sin-titulo-1-1.png\",\"contentUrl\":\"https:\/\/cambioagropecuario.com\/wp-content\/uploads\/2021\/11\/cropped-Sin-titulo-1-1.png\",\"width\":512,\"height\":512,\"caption\":\"Cambio Agropecuario\"},\"image\":{\"@id\":\"https:\/\/cambioagropecuario.com\/#\/schema\/logo\/image\/\"},\"sameAs\":[\"https:\/\/www.facebook.com\/cambio.agropecuario\",\"https:\/\/www.youtube.com\/user\/cambioagropecuariotv\"]},{\"@type\":\"Person\",\"@id\":\"https:\/\/cambioagropecuario.com\/#\/schema\/person\/24cfd493eaf12ce5568e4f89cfaa3b8a\",\"name\":\"Jorge Lopez\",\"image\":{\"@type\":\"ImageObject\",\"inLanguage\":\"es\",\"@id\":\"https:\/\/cambioagropecuario.com\/#\/schema\/person\/image\/\",\"url\":\"https:\/\/secure.gravatar.com\/avatar\/775b1c76ac22bc240f9c49041d7dc067?s=96&d=mm&r=g\",\"contentUrl\":\"https:\/\/secure.gravatar.com\/avatar\/775b1c76ac22bc240f9c49041d7dc067?s=96&d=mm&r=g\",\"caption\":\"Jorge Lopez\"},\"url\":\"https:\/\/cambioagropecuario.com\/index.php\/author\/jorge\/\"}]}<\/script>\n<!-- \/ Yoast SEO plugin. -->","yoast_head_json":{"title":"Expoagro 2022: pese a la sequ\u00eda, estiman que el agro aportar\u00e1 US$ 16.000 millones al Estado - Cambio Agropecuario","robots":{"index":"index","follow":"follow","max-snippet":"max-snippet:-1","max-image-preview":"max-image-preview:large","max-video-preview":"max-video-preview:-1"},"canonical":"https:\/\/cambioagropecuario.com\/index.php\/2022\/03\/10\/expoagro-2022-pese-a-la-sequia-estiman-que-el-agro-aportara-us-16-000-millones-al-estado\/","og_locale":"es_ES","og_type":"article","og_title":"Expoagro 2022: pese a la sequ\u00eda, estiman que el agro aportar\u00e1 US$ 16.000 millones al Estado - Cambio Agropecuario","og_description":"En&nbsp;Expoagro 2022 Edici\u00f3n YPF Agro, la Bolsa de Cereales analiz\u00f3 a trav\u00e9s de especialistas las principales fuentes de incertidumbre que afectan la campa\u00f1a actual, especialmente la sequ\u00eda en Sudam\u00e9rica y el conflicto en el Mar Negro, y sus consecuencias sobre la&nbsp;contribuci\u00f3n del sector a la&nbsp;econom\u00eda argentina. Proyecciones en Expoagro 2022 edici\u00f3n YPF Agro El panel [&hellip;]","og_url":"https:\/\/cambioagropecuario.com\/index.php\/2022\/03\/10\/expoagro-2022-pese-a-la-sequia-estiman-que-el-agro-aportara-us-16-000-millones-al-estado\/","og_site_name":"Cambio Agropecuario","article_publisher":"https:\/\/www.facebook.com\/cambio.agropecuario","article_published_time":"2022-03-10T23:05:37+00:00","article_modified_time":"2022-03-10T23:05:40+00:00","og_image":[{"width":620,"height":375,"url":"https:\/\/cambioagropecuario.com\/wp-content\/uploads\/2022\/03\/sequia-2022-198561.webp","type":"image\/webp"}],"author":"Jorge Lopez","twitter_card":"summary_large_image","twitter_misc":{"Escrito por":"Jorge Lopez","Tiempo de lectura":"3 minutos"},"schema":{"@context":"https:\/\/schema.org","@graph":[{"@type":"Article","@id":"https:\/\/cambioagropecuario.com\/index.php\/2022\/03\/10\/expoagro-2022-pese-a-la-sequia-estiman-que-el-agro-aportara-us-16-000-millones-al-estado\/#article","isPartOf":{"@id":"https:\/\/cambioagropecuario.com\/index.php\/2022\/03\/10\/expoagro-2022-pese-a-la-sequia-estiman-que-el-agro-aportara-us-16-000-millones-al-estado\/"},"author":{"name":"Jorge Lopez","@id":"https:\/\/cambioagropecuario.com\/#\/schema\/person\/24cfd493eaf12ce5568e4f89cfaa3b8a"},"headline":"Expoagro 2022: pese a la sequ\u00eda, estiman que el agro aportar\u00e1 US$ 16.000 millones al Estado","datePublished":"2022-03-10T23:05:37+00:00","dateModified":"2022-03-10T23:05:40+00:00","mainEntityOfPage":{"@id":"https:\/\/cambioagropecuario.com\/index.php\/2022\/03\/10\/expoagro-2022-pese-a-la-sequia-estiman-que-el-agro-aportara-us-16-000-millones-al-estado\/"},"wordCount":553,"publisher":{"@id":"https:\/\/cambioagropecuario.com\/#organization"},"articleSection":["Noticias"],"inLanguage":"es"},{"@type":"WebPage","@id":"https:\/\/cambioagropecuario.com\/index.php\/2022\/03\/10\/expoagro-2022-pese-a-la-sequia-estiman-que-el-agro-aportara-us-16-000-millones-al-estado\/","url":"https:\/\/cambioagropecuario.com\/index.php\/2022\/03\/10\/expoagro-2022-pese-a-la-sequia-estiman-que-el-agro-aportara-us-16-000-millones-al-estado\/","name":"Expoagro 2022: pese a la sequ\u00eda, estiman que el agro aportar\u00e1 US$ 16.000 millones al Estado - Cambio Agropecuario","isPartOf":{"@id":"https:\/\/cambioagropecuario.com\/#website"},"datePublished":"2022-03-10T23:05:37+00:00","dateModified":"2022-03-10T23:05:40+00:00","breadcrumb":{"@id":"https:\/\/cambioagropecuario.com\/index.php\/2022\/03\/10\/expoagro-2022-pese-a-la-sequia-estiman-que-el-agro-aportara-us-16-000-millones-al-estado\/#breadcrumb"},"inLanguage":"es","potentialAction":[{"@type":"ReadAction","target":["https:\/\/cambioagropecuario.com\/index.php\/2022\/03\/10\/expoagro-2022-pese-a-la-sequia-estiman-que-el-agro-aportara-us-16-000-millones-al-estado\/"]}]},{"@type":"BreadcrumbList","@id":"https:\/\/cambioagropecuario.com\/index.php\/2022\/03\/10\/expoagro-2022-pese-a-la-sequia-estiman-que-el-agro-aportara-us-16-000-millones-al-estado\/#breadcrumb","itemListElement":[{"@type":"ListItem","position":1,"name":"Portada","item":"https:\/\/cambioagropecuario.com\/"},{"@type":"ListItem","position":2,"name":"Expoagro 2022: pese a la sequ\u00eda, estiman que el agro aportar\u00e1 US$ 16.000 millones al Estado"}]},{"@type":"WebSite","@id":"https:\/\/cambioagropecuario.com\/#website","url":"https:\/\/cambioagropecuario.com\/","name":"Cambio Agropecuario","description":"Cambio Agropecuario es un portal de informaci\u00f3n objetiva y veraz del sector Agroproductivo de la Rep\u00fablica Argentina. Lejos de nuestro esp\u00edritu est\u00e1 el hecho de publicar noticias con un sesgo pol\u00edtico que no contribuya a enaltecer el desarrollo de las producciones agr\u00edcolas y pecuarias. Publicamos en libertad, sin presi\u00f3n de corporaci\u00f3n medi\u00e1tica alguna, ni de intereses econ\u00f3micos y pol\u00edticos. Las experiencias productivas ser\u00e1n una constante en este portal, porque nos interesa mostrar las iniciativas que llevan adelante los emprendedores y que son dignas de replicar en alguna latitud de nuestro pa\u00eds.","publisher":{"@id":"https:\/\/cambioagropecuario.com\/#organization"},"potentialAction":[{"@type":"SearchAction","target":{"@type":"EntryPoint","urlTemplate":"https:\/\/cambioagropecuario.com\/?s={search_term_string}"},"query-input":"required name=search_term_string"}],"inLanguage":"es"},{"@type":"Organization","@id":"https:\/\/cambioagropecuario.com\/#organization","name":"Cambio Agropecuario","url":"https:\/\/cambioagropecuario.com\/","logo":{"@type":"ImageObject","inLanguage":"es","@id":"https:\/\/cambioagropecuario.com\/#\/schema\/logo\/image\/","url":"https:\/\/cambioagropecuario.com\/wp-content\/uploads\/2021\/11\/cropped-Sin-titulo-1-1.png","contentUrl":"https:\/\/cambioagropecuario.com\/wp-content\/uploads\/2021\/11\/cropped-Sin-titulo-1-1.png","width":512,"height":512,"caption":"Cambio Agropecuario"},"image":{"@id":"https:\/\/cambioagropecuario.com\/#\/schema\/logo\/image\/"},"sameAs":["https:\/\/www.facebook.com\/cambio.agropecuario","https:\/\/www.youtube.com\/user\/cambioagropecuariotv"]},{"@type":"Person","@id":"https:\/\/cambioagropecuario.com\/#\/schema\/person\/24cfd493eaf12ce5568e4f89cfaa3b8a","name":"Jorge Lopez","image":{"@type":"ImageObject","inLanguage":"es","@id":"https:\/\/cambioagropecuario.com\/#\/schema\/person\/image\/","url":"https:\/\/secure.gravatar.com\/avatar\/775b1c76ac22bc240f9c49041d7dc067?s=96&d=mm&r=g","contentUrl":"https:\/\/secure.gravatar.com\/avatar\/775b1c76ac22bc240f9c49041d7dc067?s=96&d=mm&r=g","caption":"Jorge Lopez"},"url":"https:\/\/cambioagropecuario.com\/index.php\/author\/jorge\/"}]}},"jetpack_sharing_enabled":true,"featured_image_urls":{"full":["https:\/\/i0.wp.com\/cambioagropecuario.com\/wp-content\/uploads\/2022\/03\/sequia-2022-198561.webp?fit=620%2C375&ssl=1",620,375,false],"thumbnail":["https:\/\/i0.wp.com\/cambioagropecuario.com\/wp-content\/uploads\/2022\/03\/sequia-2022-198561.webp?resize=150%2C150&ssl=1",150,150,true],"medium":["https:\/\/i0.wp.com\/cambioagropecuario.com\/wp-content\/uploads\/2022\/03\/sequia-2022-198561.webp?fit=300%2C181&ssl=1",300,181,true],"medium_large":["https:\/\/i0.wp.com\/cambioagropecuario.com\/wp-content\/uploads\/2022\/03\/sequia-2022-198561.webp?fit=620%2C375&ssl=1",620,375,true],"large":["https:\/\/i0.wp.com\/cambioagropecuario.com\/wp-content\/uploads\/2022\/03\/sequia-2022-198561.webp?fit=620%2C375&ssl=1",620,375,true],"1536x1536":["https:\/\/i0.wp.com\/cambioagropecuario.com\/wp-content\/uploads\/2022\/03\/sequia-2022-198561.webp?fit=620%2C375&ssl=1",620,375,true],"2048x2048":["https:\/\/i0.wp.com\/cambioagropecuario.com\/wp-content\/uploads\/2022\/03\/sequia-2022-198561.webp?fit=620%2C375&ssl=1",620,375,true]},"author_info":{"display_name":"Jorge Lopez","author_link":"https:\/\/cambioagropecuario.com\/index.php\/author\/jorge\/"},"category_info":"<a href=\"https:\/\/cambioagropecuario.com\/index.php\/category\/noticias\/\" rel=\"category tag\">Noticias<\/a>","tag_info":"Noticias","comment_count":"0","jetpack_featured_media_url":"https:\/\/i0.wp.com\/cambioagropecuario.com\/wp-content\/uploads\/2022\/03\/sequia-2022-198561.webp?fit=620%2C375&ssl=1","_links":{"self":[{"href":"https:\/\/cambioagropecuario.com\/index.php\/wp-json\/wp\/v2\/posts\/531","targetHints":{"allow":["GET"]}}],"collection":[{"href":"https:\/\/cambioagropecuario.com\/index.php\/wp-json\/wp\/v2\/posts"}],"about":[{"href":"https:\/\/cambioagropecuario.com\/index.php\/wp-json\/wp\/v2\/types\/post"}],"author":[{"embeddable":true,"href":"https:\/\/cambioagropecuario.com\/index.php\/wp-json\/wp\/v2\/users\/2"}],"replies":[{"embeddable":true,"href":"https:\/\/cambioagropecuario.com\/index.php\/wp-json\/wp\/v2\/comments?post=531"}],"version-history":[{"count":1,"href":"https:\/\/cambioagropecuario.com\/index.php\/wp-json\/wp\/v2\/posts\/531\/revisions"}],"predecessor-version":[{"id":533,"href":"https:\/\/cambioagropecuario.com\/index.php\/wp-json\/wp\/v2\/posts\/531\/revisions\/533"}],"wp:featuredmedia":[{"embeddable":true,"href":"https:\/\/cambioagropecuario.com\/index.php\/wp-json\/wp\/v2\/media\/532"}],"wp:attachment":[{"href":"https:\/\/cambioagropecuario.com\/index.php\/wp-json\/wp\/v2\/media?parent=531"}],"wp:term":[{"taxonomy":"category","embeddable":true,"href":"https:\/\/cambioagropecuario.com\/index.php\/wp-json\/wp\/v2\/categories?post=531"},{"taxonomy":"post_tag","embeddable":true,"href":"https:\/\/cambioagropecuario.com\/index.php\/wp-json\/wp\/v2\/tags?post=531"}],"curies":[{"name":"wp","href":"https:\/\/api.w.org\/{rel}","templated":true}]}}