{"id":514,"date":"2022-03-08T00:41:34","date_gmt":"2022-03-08T00:41:34","guid":{"rendered":"https:\/\/cambioagropecuario.com\/?p=514"},"modified":"2022-03-08T00:41:36","modified_gmt":"2022-03-08T00:41:36","slug":"hoy-se-celebra-el-dia-del-campo-un-festejo-que-nacio-en-argentina-y-ya-es-mundial","status":"publish","type":"post","link":"https:\/\/cambioagropecuario.com\/index.php\/2022\/03\/08\/hoy-se-celebra-el-dia-del-campo-un-festejo-que-nacio-en-argentina-y-ya-es-mundial\/","title":{"rendered":"Hoy se celebra el D\u00eda del Campo, un festejo que naci\u00f3 en Argentina y ya es mundial\u00a0"},"content":{"rendered":"\n<p>Como todos los 7 de marzo, este lunes se est\u00e1 celebrando en Argentina y en numerosos pa\u00edses del mundo el&nbsp;<strong>D\u00eda del Campo<\/strong>.<\/p>\n\n\n\n<p>En rigor, se trata de\u00a0<strong>un festejo que naci\u00f3 en nuestros pa\u00eds y luego se fue extendiendo a otras naciones<\/strong>\u00a0de Am\u00e9rica y del mundo, al punto de que hoy ya se la considera una efem\u00e9ride internacional.<\/p>\n\n\n\n<p>El objetivo de esta fecha es resaltar la&nbsp;<strong>importancia del medio rural para el bienestar social, ambiental y econ\u00f3mico de toda naci\u00f3n<\/strong>.<\/p>\n\n\n\n<p>En Argentina, vale recordar por ejemplo que el campo y la agroindustria representan m\u00e1s de\u00a0<strong><a href=\"https:\/\/www.infocampo.com.ar\/balanza-comercial-el-agro-aporto-7-de-cada-10-dolares-que-ingresaron-al-pais-en-2021\/\">siete de cada 10 d\u00f3lares ingresados por exportaciones<\/a><\/strong>, y el sector aporta\u00a0<strong><a href=\"https:\/\/www.infocampo.com.ar\/retenciones-en-2021-los-complejos-agroindustriales-aportaron-2-300-millones-por-dia\/\">$ 2.300 millones por d\u00eda a trav\u00e9s de las retencione<\/a><\/strong><a href=\"https:\/\/www.infocampo.com.ar\/retenciones-en-2021-los-complejos-agroindustriales-aportaron-2-300-millones-por-dia\/\" target=\"_blank\" rel=\"noreferrer noopener\"><strong>s<\/strong><\/a>.<\/p>\n\n\n\n<figure class=\"wp-block-embed is-type-rich is-provider-twitter wp-block-embed-twitter\"><div class=\"wp-block-embed__wrapper\">\n<blockquote class=\"twitter-tweet\" data-width=\"550\" data-dnt=\"true\"><p lang=\"es\" dir=\"ltr\">Saludamos a todas y todos los que hacen del campo argentino un motor de desarrollo para el pa\u00eds. \ud83c\udde6\ud83c\uddf7<br>En la agrobioindustria argentina se reflejan la pasi\u00f3n y lo mejor de nuestras tradiciones. <br><br>\u00a1Feliz d\u00eda! \ud83d\udc04\ud83c\udf3e <a href=\"https:\/\/twitter.com\/hashtag\/D%C3%ADaDelCampo?src=hash&amp;ref_src=twsrc%5Etfw\">#D\u00edaDelCampo<\/a> <a href=\"https:\/\/t.co\/8Pz9QwQPwJ\">pic.twitter.com\/8Pz9QwQPwJ<\/a><\/p>&mdash; Ministerio de Agricultura, Ganader\u00eda y Pesca (@AgriculturaAR) <a href=\"https:\/\/twitter.com\/AgriculturaAR\/status\/1500803034435268608?ref_src=twsrc%5Etfw\">March 7, 2022<\/a><\/blockquote><script async src=\"https:\/\/platform.twitter.com\/widgets.js\" charset=\"utf-8\"><\/script>\n<\/div><\/figure>\n\n\n\n<figure class=\"wp-block-embed is-type-rich is-provider-twitter wp-block-embed-twitter\"><div class=\"wp-block-embed__wrapper\">\n<blockquote class=\"twitter-tweet\" data-width=\"550\" data-dnt=\"true\"><p lang=\"es\" dir=\"ltr\">Hoy es el <a href=\"https:\/\/twitter.com\/hashtag\/D%C3%ADaDelCampo?src=hash&amp;ref_src=twsrc%5Etfw\">#D\u00edaDelCampo<\/a>.<br>Qu\u00e9 mejor momento para hablar del motor de la econom\u00eda argentina. Un sector competitivo, nuestro principal exportador, generador de empleo y principal aportante de d\u00f3lares. \ud83c\udde6\ud83c\uddf7\ud83d\ude80<br>Abro hilo con algunos datos de <a href=\"https:\/\/twitter.com\/FundacionFada?ref_src=twsrc%5Etfw\">@FundacionFADA<\/a> \ud83d\udc47\ud83c\udffc <a href=\"https:\/\/t.co\/Ubo8Gjqt2V\">pic.twitter.com\/Ubo8Gjqt2V<\/a><\/p>&mdash; Mar\u00eda Eugenia Vidal (@mariuvidal) <a href=\"https:\/\/twitter.com\/mariuvidal\/status\/1500806119299633160?ref_src=twsrc%5Etfw\">March 7, 2022<\/a><\/blockquote><script async src=\"https:\/\/platform.twitter.com\/widgets.js\" charset=\"utf-8\"><\/script>\n<\/div><\/figure>\n\n\n\n<p><\/p>\n","protected":false},"excerpt":{"rendered":"<p>Como todos los 7 de marzo, este lunes se est\u00e1 celebrando en Argentina y en numerosos pa\u00edses del mundo el&nbsp;D\u00eda del Campo. En rigor, se trata de\u00a0un festejo que naci\u00f3 en nuestros pa\u00eds y luego se fue extendiendo a otras naciones\u00a0de Am\u00e9rica y del mundo, al punto de que hoy ya se la considera una [&hellip;]<\/p>\n","protected":false},"author":2,"featured_media":515,"comment_status":"closed","ping_status":"open","sticky":false,"template":"","format":"standard","meta":{"footnotes":""},"categories":[18],"tags":[],"class_list":["post-514","post","type-post","status-publish","format-standard","has-post-thumbnail","hentry","category-noticias"],"yoast_head":"<!-- This site is optimized with the Yoast SEO plugin v21.6 - https:\/\/yoast.com\/wordpress\/plugins\/seo\/ -->\n<title>Hoy se celebra el D\u00eda del Campo, un festejo que naci\u00f3 en Argentina y ya es mundial\u00a0 - Cambio Agropecuario<\/title>\n<meta name=\"robots\" content=\"index, follow, max-snippet:-1, max-image-preview:large, max-video-preview:-1\" \/>\n<link rel=\"canonical\" href=\"https:\/\/cambioagropecuario.com\/index.php\/2022\/03\/08\/hoy-se-celebra-el-dia-del-campo-un-festejo-que-nacio-en-argentina-y-ya-es-mundial\/\" \/>\n<meta property=\"og:locale\" content=\"es_ES\" \/>\n<meta property=\"og:type\" content=\"article\" \/>\n<meta property=\"og:title\" content=\"Hoy se celebra el D\u00eda del Campo, un festejo que naci\u00f3 en Argentina y ya es mundial\u00a0 - Cambio Agropecuario\" \/>\n<meta property=\"og:description\" content=\"Como todos los 7 de marzo, este lunes se est\u00e1 celebrando en Argentina y en numerosos pa\u00edses del mundo el&nbsp;D\u00eda del Campo. En rigor, se trata de\u00a0un festejo que naci\u00f3 en nuestros pa\u00eds y luego se fue extendiendo a otras naciones\u00a0de Am\u00e9rica y del mundo, al punto de que hoy ya se la considera una [&hellip;]\" \/>\n<meta property=\"og:url\" content=\"https:\/\/cambioagropecuario.com\/index.php\/2022\/03\/08\/hoy-se-celebra-el-dia-del-campo-un-festejo-que-nacio-en-argentina-y-ya-es-mundial\/\" \/>\n<meta property=\"og:site_name\" content=\"Cambio Agropecuario\" \/>\n<meta property=\"article:publisher\" content=\"https:\/\/www.facebook.com\/cambio.agropecuario\" \/>\n<meta property=\"article:published_time\" content=\"2022-03-08T00:41:34+00:00\" \/>\n<meta property=\"article:modified_time\" content=\"2022-03-08T00:41:36+00:00\" \/>\n<meta property=\"og:image\" content=\"https:\/\/cambioagropecuario.com\/wp-content\/uploads\/2022\/03\/08142D46-EA10-4C80-B2A1-0125AF5CAF00.jpeg\" \/>\n\t<meta property=\"og:image:width\" content=\"360\" \/>\n\t<meta property=\"og:image:height\" content=\"250\" \/>\n\t<meta property=\"og:image:type\" content=\"image\/jpeg\" \/>\n<meta name=\"author\" content=\"Jorge Lopez\" \/>\n<meta name=\"twitter:card\" content=\"summary_large_image\" \/>\n<meta name=\"twitter:label1\" content=\"Escrito por\" \/>\n\t<meta name=\"twitter:data1\" content=\"Jorge Lopez\" \/>\n\t<meta name=\"twitter:label2\" content=\"Tiempo de lectura\" \/>\n\t<meta name=\"twitter:data2\" content=\"1 minuto\" \/>\n<script type=\"application\/ld+json\" class=\"yoast-schema-graph\">{\"@context\":\"https:\/\/schema.org\",\"@graph\":[{\"@type\":\"Article\",\"@id\":\"https:\/\/cambioagropecuario.com\/index.php\/2022\/03\/08\/hoy-se-celebra-el-dia-del-campo-un-festejo-que-nacio-en-argentina-y-ya-es-mundial\/#article\",\"isPartOf\":{\"@id\":\"https:\/\/cambioagropecuario.com\/index.php\/2022\/03\/08\/hoy-se-celebra-el-dia-del-campo-un-festejo-que-nacio-en-argentina-y-ya-es-mundial\/\"},\"author\":{\"name\":\"Jorge Lopez\",\"@id\":\"https:\/\/cambioagropecuario.com\/#\/schema\/person\/24cfd493eaf12ce5568e4f89cfaa3b8a\"},\"headline\":\"Hoy se celebra el D\u00eda del Campo, un festejo que naci\u00f3 en Argentina y ya es mundial\u00a0\",\"datePublished\":\"2022-03-08T00:41:34+00:00\",\"dateModified\":\"2022-03-08T00:41:36+00:00\",\"mainEntityOfPage\":{\"@id\":\"https:\/\/cambioagropecuario.com\/index.php\/2022\/03\/08\/hoy-se-celebra-el-dia-del-campo-un-festejo-que-nacio-en-argentina-y-ya-es-mundial\/\"},\"wordCount\":159,\"publisher\":{\"@id\":\"https:\/\/cambioagropecuario.com\/#organization\"},\"articleSection\":[\"Noticias\"],\"inLanguage\":\"es\"},{\"@type\":\"WebPage\",\"@id\":\"https:\/\/cambioagropecuario.com\/index.php\/2022\/03\/08\/hoy-se-celebra-el-dia-del-campo-un-festejo-que-nacio-en-argentina-y-ya-es-mundial\/\",\"url\":\"https:\/\/cambioagropecuario.com\/index.php\/2022\/03\/08\/hoy-se-celebra-el-dia-del-campo-un-festejo-que-nacio-en-argentina-y-ya-es-mundial\/\",\"name\":\"Hoy se celebra el D\u00eda del Campo, un festejo que naci\u00f3 en Argentina y ya es mundial\u00a0 - Cambio Agropecuario\",\"isPartOf\":{\"@id\":\"https:\/\/cambioagropecuario.com\/#website\"},\"datePublished\":\"2022-03-08T00:41:34+00:00\",\"dateModified\":\"2022-03-08T00:41:36+00:00\",\"breadcrumb\":{\"@id\":\"https:\/\/cambioagropecuario.com\/index.php\/2022\/03\/08\/hoy-se-celebra-el-dia-del-campo-un-festejo-que-nacio-en-argentina-y-ya-es-mundial\/#breadcrumb\"},\"inLanguage\":\"es\",\"potentialAction\":[{\"@type\":\"ReadAction\",\"target\":[\"https:\/\/cambioagropecuario.com\/index.php\/2022\/03\/08\/hoy-se-celebra-el-dia-del-campo-un-festejo-que-nacio-en-argentina-y-ya-es-mundial\/\"]}]},{\"@type\":\"BreadcrumbList\",\"@id\":\"https:\/\/cambioagropecuario.com\/index.php\/2022\/03\/08\/hoy-se-celebra-el-dia-del-campo-un-festejo-que-nacio-en-argentina-y-ya-es-mundial\/#breadcrumb\",\"itemListElement\":[{\"@type\":\"ListItem\",\"position\":1,\"name\":\"Portada\",\"item\":\"https:\/\/cambioagropecuario.com\/\"},{\"@type\":\"ListItem\",\"position\":2,\"name\":\"Hoy se celebra el D\u00eda del Campo, un festejo que naci\u00f3 en Argentina y ya es mundial\u00a0\"}]},{\"@type\":\"WebSite\",\"@id\":\"https:\/\/cambioagropecuario.com\/#website\",\"url\":\"https:\/\/cambioagropecuario.com\/\",\"name\":\"Cambio Agropecuario\",\"description\":\"Cambio Agropecuario es un portal de informaci\u00f3n objetiva y veraz del sector Agroproductivo de la Rep\u00fablica Argentina. Lejos de nuestro esp\u00edritu est\u00e1 el hecho de publicar noticias con un sesgo pol\u00edtico que no contribuya a enaltecer el desarrollo de las producciones agr\u00edcolas y pecuarias. Publicamos en libertad, sin presi\u00f3n de corporaci\u00f3n medi\u00e1tica alguna, ni de intereses econ\u00f3micos y pol\u00edticos. Las experiencias productivas ser\u00e1n una constante en este portal, porque nos interesa mostrar las iniciativas que llevan adelante los emprendedores y que son dignas de replicar en alguna latitud de nuestro pa\u00eds.\",\"publisher\":{\"@id\":\"https:\/\/cambioagropecuario.com\/#organization\"},\"potentialAction\":[{\"@type\":\"SearchAction\",\"target\":{\"@type\":\"EntryPoint\",\"urlTemplate\":\"https:\/\/cambioagropecuario.com\/?s={search_term_string}\"},\"query-input\":\"required name=search_term_string\"}],\"inLanguage\":\"es\"},{\"@type\":\"Organization\",\"@id\":\"https:\/\/cambioagropecuario.com\/#organization\",\"name\":\"Cambio Agropecuario\",\"url\":\"https:\/\/cambioagropecuario.com\/\",\"logo\":{\"@type\":\"ImageObject\",\"inLanguage\":\"es\",\"@id\":\"https:\/\/cambioagropecuario.com\/#\/schema\/logo\/image\/\",\"url\":\"https:\/\/cambioagropecuario.com\/wp-content\/uploads\/2021\/11\/cropped-Sin-titulo-1-1.png\",\"contentUrl\":\"https:\/\/cambioagropecuario.com\/wp-content\/uploads\/2021\/11\/cropped-Sin-titulo-1-1.png\",\"width\":512,\"height\":512,\"caption\":\"Cambio Agropecuario\"},\"image\":{\"@id\":\"https:\/\/cambioagropecuario.com\/#\/schema\/logo\/image\/\"},\"sameAs\":[\"https:\/\/www.facebook.com\/cambio.agropecuario\",\"https:\/\/www.youtube.com\/user\/cambioagropecuariotv\"]},{\"@type\":\"Person\",\"@id\":\"https:\/\/cambioagropecuario.com\/#\/schema\/person\/24cfd493eaf12ce5568e4f89cfaa3b8a\",\"name\":\"Jorge Lopez\",\"image\":{\"@type\":\"ImageObject\",\"inLanguage\":\"es\",\"@id\":\"https:\/\/cambioagropecuario.com\/#\/schema\/person\/image\/\",\"url\":\"https:\/\/secure.gravatar.com\/avatar\/775b1c76ac22bc240f9c49041d7dc067?s=96&d=mm&r=g\",\"contentUrl\":\"https:\/\/secure.gravatar.com\/avatar\/775b1c76ac22bc240f9c49041d7dc067?s=96&d=mm&r=g\",\"caption\":\"Jorge Lopez\"},\"url\":\"https:\/\/cambioagropecuario.com\/index.php\/author\/jorge\/\"}]}<\/script>\n<!-- \/ Yoast SEO plugin. -->","yoast_head_json":{"title":"Hoy se celebra el D\u00eda del Campo, un festejo que naci\u00f3 en Argentina y ya es mundial\u00a0 - Cambio Agropecuario","robots":{"index":"index","follow":"follow","max-snippet":"max-snippet:-1","max-image-preview":"max-image-preview:large","max-video-preview":"max-video-preview:-1"},"canonical":"https:\/\/cambioagropecuario.com\/index.php\/2022\/03\/08\/hoy-se-celebra-el-dia-del-campo-un-festejo-que-nacio-en-argentina-y-ya-es-mundial\/","og_locale":"es_ES","og_type":"article","og_title":"Hoy se celebra el D\u00eda del Campo, un festejo que naci\u00f3 en Argentina y ya es mundial\u00a0 - Cambio Agropecuario","og_description":"Como todos los 7 de marzo, este lunes se est\u00e1 celebrando en Argentina y en numerosos pa\u00edses del mundo el&nbsp;D\u00eda del Campo. En rigor, se trata de\u00a0un festejo que naci\u00f3 en nuestros pa\u00eds y luego se fue extendiendo a otras naciones\u00a0de Am\u00e9rica y del mundo, al punto de que hoy ya se la considera una [&hellip;]","og_url":"https:\/\/cambioagropecuario.com\/index.php\/2022\/03\/08\/hoy-se-celebra-el-dia-del-campo-un-festejo-que-nacio-en-argentina-y-ya-es-mundial\/","og_site_name":"Cambio Agropecuario","article_publisher":"https:\/\/www.facebook.com\/cambio.agropecuario","article_published_time":"2022-03-08T00:41:34+00:00","article_modified_time":"2022-03-08T00:41:36+00:00","og_image":[{"width":360,"height":250,"url":"https:\/\/cambioagropecuario.com\/wp-content\/uploads\/2022\/03\/08142D46-EA10-4C80-B2A1-0125AF5CAF00.jpeg","type":"image\/jpeg"}],"author":"Jorge Lopez","twitter_card":"summary_large_image","twitter_misc":{"Escrito por":"Jorge Lopez","Tiempo de lectura":"1 minuto"},"schema":{"@context":"https:\/\/schema.org","@graph":[{"@type":"Article","@id":"https:\/\/cambioagropecuario.com\/index.php\/2022\/03\/08\/hoy-se-celebra-el-dia-del-campo-un-festejo-que-nacio-en-argentina-y-ya-es-mundial\/#article","isPartOf":{"@id":"https:\/\/cambioagropecuario.com\/index.php\/2022\/03\/08\/hoy-se-celebra-el-dia-del-campo-un-festejo-que-nacio-en-argentina-y-ya-es-mundial\/"},"author":{"name":"Jorge Lopez","@id":"https:\/\/cambioagropecuario.com\/#\/schema\/person\/24cfd493eaf12ce5568e4f89cfaa3b8a"},"headline":"Hoy se celebra el D\u00eda del Campo, un festejo que naci\u00f3 en Argentina y ya es mundial\u00a0","datePublished":"2022-03-08T00:41:34+00:00","dateModified":"2022-03-08T00:41:36+00:00","mainEntityOfPage":{"@id":"https:\/\/cambioagropecuario.com\/index.php\/2022\/03\/08\/hoy-se-celebra-el-dia-del-campo-un-festejo-que-nacio-en-argentina-y-ya-es-mundial\/"},"wordCount":159,"publisher":{"@id":"https:\/\/cambioagropecuario.com\/#organization"},"articleSection":["Noticias"],"inLanguage":"es"},{"@type":"WebPage","@id":"https:\/\/cambioagropecuario.com\/index.php\/2022\/03\/08\/hoy-se-celebra-el-dia-del-campo-un-festejo-que-nacio-en-argentina-y-ya-es-mundial\/","url":"https:\/\/cambioagropecuario.com\/index.php\/2022\/03\/08\/hoy-se-celebra-el-dia-del-campo-un-festejo-que-nacio-en-argentina-y-ya-es-mundial\/","name":"Hoy se celebra el D\u00eda del Campo, un festejo que naci\u00f3 en Argentina y ya es mundial\u00a0 - Cambio Agropecuario","isPartOf":{"@id":"https:\/\/cambioagropecuario.com\/#website"},"datePublished":"2022-03-08T00:41:34+00:00","dateModified":"2022-03-08T00:41:36+00:00","breadcrumb":{"@id":"https:\/\/cambioagropecuario.com\/index.php\/2022\/03\/08\/hoy-se-celebra-el-dia-del-campo-un-festejo-que-nacio-en-argentina-y-ya-es-mundial\/#breadcrumb"},"inLanguage":"es","potentialAction":[{"@type":"ReadAction","target":["https:\/\/cambioagropecuario.com\/index.php\/2022\/03\/08\/hoy-se-celebra-el-dia-del-campo-un-festejo-que-nacio-en-argentina-y-ya-es-mundial\/"]}]},{"@type":"BreadcrumbList","@id":"https:\/\/cambioagropecuario.com\/index.php\/2022\/03\/08\/hoy-se-celebra-el-dia-del-campo-un-festejo-que-nacio-en-argentina-y-ya-es-mundial\/#breadcrumb","itemListElement":[{"@type":"ListItem","position":1,"name":"Portada","item":"https:\/\/cambioagropecuario.com\/"},{"@type":"ListItem","position":2,"name":"Hoy se celebra el D\u00eda del Campo, un festejo que naci\u00f3 en Argentina y ya es mundial\u00a0"}]},{"@type":"WebSite","@id":"https:\/\/cambioagropecuario.com\/#website","url":"https:\/\/cambioagropecuario.com\/","name":"Cambio Agropecuario","description":"Cambio Agropecuario es un portal de informaci\u00f3n objetiva y veraz del sector Agroproductivo de la Rep\u00fablica Argentina. Lejos de nuestro esp\u00edritu est\u00e1 el hecho de publicar noticias con un sesgo pol\u00edtico que no contribuya a enaltecer el desarrollo de las producciones agr\u00edcolas y pecuarias. Publicamos en libertad, sin presi\u00f3n de corporaci\u00f3n medi\u00e1tica alguna, ni de intereses econ\u00f3micos y pol\u00edticos. Las experiencias productivas ser\u00e1n una constante en este portal, porque nos interesa mostrar las iniciativas que llevan adelante los emprendedores y que son dignas de replicar en alguna latitud de nuestro pa\u00eds.","publisher":{"@id":"https:\/\/cambioagropecuario.com\/#organization"},"potentialAction":[{"@type":"SearchAction","target":{"@type":"EntryPoint","urlTemplate":"https:\/\/cambioagropecuario.com\/?s={search_term_string}"},"query-input":"required name=search_term_string"}],"inLanguage":"es"},{"@type":"Organization","@id":"https:\/\/cambioagropecuario.com\/#organization","name":"Cambio Agropecuario","url":"https:\/\/cambioagropecuario.com\/","logo":{"@type":"ImageObject","inLanguage":"es","@id":"https:\/\/cambioagropecuario.com\/#\/schema\/logo\/image\/","url":"https:\/\/cambioagropecuario.com\/wp-content\/uploads\/2021\/11\/cropped-Sin-titulo-1-1.png","contentUrl":"https:\/\/cambioagropecuario.com\/wp-content\/uploads\/2021\/11\/cropped-Sin-titulo-1-1.png","width":512,"height":512,"caption":"Cambio Agropecuario"},"image":{"@id":"https:\/\/cambioagropecuario.com\/#\/schema\/logo\/image\/"},"sameAs":["https:\/\/www.facebook.com\/cambio.agropecuario","https:\/\/www.youtube.com\/user\/cambioagropecuariotv"]},{"@type":"Person","@id":"https:\/\/cambioagropecuario.com\/#\/schema\/person\/24cfd493eaf12ce5568e4f89cfaa3b8a","name":"Jorge Lopez","image":{"@type":"ImageObject","inLanguage":"es","@id":"https:\/\/cambioagropecuario.com\/#\/schema\/person\/image\/","url":"https:\/\/secure.gravatar.com\/avatar\/775b1c76ac22bc240f9c49041d7dc067?s=96&d=mm&r=g","contentUrl":"https:\/\/secure.gravatar.com\/avatar\/775b1c76ac22bc240f9c49041d7dc067?s=96&d=mm&r=g","caption":"Jorge Lopez"},"url":"https:\/\/cambioagropecuario.com\/index.php\/author\/jorge\/"}]}},"jetpack_sharing_enabled":true,"featured_image_urls":{"full":["https:\/\/i0.wp.com\/cambioagropecuario.com\/wp-content\/uploads\/2022\/03\/08142D46-EA10-4C80-B2A1-0125AF5CAF00.jpeg?fit=360%2C250&ssl=1",360,250,false],"thumbnail":["https:\/\/i0.wp.com\/cambioagropecuario.com\/wp-content\/uploads\/2022\/03\/08142D46-EA10-4C80-B2A1-0125AF5CAF00.jpeg?resize=150%2C150&ssl=1",150,150,true],"medium":["https:\/\/i0.wp.com\/cambioagropecuario.com\/wp-content\/uploads\/2022\/03\/08142D46-EA10-4C80-B2A1-0125AF5CAF00.jpeg?fit=300%2C208&ssl=1",300,208,true],"medium_large":["https:\/\/i0.wp.com\/cambioagropecuario.com\/wp-content\/uploads\/2022\/03\/08142D46-EA10-4C80-B2A1-0125AF5CAF00.jpeg?fit=360%2C250&ssl=1",360,250,true],"large":["https:\/\/i0.wp.com\/cambioagropecuario.com\/wp-content\/uploads\/2022\/03\/08142D46-EA10-4C80-B2A1-0125AF5CAF00.jpeg?fit=360%2C250&ssl=1",360,250,true],"1536x1536":["https:\/\/i0.wp.com\/cambioagropecuario.com\/wp-content\/uploads\/2022\/03\/08142D46-EA10-4C80-B2A1-0125AF5CAF00.jpeg?fit=360%2C250&ssl=1",360,250,true],"2048x2048":["https:\/\/i0.wp.com\/cambioagropecuario.com\/wp-content\/uploads\/2022\/03\/08142D46-EA10-4C80-B2A1-0125AF5CAF00.jpeg?fit=360%2C250&ssl=1",360,250,true]},"author_info":{"display_name":"Jorge Lopez","author_link":"https:\/\/cambioagropecuario.com\/index.php\/author\/jorge\/"},"category_info":"<a href=\"https:\/\/cambioagropecuario.com\/index.php\/category\/noticias\/\" rel=\"category tag\">Noticias<\/a>","tag_info":"Noticias","comment_count":"0","jetpack_featured_media_url":"https:\/\/i0.wp.com\/cambioagropecuario.com\/wp-content\/uploads\/2022\/03\/08142D46-EA10-4C80-B2A1-0125AF5CAF00.jpeg?fit=360%2C250&ssl=1","_links":{"self":[{"href":"https:\/\/cambioagropecuario.com\/index.php\/wp-json\/wp\/v2\/posts\/514","targetHints":{"allow":["GET"]}}],"collection":[{"href":"https:\/\/cambioagropecuario.com\/index.php\/wp-json\/wp\/v2\/posts"}],"about":[{"href":"https:\/\/cambioagropecuario.com\/index.php\/wp-json\/wp\/v2\/types\/post"}],"author":[{"embeddable":true,"href":"https:\/\/cambioagropecuario.com\/index.php\/wp-json\/wp\/v2\/users\/2"}],"replies":[{"embeddable":true,"href":"https:\/\/cambioagropecuario.com\/index.php\/wp-json\/wp\/v2\/comments?post=514"}],"version-history":[{"count":1,"href":"https:\/\/cambioagropecuario.com\/index.php\/wp-json\/wp\/v2\/posts\/514\/revisions"}],"predecessor-version":[{"id":516,"href":"https:\/\/cambioagropecuario.com\/index.php\/wp-json\/wp\/v2\/posts\/514\/revisions\/516"}],"wp:featuredmedia":[{"embeddable":true,"href":"https:\/\/cambioagropecuario.com\/index.php\/wp-json\/wp\/v2\/media\/515"}],"wp:attachment":[{"href":"https:\/\/cambioagropecuario.com\/index.php\/wp-json\/wp\/v2\/media?parent=514"}],"wp:term":[{"taxonomy":"category","embeddable":true,"href":"https:\/\/cambioagropecuario.com\/index.php\/wp-json\/wp\/v2\/categories?post=514"},{"taxonomy":"post_tag","embeddable":true,"href":"https:\/\/cambioagropecuario.com\/index.php\/wp-json\/wp\/v2\/tags?post=514"}],"curies":[{"name":"wp","href":"https:\/\/api.w.org\/{rel}","templated":true}]}}