{"id":510,"date":"2022-03-08T00:37:06","date_gmt":"2022-03-08T00:37:06","guid":{"rendered":"https:\/\/cambioagropecuario.com\/?p=510"},"modified":"2022-03-08T01:22:51","modified_gmt":"2022-03-08T01:22:51","slug":"nuez-de-pecan-en-metan","status":"publish","type":"post","link":"https:\/\/cambioagropecuario.com\/index.php\/2022\/03\/08\/nuez-de-pecan-en-metan\/","title":{"rendered":"Nuez de Pecan en Metan"},"content":{"rendered":"\n<p>ENTREVISTA A JOSEFINA MANFRIN EN CAMBIO AGROPECUARIO.<br><\/p>\n\n\n\n<figure class=\"wp-block-image size-large\"><img loading=\"lazy\" decoding=\"async\" width=\"800\" height=\"450\" src=\"https:\/\/i0.wp.com\/cambioagropecuario.com\/wp-content\/uploads\/2022\/03\/34045477-A42E-4864-B400-E99CC47A50D8-1024x576.jpeg?resize=800%2C450&#038;ssl=1\" alt=\"\" class=\"wp-image-511\" srcset=\"https:\/\/i0.wp.com\/cambioagropecuario.com\/wp-content\/uploads\/2022\/03\/34045477-A42E-4864-B400-E99CC47A50D8.jpeg?resize=1024%2C576&amp;ssl=1 1024w, https:\/\/i0.wp.com\/cambioagropecuario.com\/wp-content\/uploads\/2022\/03\/34045477-A42E-4864-B400-E99CC47A50D8.jpeg?resize=300%2C169&amp;ssl=1 300w, https:\/\/i0.wp.com\/cambioagropecuario.com\/wp-content\/uploads\/2022\/03\/34045477-A42E-4864-B400-E99CC47A50D8.jpeg?resize=768%2C432&amp;ssl=1 768w, https:\/\/i0.wp.com\/cambioagropecuario.com\/wp-content\/uploads\/2022\/03\/34045477-A42E-4864-B400-E99CC47A50D8.jpeg?w=1280&amp;ssl=1 1280w\" sizes=\"auto, (max-width: 800px) 100vw, 800px\" data-recalc-dims=\"1\" \/><\/figure>\n\n\n\n<p>Todo empez\u00f3 en el 2006, cuando nos vinimos a vivir al campo con mi familia y buscando una actividad para desarrollar, vimos que algunos \u00e1rboles de Pec\u00e1n que tenemos en el campo y que tienen m\u00e1s de 40 a\u00f1os,&nbsp;notamos&nbsp;que fructificaban todos los a\u00f1os, sin ning\u00fan tipo de manejo y se nos ocurri\u00f3 que pod\u00eda ser una buena alternativa para desarrollar en la zona. As\u00ed fue que comenzamos a investigar y en 2006 y 2007 plantamos un par de hect\u00e1reas, pero como no hab\u00eda mucho conocimiento de la actividad ni de c\u00f3mo manejar el cultivo y ah\u00ed como que lo abandonamos un poco. En el a\u00f1o 2011, un grupo de productores me proponen visitar mi campo con un especialista que llegaba de M\u00e9xico, aunque mi plantaci\u00f3n no estaba bien manejada. Fue as\u00ed que nos entusiasmamos, entendimos c\u00f3mo manejar el cultivo y armamos un grupo de alrededor de 10 productores que nos volcamos a producir la nuez de Pec\u00e1n. Ya llevamos m\u00e1s de 10 a\u00f1os juntos y, si bien en el Norte no ten\u00edamos la posibilidad de tener asesoramiento t\u00e9cnico en aquel momento,&nbsp;fuimos&nbsp;intercambiando&nbsp;conocimientos, informaci\u00f3n y pudimos sortear los obst\u00e1culos de la inexperiencia y&nbsp;as\u00ed&nbsp;logramos arrancar con los cultivos.&nbsp;En aquel momento hab\u00eda plantado una ha.&nbsp;y&nbsp;hoy ya cuento con 35 ha.&nbsp;en&nbsp;producci\u00f3n en mi campo&nbsp;y trabajando ya en la segunda etapa que es ver los frutos de tantos a\u00f1os de trabajo.&nbsp;<\/p>\n\n\n\n<p>Lo lindo de esto es que tenemos todav\u00eda mucho por aprender, mucho por desarrollar y que se est\u00e1 sumando a nuevas generaciones. Los que arrancamos con esto, ya tenemos algunos a\u00f1os y algunos pensaron en esta alternativa como una jubilaci\u00f3n, pero afortunadamente todav\u00eda no se jubilaron y siguen con el mismo empe\u00f1o y empuje para continuar con los cultivos. Ahora se suman los hijos de los iniciadores y profesionales j\u00f3venes que de a poco vamos armando\u00a0un polo de conocimiento con\u00a0informaci\u00f3n que nos llega del exterior y que adaptamos a las condiciones clim\u00e1ticas, de suelo y a la idiosincrasia nuestra.\u00a0<\/p>\n\n\n\n<figure class=\"wp-block-image size-large\"><img loading=\"lazy\" decoding=\"async\" width=\"800\" height=\"450\" src=\"https:\/\/i0.wp.com\/cambioagropecuario.com\/wp-content\/uploads\/2022\/03\/6AE79814-C9F1-4FCD-B343-C0333EEB6BBC.jpeg?resize=800%2C450&#038;ssl=1\" alt=\"\" class=\"wp-image-520\" srcset=\"https:\/\/i0.wp.com\/cambioagropecuario.com\/wp-content\/uploads\/2022\/03\/6AE79814-C9F1-4FCD-B343-C0333EEB6BBC.jpeg?resize=1024%2C576&amp;ssl=1 1024w, https:\/\/i0.wp.com\/cambioagropecuario.com\/wp-content\/uploads\/2022\/03\/6AE79814-C9F1-4FCD-B343-C0333EEB6BBC.jpeg?resize=300%2C169&amp;ssl=1 300w, https:\/\/i0.wp.com\/cambioagropecuario.com\/wp-content\/uploads\/2022\/03\/6AE79814-C9F1-4FCD-B343-C0333EEB6BBC.jpeg?resize=768%2C432&amp;ssl=1 768w, https:\/\/i0.wp.com\/cambioagropecuario.com\/wp-content\/uploads\/2022\/03\/6AE79814-C9F1-4FCD-B343-C0333EEB6BBC.jpeg?w=1280&amp;ssl=1 1280w\" sizes=\"auto, (max-width: 800px) 100vw, 800px\" data-recalc-dims=\"1\" \/><\/figure>\n\n\n\n<p>El pec\u00e1n tiene gran adaptabilidad y todo depende de la variedad que uno escoja. Nosotros&nbsp;en esta zona que es bastante h\u00fameda,&nbsp;nos enfocamos a producir variedades de gran tama\u00f1o de fruto, que tienen un plus a la hora de buscar el mercado, que por su tama\u00f1o m\u00e1s la prefieren.&nbsp;Las variedades que m\u00e1s nos gustan y las que m\u00e1s estamos trabajando son&nbsp;Kiowa,&nbsp;Pawnee,&nbsp;que es como la estrella o al menos as\u00ed la plantamos y que todav\u00eda estamos esperando que sea as\u00ed,&nbsp;Desirable,&nbsp;Oconee,&nbsp;Sumner&nbsp;y la&nbsp;Mahan, que si bien ya no se planta en EE UU, es una variedad grande&nbsp;y muchos la prefieren, aunque es de muy dif\u00edcil llenado. Tambi\u00e9n usamos la&nbsp;Shoshoni&nbsp;que es una variedad muy precoz que nos sirve para que el campo comience a producir para poder mantener la inversi\u00f3n.&nbsp;<\/p>\n\n\n\n<p>El cultivo de pec\u00e1n no es muy complicado de manejar pero requiere de mucha agua. Tambi\u00e9n requiere de pulverizaciones peri\u00f3dicas de zinc porque es un \u00e1rbol que tiene deficiencia de este elemento. En la zona no tenemos mucha presi\u00f3n de enfermedades, por lo que no requiere de un manejo sanitario exhaustivo. En cuanto a plagas, se trabaja para el control de pulgones, chinches y lepid\u00f3pteros. &nbsp;El pec\u00e1n necesita de suelos sueltos y una fertilizaci\u00f3n balanceada en funci\u00f3n de los requerimientos del cultivo. El riego es fundamental para llevar adelante el cultivo.<\/p>\n\n\n\n<p>Nosotros empezaremos la cosecha a principios de Abril, a medida que las distintas variedades se vayan expresando. Nuestra cosecha es&nbsp;semimecanizada, tenemos un&nbsp;shaker&nbsp;con el que movemos los \u00e1rboles para que caigan las nueces, las que se env\u00edan a la sala de proceso donde se realiza la limpieza de los frutos, se selecciona las nueces y se derivanal sector de secado&nbsp;hasta alcanzar el 5% de humedad para que el fruto no sufra alteraciones y conserve su calidad. En el caso de nuestro campo, cosechamos por variedad para conservar la homogeneidad del producto final en nuestra oferta al mercado.&nbsp;<\/p>\n\n\n\n<p>Una de las caracter\u00edsticas que vamos observando en nuestra poca experiencia en esta zona, &nbsp;es que podemos cosechar en forma anticipada a otras zonas de producci\u00f3n del Pa\u00eds y que los frutos de esta regi\u00f3n tienen un mayor tama\u00f1o.<\/p>\n\n\n\n<p>En la comercializaci\u00f3n, gracias a la C\u00e1mara Argentina de Productores de Pec\u00e1n, que&nbsp;se constituy\u00f3 hace m\u00e1s de 25 a\u00f1os, ya que los productores en forma individual no alcanzaban el volumen para exportaci\u00f3n. La C\u00e1mara no solo asumi\u00f3 el desaf\u00edo de comercializar,&nbsp;sino que contribuye en el intercambio de experiencias para poder seguir en la actividad. As\u00ed, hoy&nbsp;podemos comercializar nuestro producto y alcanzar distintos mercados que en forma individual, nos ser\u00eda imposible&nbsp;de&nbsp;lograr.&nbsp;En un principio se comercializaba la nuez con c\u00e1scara a China y fue un mercado muy interesante, luego se cerraron las ventas a ese pa\u00eds y se comenz\u00f3 a buscar nuevos mercados que requer\u00edan un producto diferenciado. Los nuevos destinos demandan nuez pelada con altas normas de calidad, por lo que se instalaron en el pa\u00eds algunas plantas de proceso que cumplen con esos requerimientos. Para los peque\u00f1os productores del pa\u00eds la C\u00e1mara&nbsp;es nuestro gran soporte.&nbsp;<\/p>\n\n\n\n<p>Yo creo que Argentina puede producir nueces de muy buena calidad y el Norte tiene una excelente oportunidad para desarrollar un producto que todav\u00eda no se conoce tanto en el mundo, que tiene much\u00edsimas propiedades, de muy buen sabor y que se adapta muy bien a las nuevas tendencias de consumo a nivel mundial.&nbsp;<\/p>\n","protected":false},"excerpt":{"rendered":"<p>ENTREVISTA A JOSEFINA MANFRIN EN CAMBIO AGROPECUARIO. Todo empez\u00f3 en el 2006, cuando nos vinimos a vivir al campo con mi familia y buscando una actividad para desarrollar, vimos que algunos \u00e1rboles de Pec\u00e1n que tenemos en el campo y que tienen m\u00e1s de 40 a\u00f1os,&nbsp;notamos&nbsp;que fructificaban todos los a\u00f1os, sin ning\u00fan tipo de manejo [&hellip;]<\/p>\n","protected":false},"author":2,"featured_media":512,"comment_status":"closed","ping_status":"open","sticky":false,"template":"","format":"standard","meta":{"footnotes":""},"categories":[18],"tags":[],"class_list":["post-510","post","type-post","status-publish","format-standard","has-post-thumbnail","hentry","category-noticias"],"yoast_head":"<!-- This site is optimized with the Yoast SEO plugin v21.6 - https:\/\/yoast.com\/wordpress\/plugins\/seo\/ -->\n<title>Nuez de Pecan en Metan - Cambio Agropecuario<\/title>\n<meta name=\"robots\" content=\"index, follow, max-snippet:-1, max-image-preview:large, max-video-preview:-1\" \/>\n<link rel=\"canonical\" href=\"https:\/\/cambioagropecuario.com\/index.php\/2022\/03\/08\/nuez-de-pecan-en-metan\/\" \/>\n<meta property=\"og:locale\" content=\"es_ES\" \/>\n<meta property=\"og:type\" content=\"article\" \/>\n<meta property=\"og:title\" content=\"Nuez de Pecan en Metan - Cambio Agropecuario\" \/>\n<meta property=\"og:description\" content=\"ENTREVISTA A JOSEFINA MANFRIN EN CAMBIO AGROPECUARIO. Todo empez\u00f3 en el 2006, cuando nos vinimos a vivir al campo con mi familia y buscando una actividad para desarrollar, vimos que algunos \u00e1rboles de Pec\u00e1n que tenemos en el campo y que tienen m\u00e1s de 40 a\u00f1os,&nbsp;notamos&nbsp;que fructificaban todos los a\u00f1os, sin ning\u00fan tipo de manejo [&hellip;]\" \/>\n<meta property=\"og:url\" content=\"https:\/\/cambioagropecuario.com\/index.php\/2022\/03\/08\/nuez-de-pecan-en-metan\/\" \/>\n<meta property=\"og:site_name\" content=\"Cambio Agropecuario\" \/>\n<meta property=\"article:publisher\" content=\"https:\/\/www.facebook.com\/cambio.agropecuario\" \/>\n<meta property=\"article:published_time\" content=\"2022-03-08T00:37:06+00:00\" \/>\n<meta property=\"article:modified_time\" content=\"2022-03-08T01:22:51+00:00\" \/>\n<meta property=\"og:image\" content=\"https:\/\/cambioagropecuario.com\/wp-content\/uploads\/2022\/03\/150D2AED-B107-45E7-A2A4-C952075836F8.jpeg\" \/>\n\t<meta property=\"og:image:width\" content=\"1280\" \/>\n\t<meta property=\"og:image:height\" content=\"720\" \/>\n\t<meta property=\"og:image:type\" content=\"image\/jpeg\" \/>\n<meta name=\"author\" content=\"Jorge Lopez\" \/>\n<meta name=\"twitter:card\" content=\"summary_large_image\" \/>\n<meta name=\"twitter:label1\" content=\"Escrito por\" \/>\n\t<meta name=\"twitter:data1\" content=\"Jorge Lopez\" \/>\n\t<meta name=\"twitter:label2\" content=\"Tiempo de lectura\" \/>\n\t<meta name=\"twitter:data2\" content=\"5 minutos\" \/>\n<script type=\"application\/ld+json\" class=\"yoast-schema-graph\">{\"@context\":\"https:\/\/schema.org\",\"@graph\":[{\"@type\":\"Article\",\"@id\":\"https:\/\/cambioagropecuario.com\/index.php\/2022\/03\/08\/nuez-de-pecan-en-metan\/#article\",\"isPartOf\":{\"@id\":\"https:\/\/cambioagropecuario.com\/index.php\/2022\/03\/08\/nuez-de-pecan-en-metan\/\"},\"author\":{\"name\":\"Jorge Lopez\",\"@id\":\"https:\/\/cambioagropecuario.com\/#\/schema\/person\/24cfd493eaf12ce5568e4f89cfaa3b8a\"},\"headline\":\"Nuez de Pecan en Metan\",\"datePublished\":\"2022-03-08T00:37:06+00:00\",\"dateModified\":\"2022-03-08T01:22:51+00:00\",\"mainEntityOfPage\":{\"@id\":\"https:\/\/cambioagropecuario.com\/index.php\/2022\/03\/08\/nuez-de-pecan-en-metan\/\"},\"wordCount\":1035,\"publisher\":{\"@id\":\"https:\/\/cambioagropecuario.com\/#organization\"},\"articleSection\":[\"Noticias\"],\"inLanguage\":\"es\"},{\"@type\":\"WebPage\",\"@id\":\"https:\/\/cambioagropecuario.com\/index.php\/2022\/03\/08\/nuez-de-pecan-en-metan\/\",\"url\":\"https:\/\/cambioagropecuario.com\/index.php\/2022\/03\/08\/nuez-de-pecan-en-metan\/\",\"name\":\"Nuez de Pecan en Metan - Cambio Agropecuario\",\"isPartOf\":{\"@id\":\"https:\/\/cambioagropecuario.com\/#website\"},\"datePublished\":\"2022-03-08T00:37:06+00:00\",\"dateModified\":\"2022-03-08T01:22:51+00:00\",\"breadcrumb\":{\"@id\":\"https:\/\/cambioagropecuario.com\/index.php\/2022\/03\/08\/nuez-de-pecan-en-metan\/#breadcrumb\"},\"inLanguage\":\"es\",\"potentialAction\":[{\"@type\":\"ReadAction\",\"target\":[\"https:\/\/cambioagropecuario.com\/index.php\/2022\/03\/08\/nuez-de-pecan-en-metan\/\"]}]},{\"@type\":\"BreadcrumbList\",\"@id\":\"https:\/\/cambioagropecuario.com\/index.php\/2022\/03\/08\/nuez-de-pecan-en-metan\/#breadcrumb\",\"itemListElement\":[{\"@type\":\"ListItem\",\"position\":1,\"name\":\"Portada\",\"item\":\"https:\/\/cambioagropecuario.com\/\"},{\"@type\":\"ListItem\",\"position\":2,\"name\":\"Nuez de Pecan en Metan\"}]},{\"@type\":\"WebSite\",\"@id\":\"https:\/\/cambioagropecuario.com\/#website\",\"url\":\"https:\/\/cambioagropecuario.com\/\",\"name\":\"Cambio Agropecuario\",\"description\":\"Cambio Agropecuario es un portal de informaci\u00f3n objetiva y veraz del sector Agroproductivo de la Rep\u00fablica Argentina. Lejos de nuestro esp\u00edritu est\u00e1 el hecho de publicar noticias con un sesgo pol\u00edtico que no contribuya a enaltecer el desarrollo de las producciones agr\u00edcolas y pecuarias. Publicamos en libertad, sin presi\u00f3n de corporaci\u00f3n medi\u00e1tica alguna, ni de intereses econ\u00f3micos y pol\u00edticos. Las experiencias productivas ser\u00e1n una constante en este portal, porque nos interesa mostrar las iniciativas que llevan adelante los emprendedores y que son dignas de replicar en alguna latitud de nuestro pa\u00eds.\",\"publisher\":{\"@id\":\"https:\/\/cambioagropecuario.com\/#organization\"},\"potentialAction\":[{\"@type\":\"SearchAction\",\"target\":{\"@type\":\"EntryPoint\",\"urlTemplate\":\"https:\/\/cambioagropecuario.com\/?s={search_term_string}\"},\"query-input\":\"required name=search_term_string\"}],\"inLanguage\":\"es\"},{\"@type\":\"Organization\",\"@id\":\"https:\/\/cambioagropecuario.com\/#organization\",\"name\":\"Cambio Agropecuario\",\"url\":\"https:\/\/cambioagropecuario.com\/\",\"logo\":{\"@type\":\"ImageObject\",\"inLanguage\":\"es\",\"@id\":\"https:\/\/cambioagropecuario.com\/#\/schema\/logo\/image\/\",\"url\":\"https:\/\/cambioagropecuario.com\/wp-content\/uploads\/2021\/11\/cropped-Sin-titulo-1-1.png\",\"contentUrl\":\"https:\/\/cambioagropecuario.com\/wp-content\/uploads\/2021\/11\/cropped-Sin-titulo-1-1.png\",\"width\":512,\"height\":512,\"caption\":\"Cambio Agropecuario\"},\"image\":{\"@id\":\"https:\/\/cambioagropecuario.com\/#\/schema\/logo\/image\/\"},\"sameAs\":[\"https:\/\/www.facebook.com\/cambio.agropecuario\",\"https:\/\/www.youtube.com\/user\/cambioagropecuariotv\"]},{\"@type\":\"Person\",\"@id\":\"https:\/\/cambioagropecuario.com\/#\/schema\/person\/24cfd493eaf12ce5568e4f89cfaa3b8a\",\"name\":\"Jorge Lopez\",\"image\":{\"@type\":\"ImageObject\",\"inLanguage\":\"es\",\"@id\":\"https:\/\/cambioagropecuario.com\/#\/schema\/person\/image\/\",\"url\":\"https:\/\/secure.gravatar.com\/avatar\/775b1c76ac22bc240f9c49041d7dc067?s=96&d=mm&r=g\",\"contentUrl\":\"https:\/\/secure.gravatar.com\/avatar\/775b1c76ac22bc240f9c49041d7dc067?s=96&d=mm&r=g\",\"caption\":\"Jorge Lopez\"},\"url\":\"https:\/\/cambioagropecuario.com\/index.php\/author\/jorge\/\"}]}<\/script>\n<!-- \/ Yoast SEO plugin. -->","yoast_head_json":{"title":"Nuez de Pecan en Metan - Cambio Agropecuario","robots":{"index":"index","follow":"follow","max-snippet":"max-snippet:-1","max-image-preview":"max-image-preview:large","max-video-preview":"max-video-preview:-1"},"canonical":"https:\/\/cambioagropecuario.com\/index.php\/2022\/03\/08\/nuez-de-pecan-en-metan\/","og_locale":"es_ES","og_type":"article","og_title":"Nuez de Pecan en Metan - Cambio Agropecuario","og_description":"ENTREVISTA A JOSEFINA MANFRIN EN CAMBIO AGROPECUARIO. Todo empez\u00f3 en el 2006, cuando nos vinimos a vivir al campo con mi familia y buscando una actividad para desarrollar, vimos que algunos \u00e1rboles de Pec\u00e1n que tenemos en el campo y que tienen m\u00e1s de 40 a\u00f1os,&nbsp;notamos&nbsp;que fructificaban todos los a\u00f1os, sin ning\u00fan tipo de manejo [&hellip;]","og_url":"https:\/\/cambioagropecuario.com\/index.php\/2022\/03\/08\/nuez-de-pecan-en-metan\/","og_site_name":"Cambio Agropecuario","article_publisher":"https:\/\/www.facebook.com\/cambio.agropecuario","article_published_time":"2022-03-08T00:37:06+00:00","article_modified_time":"2022-03-08T01:22:51+00:00","og_image":[{"width":1280,"height":720,"url":"https:\/\/cambioagropecuario.com\/wp-content\/uploads\/2022\/03\/150D2AED-B107-45E7-A2A4-C952075836F8.jpeg","type":"image\/jpeg"}],"author":"Jorge Lopez","twitter_card":"summary_large_image","twitter_misc":{"Escrito por":"Jorge Lopez","Tiempo de lectura":"5 minutos"},"schema":{"@context":"https:\/\/schema.org","@graph":[{"@type":"Article","@id":"https:\/\/cambioagropecuario.com\/index.php\/2022\/03\/08\/nuez-de-pecan-en-metan\/#article","isPartOf":{"@id":"https:\/\/cambioagropecuario.com\/index.php\/2022\/03\/08\/nuez-de-pecan-en-metan\/"},"author":{"name":"Jorge Lopez","@id":"https:\/\/cambioagropecuario.com\/#\/schema\/person\/24cfd493eaf12ce5568e4f89cfaa3b8a"},"headline":"Nuez de Pecan en Metan","datePublished":"2022-03-08T00:37:06+00:00","dateModified":"2022-03-08T01:22:51+00:00","mainEntityOfPage":{"@id":"https:\/\/cambioagropecuario.com\/index.php\/2022\/03\/08\/nuez-de-pecan-en-metan\/"},"wordCount":1035,"publisher":{"@id":"https:\/\/cambioagropecuario.com\/#organization"},"articleSection":["Noticias"],"inLanguage":"es"},{"@type":"WebPage","@id":"https:\/\/cambioagropecuario.com\/index.php\/2022\/03\/08\/nuez-de-pecan-en-metan\/","url":"https:\/\/cambioagropecuario.com\/index.php\/2022\/03\/08\/nuez-de-pecan-en-metan\/","name":"Nuez de Pecan en Metan - Cambio Agropecuario","isPartOf":{"@id":"https:\/\/cambioagropecuario.com\/#website"},"datePublished":"2022-03-08T00:37:06+00:00","dateModified":"2022-03-08T01:22:51+00:00","breadcrumb":{"@id":"https:\/\/cambioagropecuario.com\/index.php\/2022\/03\/08\/nuez-de-pecan-en-metan\/#breadcrumb"},"inLanguage":"es","potentialAction":[{"@type":"ReadAction","target":["https:\/\/cambioagropecuario.com\/index.php\/2022\/03\/08\/nuez-de-pecan-en-metan\/"]}]},{"@type":"BreadcrumbList","@id":"https:\/\/cambioagropecuario.com\/index.php\/2022\/03\/08\/nuez-de-pecan-en-metan\/#breadcrumb","itemListElement":[{"@type":"ListItem","position":1,"name":"Portada","item":"https:\/\/cambioagropecuario.com\/"},{"@type":"ListItem","position":2,"name":"Nuez de Pecan en Metan"}]},{"@type":"WebSite","@id":"https:\/\/cambioagropecuario.com\/#website","url":"https:\/\/cambioagropecuario.com\/","name":"Cambio Agropecuario","description":"Cambio Agropecuario es un portal de informaci\u00f3n objetiva y veraz del sector Agroproductivo de la Rep\u00fablica Argentina. Lejos de nuestro esp\u00edritu est\u00e1 el hecho de publicar noticias con un sesgo pol\u00edtico que no contribuya a enaltecer el desarrollo de las producciones agr\u00edcolas y pecuarias. Publicamos en libertad, sin presi\u00f3n de corporaci\u00f3n medi\u00e1tica alguna, ni de intereses econ\u00f3micos y pol\u00edticos. Las experiencias productivas ser\u00e1n una constante en este portal, porque nos interesa mostrar las iniciativas que llevan adelante los emprendedores y que son dignas de replicar en alguna latitud de nuestro pa\u00eds.","publisher":{"@id":"https:\/\/cambioagropecuario.com\/#organization"},"potentialAction":[{"@type":"SearchAction","target":{"@type":"EntryPoint","urlTemplate":"https:\/\/cambioagropecuario.com\/?s={search_term_string}"},"query-input":"required name=search_term_string"}],"inLanguage":"es"},{"@type":"Organization","@id":"https:\/\/cambioagropecuario.com\/#organization","name":"Cambio Agropecuario","url":"https:\/\/cambioagropecuario.com\/","logo":{"@type":"ImageObject","inLanguage":"es","@id":"https:\/\/cambioagropecuario.com\/#\/schema\/logo\/image\/","url":"https:\/\/cambioagropecuario.com\/wp-content\/uploads\/2021\/11\/cropped-Sin-titulo-1-1.png","contentUrl":"https:\/\/cambioagropecuario.com\/wp-content\/uploads\/2021\/11\/cropped-Sin-titulo-1-1.png","width":512,"height":512,"caption":"Cambio Agropecuario"},"image":{"@id":"https:\/\/cambioagropecuario.com\/#\/schema\/logo\/image\/"},"sameAs":["https:\/\/www.facebook.com\/cambio.agropecuario","https:\/\/www.youtube.com\/user\/cambioagropecuariotv"]},{"@type":"Person","@id":"https:\/\/cambioagropecuario.com\/#\/schema\/person\/24cfd493eaf12ce5568e4f89cfaa3b8a","name":"Jorge Lopez","image":{"@type":"ImageObject","inLanguage":"es","@id":"https:\/\/cambioagropecuario.com\/#\/schema\/person\/image\/","url":"https:\/\/secure.gravatar.com\/avatar\/775b1c76ac22bc240f9c49041d7dc067?s=96&d=mm&r=g","contentUrl":"https:\/\/secure.gravatar.com\/avatar\/775b1c76ac22bc240f9c49041d7dc067?s=96&d=mm&r=g","caption":"Jorge Lopez"},"url":"https:\/\/cambioagropecuario.com\/index.php\/author\/jorge\/"}]}},"jetpack_sharing_enabled":true,"featured_image_urls":{"full":["https:\/\/i0.wp.com\/cambioagropecuario.com\/wp-content\/uploads\/2022\/03\/150D2AED-B107-45E7-A2A4-C952075836F8.jpeg?fit=1280%2C720&ssl=1",1280,720,false],"thumbnail":["https:\/\/i0.wp.com\/cambioagropecuario.com\/wp-content\/uploads\/2022\/03\/150D2AED-B107-45E7-A2A4-C952075836F8.jpeg?resize=150%2C150&ssl=1",150,150,true],"medium":["https:\/\/i0.wp.com\/cambioagropecuario.com\/wp-content\/uploads\/2022\/03\/150D2AED-B107-45E7-A2A4-C952075836F8.jpeg?fit=300%2C169&ssl=1",300,169,true],"medium_large":["https:\/\/i0.wp.com\/cambioagropecuario.com\/wp-content\/uploads\/2022\/03\/150D2AED-B107-45E7-A2A4-C952075836F8.jpeg?fit=768%2C432&ssl=1",768,432,true],"large":["https:\/\/i0.wp.com\/cambioagropecuario.com\/wp-content\/uploads\/2022\/03\/150D2AED-B107-45E7-A2A4-C952075836F8.jpeg?fit=800%2C450&ssl=1",800,450,true],"1536x1536":["https:\/\/i0.wp.com\/cambioagropecuario.com\/wp-content\/uploads\/2022\/03\/150D2AED-B107-45E7-A2A4-C952075836F8.jpeg?fit=1280%2C720&ssl=1",1280,720,true],"2048x2048":["https:\/\/i0.wp.com\/cambioagropecuario.com\/wp-content\/uploads\/2022\/03\/150D2AED-B107-45E7-A2A4-C952075836F8.jpeg?fit=1280%2C720&ssl=1",1280,720,true]},"author_info":{"display_name":"Jorge Lopez","author_link":"https:\/\/cambioagropecuario.com\/index.php\/author\/jorge\/"},"category_info":"<a href=\"https:\/\/cambioagropecuario.com\/index.php\/category\/noticias\/\" rel=\"category tag\">Noticias<\/a>","tag_info":"Noticias","comment_count":"0","jetpack_featured_media_url":"https:\/\/i0.wp.com\/cambioagropecuario.com\/wp-content\/uploads\/2022\/03\/150D2AED-B107-45E7-A2A4-C952075836F8.jpeg?fit=1280%2C720&ssl=1","_links":{"self":[{"href":"https:\/\/cambioagropecuario.com\/index.php\/wp-json\/wp\/v2\/posts\/510","targetHints":{"allow":["GET"]}}],"collection":[{"href":"https:\/\/cambioagropecuario.com\/index.php\/wp-json\/wp\/v2\/posts"}],"about":[{"href":"https:\/\/cambioagropecuario.com\/index.php\/wp-json\/wp\/v2\/types\/post"}],"author":[{"embeddable":true,"href":"https:\/\/cambioagropecuario.com\/index.php\/wp-json\/wp\/v2\/users\/2"}],"replies":[{"embeddable":true,"href":"https:\/\/cambioagropecuario.com\/index.php\/wp-json\/wp\/v2\/comments?post=510"}],"version-history":[{"count":2,"href":"https:\/\/cambioagropecuario.com\/index.php\/wp-json\/wp\/v2\/posts\/510\/revisions"}],"predecessor-version":[{"id":521,"href":"https:\/\/cambioagropecuario.com\/index.php\/wp-json\/wp\/v2\/posts\/510\/revisions\/521"}],"wp:featuredmedia":[{"embeddable":true,"href":"https:\/\/cambioagropecuario.com\/index.php\/wp-json\/wp\/v2\/media\/512"}],"wp:attachment":[{"href":"https:\/\/cambioagropecuario.com\/index.php\/wp-json\/wp\/v2\/media?parent=510"}],"wp:term":[{"taxonomy":"category","embeddable":true,"href":"https:\/\/cambioagropecuario.com\/index.php\/wp-json\/wp\/v2\/categories?post=510"},{"taxonomy":"post_tag","embeddable":true,"href":"https:\/\/cambioagropecuario.com\/index.php\/wp-json\/wp\/v2\/tags?post=510"}],"curies":[{"name":"wp","href":"https:\/\/api.w.org\/{rel}","templated":true}]}}