{"id":484,"date":"2022-03-04T22:29:19","date_gmt":"2022-03-04T22:29:19","guid":{"rendered":"https:\/\/cambioagropecuario.com\/?p=484"},"modified":"2022-03-04T22:29:21","modified_gmt":"2022-03-04T22:29:21","slug":"unifican-los-plazos-el-fin-de-la-media-res-sera-desde-el-1-de-noviembre-para-todos-los-frigorificos","status":"publish","type":"post","link":"https:\/\/cambioagropecuario.com\/index.php\/2022\/03\/04\/unifican-los-plazos-el-fin-de-la-media-res-sera-desde-el-1-de-noviembre-para-todos-los-frigorificos\/","title":{"rendered":"Unifican los plazos: el fin de la media res ser\u00e1 desde el 1\u00b0 de noviembre para todos los frigor\u00edficos"},"content":{"rendered":"\n<p>Los ministerios de Trabajo Empleo y Seguridad Social, de Desarrollo Productivo y de Agricultura, Ganader\u00eda y Pesca; emitieron este viernes una\u00a0<strong>resoluci\u00f3n conjunta<\/strong>\u00a0por la cual\u00a0<strong>unificaron los plazos para que en Argentina comience a comercializarse la carne a nivel mayorista\u00a0<\/strong><a href=\"https:\/\/www.infocampo.com.ar\/tras-el-fin-de-la-media-res-que-piensan-en-la-cadena-de-la-carne-de-la-comercializacion-por-trozos\/\">en trozos cuyos pesos individuales no superen los 32 kilos<\/a>.<\/p>\n\n\n\n<p>De acuerdo con esta medida,\u00a0<strong>todos los frigor\u00edficos del pa\u00eds<\/strong>, independientemente de que sean de tr\u00e1fico municipal, provincial o nacional, tendr\u00e1n<strong>:<\/strong><\/p>\n\n\n\n<ul class=\"wp-block-list\"><li><strong>Hasta el 1\u00b0 de mayo&nbsp;<\/strong>como fecha l\u00edmite para presentar su plan de inversi\u00f3n y adecuaci\u00f3n de las instalaciones<strong>,<\/strong><\/li><li><strong>Hasta el 1\u00b0 de noviembre,&nbsp;<\/strong>para ejecutarlo.<\/li><\/ul>\n\n\n\n<p>De esta manera, se modific\u00f3 el\u00a0<strong>criterio que el Gobierno hab\u00eda adoptado en enero<\/strong>, cuando dispuso que los frigor\u00edficos nacionales ten\u00edan 90 d\u00edas para presentar el plan y 180 d\u00edas para ejecutarlo, mientras que los provinciales y municipales, ten\u00edan 180 d\u00edas y un a\u00f1o, respectivamente.<\/p>\n\n\n\n<h3 class=\"wp-block-heading\"><strong>Fundamentos<\/strong><\/h3>\n\n\n\n<p>La cadena c\u00e1rnica le solicit\u00f3 al Gobierno&nbsp;<strong>rever esos plazos y unificarlos<\/strong>, habida cuenta que el&nbsp;<strong>criterio adoptado para eliminar la comercializaci\u00f3n de la media res fue el riesgo de salud que representa para los trabajadores<\/strong>&nbsp;de frigor\u00edficos y de carnicer\u00edas el tener que acarrear con mercader\u00eda que supera los 100 kilos.<\/p>\n\n\n\n<p>\u201cEn el marco del Consejo Federal Agropecuario,&nbsp;<strong>las c\u00e1maras representantes de la industria frigor\u00edfica y los matarifes abastecedores<\/strong>&nbsp;expresaron la necesidad de&nbsp;<strong>unificar los plazos para toda la industria frigor\u00edfica sin distinci\u00f3n de r\u00e9gimen de habilitaci\u00f3n<\/strong>. Se acord\u00f3 la conveniencia de unificar los plazos en&nbsp;<strong>nueve meses a partir de la puesta a disposici\u00f3n de las l\u00edneas de asistencia financiera<\/strong>&nbsp;para la adecuaci\u00f3n de la industria frigor\u00edfica\u201d, indic\u00f3 al respecto el Gobierno en la resoluci\u00f3n.<\/p>\n\n\n\n<p>Esta l\u00ednea de asistencia a la que se refiere es la que\u00a0<strong>se lanz\u00f3 desde al 1\u00b0 de febrero, a trav\u00e9s del Plan de Ganader\u00eda Argentina 2022-202 (Plan GanAr)<\/strong>, desarrollado por el Ministerio de Agricultura, Ganader\u00eda y Pesca.<\/p>\n","protected":false},"excerpt":{"rendered":"<p>Los ministerios de Trabajo Empleo y Seguridad Social, de Desarrollo Productivo y de Agricultura, Ganader\u00eda y Pesca; emitieron este viernes una\u00a0resoluci\u00f3n conjunta\u00a0por la cual\u00a0unificaron los plazos para que en Argentina comience a comercializarse la carne a nivel mayorista\u00a0en trozos cuyos pesos individuales no superen los 32 kilos. De acuerdo con esta medida,\u00a0todos los frigor\u00edficos del [&hellip;]<\/p>\n","protected":false},"author":2,"featured_media":485,"comment_status":"closed","ping_status":"open","sticky":false,"template":"","format":"standard","meta":{"footnotes":""},"categories":[10],"tags":[],"class_list":["post-484","post","type-post","status-publish","format-standard","has-post-thumbnail","hentry","category-ganaderia"],"yoast_head":"<!-- This site is optimized with the Yoast SEO plugin v21.6 - https:\/\/yoast.com\/wordpress\/plugins\/seo\/ -->\n<title>Unifican los plazos: el fin de la media res ser\u00e1 desde el 1\u00b0 de noviembre para todos los frigor\u00edficos - Cambio Agropecuario<\/title>\n<meta name=\"robots\" content=\"index, follow, max-snippet:-1, max-image-preview:large, max-video-preview:-1\" \/>\n<link rel=\"canonical\" href=\"https:\/\/cambioagropecuario.com\/index.php\/2022\/03\/04\/unifican-los-plazos-el-fin-de-la-media-res-sera-desde-el-1-de-noviembre-para-todos-los-frigorificos\/\" \/>\n<meta property=\"og:locale\" content=\"es_ES\" \/>\n<meta property=\"og:type\" content=\"article\" \/>\n<meta property=\"og:title\" content=\"Unifican los plazos: el fin de la media res ser\u00e1 desde el 1\u00b0 de noviembre para todos los frigor\u00edficos - Cambio Agropecuario\" \/>\n<meta property=\"og:description\" content=\"Los ministerios de Trabajo Empleo y Seguridad Social, de Desarrollo Productivo y de Agricultura, Ganader\u00eda y Pesca; emitieron este viernes una\u00a0resoluci\u00f3n conjunta\u00a0por la cual\u00a0unificaron los plazos para que en Argentina comience a comercializarse la carne a nivel mayorista\u00a0en trozos cuyos pesos individuales no superen los 32 kilos. De acuerdo con esta medida,\u00a0todos los frigor\u00edficos del [&hellip;]\" \/>\n<meta property=\"og:url\" content=\"https:\/\/cambioagropecuario.com\/index.php\/2022\/03\/04\/unifican-los-plazos-el-fin-de-la-media-res-sera-desde-el-1-de-noviembre-para-todos-los-frigorificos\/\" \/>\n<meta property=\"og:site_name\" content=\"Cambio Agropecuario\" \/>\n<meta property=\"article:publisher\" content=\"https:\/\/www.facebook.com\/cambio.agropecuario\" \/>\n<meta property=\"article:published_time\" content=\"2022-03-04T22:29:19+00:00\" \/>\n<meta property=\"article:modified_time\" content=\"2022-03-04T22:29:21+00:00\" \/>\n<meta property=\"og:image\" content=\"https:\/\/cambioagropecuario.com\/wp-content\/uploads\/2022\/03\/ganaderia-frigorificos-infocampo.jpg\" \/>\n\t<meta property=\"og:image:width\" content=\"1000\" \/>\n\t<meta property=\"og:image:height\" content=\"570\" \/>\n\t<meta property=\"og:image:type\" content=\"image\/jpeg\" \/>\n<meta name=\"author\" content=\"Jorge Lopez\" \/>\n<meta name=\"twitter:card\" content=\"summary_large_image\" \/>\n<meta name=\"twitter:label1\" content=\"Escrito por\" \/>\n\t<meta name=\"twitter:data1\" content=\"Jorge Lopez\" \/>\n\t<meta name=\"twitter:label2\" content=\"Tiempo de lectura\" \/>\n\t<meta name=\"twitter:data2\" content=\"2 minutos\" \/>\n<script type=\"application\/ld+json\" class=\"yoast-schema-graph\">{\"@context\":\"https:\/\/schema.org\",\"@graph\":[{\"@type\":\"Article\",\"@id\":\"https:\/\/cambioagropecuario.com\/index.php\/2022\/03\/04\/unifican-los-plazos-el-fin-de-la-media-res-sera-desde-el-1-de-noviembre-para-todos-los-frigorificos\/#article\",\"isPartOf\":{\"@id\":\"https:\/\/cambioagropecuario.com\/index.php\/2022\/03\/04\/unifican-los-plazos-el-fin-de-la-media-res-sera-desde-el-1-de-noviembre-para-todos-los-frigorificos\/\"},\"author\":{\"name\":\"Jorge Lopez\",\"@id\":\"https:\/\/cambioagropecuario.com\/#\/schema\/person\/24cfd493eaf12ce5568e4f89cfaa3b8a\"},\"headline\":\"Unifican los plazos: el fin de la media res ser\u00e1 desde el 1\u00b0 de noviembre para todos los frigor\u00edficos\",\"datePublished\":\"2022-03-04T22:29:19+00:00\",\"dateModified\":\"2022-03-04T22:29:21+00:00\",\"mainEntityOfPage\":{\"@id\":\"https:\/\/cambioagropecuario.com\/index.php\/2022\/03\/04\/unifican-los-plazos-el-fin-de-la-media-res-sera-desde-el-1-de-noviembre-para-todos-los-frigorificos\/\"},\"wordCount\":367,\"publisher\":{\"@id\":\"https:\/\/cambioagropecuario.com\/#organization\"},\"articleSection\":[\"Ganaderia\"],\"inLanguage\":\"es\"},{\"@type\":\"WebPage\",\"@id\":\"https:\/\/cambioagropecuario.com\/index.php\/2022\/03\/04\/unifican-los-plazos-el-fin-de-la-media-res-sera-desde-el-1-de-noviembre-para-todos-los-frigorificos\/\",\"url\":\"https:\/\/cambioagropecuario.com\/index.php\/2022\/03\/04\/unifican-los-plazos-el-fin-de-la-media-res-sera-desde-el-1-de-noviembre-para-todos-los-frigorificos\/\",\"name\":\"Unifican los plazos: el fin de la media res ser\u00e1 desde el 1\u00b0 de noviembre para todos los frigor\u00edficos - Cambio Agropecuario\",\"isPartOf\":{\"@id\":\"https:\/\/cambioagropecuario.com\/#website\"},\"datePublished\":\"2022-03-04T22:29:19+00:00\",\"dateModified\":\"2022-03-04T22:29:21+00:00\",\"breadcrumb\":{\"@id\":\"https:\/\/cambioagropecuario.com\/index.php\/2022\/03\/04\/unifican-los-plazos-el-fin-de-la-media-res-sera-desde-el-1-de-noviembre-para-todos-los-frigorificos\/#breadcrumb\"},\"inLanguage\":\"es\",\"potentialAction\":[{\"@type\":\"ReadAction\",\"target\":[\"https:\/\/cambioagropecuario.com\/index.php\/2022\/03\/04\/unifican-los-plazos-el-fin-de-la-media-res-sera-desde-el-1-de-noviembre-para-todos-los-frigorificos\/\"]}]},{\"@type\":\"BreadcrumbList\",\"@id\":\"https:\/\/cambioagropecuario.com\/index.php\/2022\/03\/04\/unifican-los-plazos-el-fin-de-la-media-res-sera-desde-el-1-de-noviembre-para-todos-los-frigorificos\/#breadcrumb\",\"itemListElement\":[{\"@type\":\"ListItem\",\"position\":1,\"name\":\"Portada\",\"item\":\"https:\/\/cambioagropecuario.com\/\"},{\"@type\":\"ListItem\",\"position\":2,\"name\":\"Unifican los plazos: el fin de la media res ser\u00e1 desde el 1\u00b0 de noviembre para todos los frigor\u00edficos\"}]},{\"@type\":\"WebSite\",\"@id\":\"https:\/\/cambioagropecuario.com\/#website\",\"url\":\"https:\/\/cambioagropecuario.com\/\",\"name\":\"Cambio Agropecuario\",\"description\":\"Cambio Agropecuario es un portal de informaci\u00f3n objetiva y veraz del sector Agroproductivo de la Rep\u00fablica Argentina. Lejos de nuestro esp\u00edritu est\u00e1 el hecho de publicar noticias con un sesgo pol\u00edtico que no contribuya a enaltecer el desarrollo de las producciones agr\u00edcolas y pecuarias. Publicamos en libertad, sin presi\u00f3n de corporaci\u00f3n medi\u00e1tica alguna, ni de intereses econ\u00f3micos y pol\u00edticos. Las experiencias productivas ser\u00e1n una constante en este portal, porque nos interesa mostrar las iniciativas que llevan adelante los emprendedores y que son dignas de replicar en alguna latitud de nuestro pa\u00eds.\",\"publisher\":{\"@id\":\"https:\/\/cambioagropecuario.com\/#organization\"},\"potentialAction\":[{\"@type\":\"SearchAction\",\"target\":{\"@type\":\"EntryPoint\",\"urlTemplate\":\"https:\/\/cambioagropecuario.com\/?s={search_term_string}\"},\"query-input\":\"required name=search_term_string\"}],\"inLanguage\":\"es\"},{\"@type\":\"Organization\",\"@id\":\"https:\/\/cambioagropecuario.com\/#organization\",\"name\":\"Cambio Agropecuario\",\"url\":\"https:\/\/cambioagropecuario.com\/\",\"logo\":{\"@type\":\"ImageObject\",\"inLanguage\":\"es\",\"@id\":\"https:\/\/cambioagropecuario.com\/#\/schema\/logo\/image\/\",\"url\":\"https:\/\/cambioagropecuario.com\/wp-content\/uploads\/2021\/11\/cropped-Sin-titulo-1-1.png\",\"contentUrl\":\"https:\/\/cambioagropecuario.com\/wp-content\/uploads\/2021\/11\/cropped-Sin-titulo-1-1.png\",\"width\":512,\"height\":512,\"caption\":\"Cambio Agropecuario\"},\"image\":{\"@id\":\"https:\/\/cambioagropecuario.com\/#\/schema\/logo\/image\/\"},\"sameAs\":[\"https:\/\/www.facebook.com\/cambio.agropecuario\",\"https:\/\/www.youtube.com\/user\/cambioagropecuariotv\"]},{\"@type\":\"Person\",\"@id\":\"https:\/\/cambioagropecuario.com\/#\/schema\/person\/24cfd493eaf12ce5568e4f89cfaa3b8a\",\"name\":\"Jorge Lopez\",\"image\":{\"@type\":\"ImageObject\",\"inLanguage\":\"es\",\"@id\":\"https:\/\/cambioagropecuario.com\/#\/schema\/person\/image\/\",\"url\":\"https:\/\/secure.gravatar.com\/avatar\/775b1c76ac22bc240f9c49041d7dc067?s=96&d=mm&r=g\",\"contentUrl\":\"https:\/\/secure.gravatar.com\/avatar\/775b1c76ac22bc240f9c49041d7dc067?s=96&d=mm&r=g\",\"caption\":\"Jorge Lopez\"},\"url\":\"https:\/\/cambioagropecuario.com\/index.php\/author\/jorge\/\"}]}<\/script>\n<!-- \/ Yoast SEO plugin. -->","yoast_head_json":{"title":"Unifican los plazos: el fin de la media res ser\u00e1 desde el 1\u00b0 de noviembre para todos los frigor\u00edficos - Cambio Agropecuario","robots":{"index":"index","follow":"follow","max-snippet":"max-snippet:-1","max-image-preview":"max-image-preview:large","max-video-preview":"max-video-preview:-1"},"canonical":"https:\/\/cambioagropecuario.com\/index.php\/2022\/03\/04\/unifican-los-plazos-el-fin-de-la-media-res-sera-desde-el-1-de-noviembre-para-todos-los-frigorificos\/","og_locale":"es_ES","og_type":"article","og_title":"Unifican los plazos: el fin de la media res ser\u00e1 desde el 1\u00b0 de noviembre para todos los frigor\u00edficos - Cambio Agropecuario","og_description":"Los ministerios de Trabajo Empleo y Seguridad Social, de Desarrollo Productivo y de Agricultura, Ganader\u00eda y Pesca; emitieron este viernes una\u00a0resoluci\u00f3n conjunta\u00a0por la cual\u00a0unificaron los plazos para que en Argentina comience a comercializarse la carne a nivel mayorista\u00a0en trozos cuyos pesos individuales no superen los 32 kilos. De acuerdo con esta medida,\u00a0todos los frigor\u00edficos del [&hellip;]","og_url":"https:\/\/cambioagropecuario.com\/index.php\/2022\/03\/04\/unifican-los-plazos-el-fin-de-la-media-res-sera-desde-el-1-de-noviembre-para-todos-los-frigorificos\/","og_site_name":"Cambio Agropecuario","article_publisher":"https:\/\/www.facebook.com\/cambio.agropecuario","article_published_time":"2022-03-04T22:29:19+00:00","article_modified_time":"2022-03-04T22:29:21+00:00","og_image":[{"width":1000,"height":570,"url":"https:\/\/cambioagropecuario.com\/wp-content\/uploads\/2022\/03\/ganaderia-frigorificos-infocampo.jpg","type":"image\/jpeg"}],"author":"Jorge Lopez","twitter_card":"summary_large_image","twitter_misc":{"Escrito por":"Jorge Lopez","Tiempo de lectura":"2 minutos"},"schema":{"@context":"https:\/\/schema.org","@graph":[{"@type":"Article","@id":"https:\/\/cambioagropecuario.com\/index.php\/2022\/03\/04\/unifican-los-plazos-el-fin-de-la-media-res-sera-desde-el-1-de-noviembre-para-todos-los-frigorificos\/#article","isPartOf":{"@id":"https:\/\/cambioagropecuario.com\/index.php\/2022\/03\/04\/unifican-los-plazos-el-fin-de-la-media-res-sera-desde-el-1-de-noviembre-para-todos-los-frigorificos\/"},"author":{"name":"Jorge Lopez","@id":"https:\/\/cambioagropecuario.com\/#\/schema\/person\/24cfd493eaf12ce5568e4f89cfaa3b8a"},"headline":"Unifican los plazos: el fin de la media res ser\u00e1 desde el 1\u00b0 de noviembre para todos los frigor\u00edficos","datePublished":"2022-03-04T22:29:19+00:00","dateModified":"2022-03-04T22:29:21+00:00","mainEntityOfPage":{"@id":"https:\/\/cambioagropecuario.com\/index.php\/2022\/03\/04\/unifican-los-plazos-el-fin-de-la-media-res-sera-desde-el-1-de-noviembre-para-todos-los-frigorificos\/"},"wordCount":367,"publisher":{"@id":"https:\/\/cambioagropecuario.com\/#organization"},"articleSection":["Ganaderia"],"inLanguage":"es"},{"@type":"WebPage","@id":"https:\/\/cambioagropecuario.com\/index.php\/2022\/03\/04\/unifican-los-plazos-el-fin-de-la-media-res-sera-desde-el-1-de-noviembre-para-todos-los-frigorificos\/","url":"https:\/\/cambioagropecuario.com\/index.php\/2022\/03\/04\/unifican-los-plazos-el-fin-de-la-media-res-sera-desde-el-1-de-noviembre-para-todos-los-frigorificos\/","name":"Unifican los plazos: el fin de la media res ser\u00e1 desde el 1\u00b0 de noviembre para todos los frigor\u00edficos - Cambio Agropecuario","isPartOf":{"@id":"https:\/\/cambioagropecuario.com\/#website"},"datePublished":"2022-03-04T22:29:19+00:00","dateModified":"2022-03-04T22:29:21+00:00","breadcrumb":{"@id":"https:\/\/cambioagropecuario.com\/index.php\/2022\/03\/04\/unifican-los-plazos-el-fin-de-la-media-res-sera-desde-el-1-de-noviembre-para-todos-los-frigorificos\/#breadcrumb"},"inLanguage":"es","potentialAction":[{"@type":"ReadAction","target":["https:\/\/cambioagropecuario.com\/index.php\/2022\/03\/04\/unifican-los-plazos-el-fin-de-la-media-res-sera-desde-el-1-de-noviembre-para-todos-los-frigorificos\/"]}]},{"@type":"BreadcrumbList","@id":"https:\/\/cambioagropecuario.com\/index.php\/2022\/03\/04\/unifican-los-plazos-el-fin-de-la-media-res-sera-desde-el-1-de-noviembre-para-todos-los-frigorificos\/#breadcrumb","itemListElement":[{"@type":"ListItem","position":1,"name":"Portada","item":"https:\/\/cambioagropecuario.com\/"},{"@type":"ListItem","position":2,"name":"Unifican los plazos: el fin de la media res ser\u00e1 desde el 1\u00b0 de noviembre para todos los frigor\u00edficos"}]},{"@type":"WebSite","@id":"https:\/\/cambioagropecuario.com\/#website","url":"https:\/\/cambioagropecuario.com\/","name":"Cambio Agropecuario","description":"Cambio Agropecuario es un portal de informaci\u00f3n objetiva y veraz del sector Agroproductivo de la Rep\u00fablica Argentina. Lejos de nuestro esp\u00edritu est\u00e1 el hecho de publicar noticias con un sesgo pol\u00edtico que no contribuya a enaltecer el desarrollo de las producciones agr\u00edcolas y pecuarias. Publicamos en libertad, sin presi\u00f3n de corporaci\u00f3n medi\u00e1tica alguna, ni de intereses econ\u00f3micos y pol\u00edticos. Las experiencias productivas ser\u00e1n una constante en este portal, porque nos interesa mostrar las iniciativas que llevan adelante los emprendedores y que son dignas de replicar en alguna latitud de nuestro pa\u00eds.","publisher":{"@id":"https:\/\/cambioagropecuario.com\/#organization"},"potentialAction":[{"@type":"SearchAction","target":{"@type":"EntryPoint","urlTemplate":"https:\/\/cambioagropecuario.com\/?s={search_term_string}"},"query-input":"required name=search_term_string"}],"inLanguage":"es"},{"@type":"Organization","@id":"https:\/\/cambioagropecuario.com\/#organization","name":"Cambio Agropecuario","url":"https:\/\/cambioagropecuario.com\/","logo":{"@type":"ImageObject","inLanguage":"es","@id":"https:\/\/cambioagropecuario.com\/#\/schema\/logo\/image\/","url":"https:\/\/cambioagropecuario.com\/wp-content\/uploads\/2021\/11\/cropped-Sin-titulo-1-1.png","contentUrl":"https:\/\/cambioagropecuario.com\/wp-content\/uploads\/2021\/11\/cropped-Sin-titulo-1-1.png","width":512,"height":512,"caption":"Cambio Agropecuario"},"image":{"@id":"https:\/\/cambioagropecuario.com\/#\/schema\/logo\/image\/"},"sameAs":["https:\/\/www.facebook.com\/cambio.agropecuario","https:\/\/www.youtube.com\/user\/cambioagropecuariotv"]},{"@type":"Person","@id":"https:\/\/cambioagropecuario.com\/#\/schema\/person\/24cfd493eaf12ce5568e4f89cfaa3b8a","name":"Jorge Lopez","image":{"@type":"ImageObject","inLanguage":"es","@id":"https:\/\/cambioagropecuario.com\/#\/schema\/person\/image\/","url":"https:\/\/secure.gravatar.com\/avatar\/775b1c76ac22bc240f9c49041d7dc067?s=96&d=mm&r=g","contentUrl":"https:\/\/secure.gravatar.com\/avatar\/775b1c76ac22bc240f9c49041d7dc067?s=96&d=mm&r=g","caption":"Jorge Lopez"},"url":"https:\/\/cambioagropecuario.com\/index.php\/author\/jorge\/"}]}},"jetpack_sharing_enabled":true,"featured_image_urls":{"full":["https:\/\/i0.wp.com\/cambioagropecuario.com\/wp-content\/uploads\/2022\/03\/ganaderia-frigorificos-infocampo.jpg?fit=1000%2C570&ssl=1",1000,570,false],"thumbnail":["https:\/\/i0.wp.com\/cambioagropecuario.com\/wp-content\/uploads\/2022\/03\/ganaderia-frigorificos-infocampo.jpg?resize=150%2C150&ssl=1",150,150,true],"medium":["https:\/\/i0.wp.com\/cambioagropecuario.com\/wp-content\/uploads\/2022\/03\/ganaderia-frigorificos-infocampo.jpg?fit=300%2C171&ssl=1",300,171,true],"medium_large":["https:\/\/i0.wp.com\/cambioagropecuario.com\/wp-content\/uploads\/2022\/03\/ganaderia-frigorificos-infocampo.jpg?fit=768%2C438&ssl=1",768,438,true],"large":["https:\/\/i0.wp.com\/cambioagropecuario.com\/wp-content\/uploads\/2022\/03\/ganaderia-frigorificos-infocampo.jpg?fit=800%2C456&ssl=1",800,456,true],"1536x1536":["https:\/\/i0.wp.com\/cambioagropecuario.com\/wp-content\/uploads\/2022\/03\/ganaderia-frigorificos-infocampo.jpg?fit=1000%2C570&ssl=1",1000,570,true],"2048x2048":["https:\/\/i0.wp.com\/cambioagropecuario.com\/wp-content\/uploads\/2022\/03\/ganaderia-frigorificos-infocampo.jpg?fit=1000%2C570&ssl=1",1000,570,true]},"author_info":{"display_name":"Jorge Lopez","author_link":"https:\/\/cambioagropecuario.com\/index.php\/author\/jorge\/"},"category_info":"<a href=\"https:\/\/cambioagropecuario.com\/index.php\/category\/ganaderia\/\" rel=\"category tag\">Ganaderia<\/a>","tag_info":"Ganaderia","comment_count":"0","jetpack_featured_media_url":"https:\/\/i0.wp.com\/cambioagropecuario.com\/wp-content\/uploads\/2022\/03\/ganaderia-frigorificos-infocampo.jpg?fit=1000%2C570&ssl=1","_links":{"self":[{"href":"https:\/\/cambioagropecuario.com\/index.php\/wp-json\/wp\/v2\/posts\/484","targetHints":{"allow":["GET"]}}],"collection":[{"href":"https:\/\/cambioagropecuario.com\/index.php\/wp-json\/wp\/v2\/posts"}],"about":[{"href":"https:\/\/cambioagropecuario.com\/index.php\/wp-json\/wp\/v2\/types\/post"}],"author":[{"embeddable":true,"href":"https:\/\/cambioagropecuario.com\/index.php\/wp-json\/wp\/v2\/users\/2"}],"replies":[{"embeddable":true,"href":"https:\/\/cambioagropecuario.com\/index.php\/wp-json\/wp\/v2\/comments?post=484"}],"version-history":[{"count":1,"href":"https:\/\/cambioagropecuario.com\/index.php\/wp-json\/wp\/v2\/posts\/484\/revisions"}],"predecessor-version":[{"id":486,"href":"https:\/\/cambioagropecuario.com\/index.php\/wp-json\/wp\/v2\/posts\/484\/revisions\/486"}],"wp:featuredmedia":[{"embeddable":true,"href":"https:\/\/cambioagropecuario.com\/index.php\/wp-json\/wp\/v2\/media\/485"}],"wp:attachment":[{"href":"https:\/\/cambioagropecuario.com\/index.php\/wp-json\/wp\/v2\/media?parent=484"}],"wp:term":[{"taxonomy":"category","embeddable":true,"href":"https:\/\/cambioagropecuario.com\/index.php\/wp-json\/wp\/v2\/categories?post=484"},{"taxonomy":"post_tag","embeddable":true,"href":"https:\/\/cambioagropecuario.com\/index.php\/wp-json\/wp\/v2\/tags?post=484"}],"curies":[{"name":"wp","href":"https:\/\/api.w.org\/{rel}","templated":true}]}}