{"id":481,"date":"2022-03-04T01:16:08","date_gmt":"2022-03-04T01:16:08","guid":{"rendered":"https:\/\/cambioagropecuario.com\/?p=481"},"modified":"2022-03-04T01:16:09","modified_gmt":"2022-03-04T01:16:09","slug":"la-nina-se-debilita-pero-se-quedara-mas-tiempo-seguira-presente-hasta-mayo","status":"publish","type":"post","link":"https:\/\/cambioagropecuario.com\/index.php\/2022\/03\/04\/la-nina-se-debilita-pero-se-quedara-mas-tiempo-seguira-presente-hasta-mayo\/","title":{"rendered":"La Ni\u00f1a se debilita, pero se quedar\u00e1 m\u00e1s tiempo: seguir\u00e1 presente hasta mayo\u00a0"},"content":{"rendered":"\n<p>La Organizaci\u00f3n Meteorol\u00f3gica Mundial (OMM) afirm\u00f3 en su&nbsp;<a href=\"https:\/\/public.wmo.int\/en\/media\/news\/el-ni%C3%B1o-la-ni%C3%B1a-update-february-2022\" target=\"_blank\" rel=\"noreferrer noopener\"><strong>informe de actualizaci\u00f3n de los pron\u00f3sticos globales<\/strong><\/a>&nbsp;publicado en las \u00faltimas horas que \u201c<strong>La Ni\u00f1a<\/strong>&nbsp;se mantiene activa en el Pac\u00edfico tropical, aunque&nbsp;<strong>hay indicios de su debilitamiento<\/strong>, tanto en par\u00e1metros oce\u00e1nicos como atmosf\u00e9ricos\u201d.<\/p>\n\n\n\n<p>De todos modos, sigue firme y\u00a0<strong>se quedar\u00e1 m\u00e1s de lo previsto<\/strong>: en un principio, se esperaba su disipaci\u00f3n en marzo, luego\u00a0<strong><a href=\"https:\/\/www.infocampo.com.ar\/un-mes-mas-el-servicio-meteorologico-ratifica-a-la-nina-presente-hasta-abril\/\" target=\"_blank\" rel=\"noreferrer noopener\">se extendi\u00f3 el plazo a abril<\/a><\/strong>\u00a0y ahora se determin\u00f3 que no ocurrir\u00eda antes de mayo.<\/p>\n\n\n\n<p>\u201cLos \u00faltimos pron\u00f3sticos de los Centros mundiales de producci\u00f3n de pron\u00f3sticos a largo plazo de la OMM indican una&nbsp;<strong>probabilidad moderada (alrededor del 65 %) de que las condiciones actuales de La Ni\u00f1a contin\u00faen durante marzo-mayo de 2022<\/strong>, y alrededor del 35 % de probabilidad de que se debiliten a\u00fan m\u00e1s a El Ni\u00f1o\/ Condiciones neutras de Oscilaci\u00f3n del Sur (ENOS)\u201d, se\u00f1ala el reporte.<\/p>\n\n\n\n<p>Y a\u00f1ade: \u201cSe pronostica que&nbsp;<strong>el evento de La Ni\u00f1a se disipar\u00e1 a partir de entonces, y ENSO-neutral se convertir\u00e1 en la categor\u00eda m\u00e1s probable<\/strong>&nbsp;a partir de abril-junio (50-60% de probabilidad)\u201d.<\/p>\n\n\n\n<h3 class=\"wp-block-heading\"><strong>La Ni\u00f1a, con efecto dispar<\/strong><\/h3>\n\n\n\n<p>En este contexto,\u00a0<strong>el accionar de La Ni\u00f1a fue dispar en febrero<\/strong>. Seg\u00fan datos del Servicio Meteorol\u00f3gico Nacional (SMN),\u00a0<strong>hubo zonas como Entre R\u00edos o R\u00edo Negro donde las lluvias superaron largamente la media hist\u00f3rica<\/strong>, mientras que en otros territorios, como\u00a0<strong>C\u00f3rdoba o Chaco, el aporte de agua fue deficitario<\/strong>.<\/p>\n\n\n\n<p>Un informe de la\u00a0<strong>Bolsa de Cereales de C\u00f3rdoba<\/strong>\u00a0lo ratifica: \u201cLa mayor\u00eda de los departamentos de C\u00f3rdoba registraron precipitaciones por debajo de lo normal en el mes de febrero, exceptuando la zona sur de la provincia\u201d, se\u00f1ala.<\/p>\n\n\n\n<p>En paralelo, el SMN difundi\u00f3 tambi\u00e9n su pron\u00f3stico trimestral y va en l\u00ednea con La Ni\u00f1a: se prev\u00e9n lluvias inferiores a lo normal en el Litoral y este de Buenos Aires, y entre normal e inferior a lo normal en C\u00f3rdoba, oeste de Santa Fe, oeste de, Buenos Aires, La Pampa y gran parte del centro-norte de la Patagonia.<\/p>\n\n\n\n<p>Asimismo, se pronostican temperaturas normal o superior a la normal sobre las provincias del norte, regi\u00f3n del Litoral, C\u00f3rdoba, Santa Fe, La Pampa, Buenos Aires y el centro y norte de Patagonia.<\/p>\n\n\n\n<p><strong>Fuente: Infocampo<\/strong><\/p>\n","protected":false},"excerpt":{"rendered":"<p>La Organizaci\u00f3n Meteorol\u00f3gica Mundial (OMM) afirm\u00f3 en su&nbsp;informe de actualizaci\u00f3n de los pron\u00f3sticos globales&nbsp;publicado en las \u00faltimas horas que \u201cLa Ni\u00f1a&nbsp;se mantiene activa en el Pac\u00edfico tropical, aunque&nbsp;hay indicios de su debilitamiento, tanto en par\u00e1metros oce\u00e1nicos como atmosf\u00e9ricos\u201d. De todos modos, sigue firme y\u00a0se quedar\u00e1 m\u00e1s de lo previsto: en un principio, se esperaba su [&hellip;]<\/p>\n","protected":false},"author":2,"featured_media":482,"comment_status":"closed","ping_status":"open","sticky":false,"template":"","format":"standard","meta":{"footnotes":""},"categories":[18],"tags":[],"class_list":["post-481","post","type-post","status-publish","format-standard","has-post-thumbnail","hentry","category-noticias"],"yoast_head":"<!-- This site is optimized with the Yoast SEO plugin v21.6 - https:\/\/yoast.com\/wordpress\/plugins\/seo\/ -->\n<title>La Ni\u00f1a se debilita, pero se quedar\u00e1 m\u00e1s tiempo: seguir\u00e1 presente hasta mayo\u00a0 - Cambio Agropecuario<\/title>\n<meta name=\"robots\" content=\"index, follow, max-snippet:-1, max-image-preview:large, max-video-preview:-1\" \/>\n<link rel=\"canonical\" href=\"https:\/\/cambioagropecuario.com\/index.php\/2022\/03\/04\/la-nina-se-debilita-pero-se-quedara-mas-tiempo-seguira-presente-hasta-mayo\/\" \/>\n<meta property=\"og:locale\" content=\"es_ES\" \/>\n<meta property=\"og:type\" content=\"article\" \/>\n<meta property=\"og:title\" content=\"La Ni\u00f1a se debilita, pero se quedar\u00e1 m\u00e1s tiempo: seguir\u00e1 presente hasta mayo\u00a0 - Cambio Agropecuario\" \/>\n<meta property=\"og:description\" content=\"La Organizaci\u00f3n Meteorol\u00f3gica Mundial (OMM) afirm\u00f3 en su&nbsp;informe de actualizaci\u00f3n de los pron\u00f3sticos globales&nbsp;publicado en las \u00faltimas horas que \u201cLa Ni\u00f1a&nbsp;se mantiene activa en el Pac\u00edfico tropical, aunque&nbsp;hay indicios de su debilitamiento, tanto en par\u00e1metros oce\u00e1nicos como atmosf\u00e9ricos\u201d. De todos modos, sigue firme y\u00a0se quedar\u00e1 m\u00e1s de lo previsto: en un principio, se esperaba su [&hellip;]\" \/>\n<meta property=\"og:url\" content=\"https:\/\/cambioagropecuario.com\/index.php\/2022\/03\/04\/la-nina-se-debilita-pero-se-quedara-mas-tiempo-seguira-presente-hasta-mayo\/\" \/>\n<meta property=\"og:site_name\" content=\"Cambio Agropecuario\" \/>\n<meta property=\"article:publisher\" content=\"https:\/\/www.facebook.com\/cambio.agropecuario\" \/>\n<meta property=\"article:published_time\" content=\"2022-03-04T01:16:08+00:00\" \/>\n<meta property=\"article:modified_time\" content=\"2022-03-04T01:16:09+00:00\" \/>\n<meta property=\"og:image\" content=\"https:\/\/cambioagropecuario.com\/wp-content\/uploads\/2022\/03\/3326D67E-B0BC-41C3-B2A5-DD07CF514745.jpeg\" \/>\n\t<meta property=\"og:image:width\" content=\"964\" \/>\n\t<meta property=\"og:image:height\" content=\"678\" \/>\n\t<meta property=\"og:image:type\" content=\"image\/jpeg\" \/>\n<meta name=\"author\" content=\"Jorge Lopez\" \/>\n<meta name=\"twitter:card\" content=\"summary_large_image\" \/>\n<meta name=\"twitter:label1\" content=\"Escrito por\" \/>\n\t<meta name=\"twitter:data1\" content=\"Jorge Lopez\" \/>\n\t<meta name=\"twitter:label2\" content=\"Tiempo de lectura\" \/>\n\t<meta name=\"twitter:data2\" content=\"2 minutos\" \/>\n<script type=\"application\/ld+json\" class=\"yoast-schema-graph\">{\"@context\":\"https:\/\/schema.org\",\"@graph\":[{\"@type\":\"Article\",\"@id\":\"https:\/\/cambioagropecuario.com\/index.php\/2022\/03\/04\/la-nina-se-debilita-pero-se-quedara-mas-tiempo-seguira-presente-hasta-mayo\/#article\",\"isPartOf\":{\"@id\":\"https:\/\/cambioagropecuario.com\/index.php\/2022\/03\/04\/la-nina-se-debilita-pero-se-quedara-mas-tiempo-seguira-presente-hasta-mayo\/\"},\"author\":{\"name\":\"Jorge Lopez\",\"@id\":\"https:\/\/cambioagropecuario.com\/#\/schema\/person\/24cfd493eaf12ce5568e4f89cfaa3b8a\"},\"headline\":\"La Ni\u00f1a se debilita, pero se quedar\u00e1 m\u00e1s tiempo: seguir\u00e1 presente hasta mayo\u00a0\",\"datePublished\":\"2022-03-04T01:16:08+00:00\",\"dateModified\":\"2022-03-04T01:16:09+00:00\",\"mainEntityOfPage\":{\"@id\":\"https:\/\/cambioagropecuario.com\/index.php\/2022\/03\/04\/la-nina-se-debilita-pero-se-quedara-mas-tiempo-seguira-presente-hasta-mayo\/\"},\"wordCount\":425,\"publisher\":{\"@id\":\"https:\/\/cambioagropecuario.com\/#organization\"},\"articleSection\":[\"Noticias\"],\"inLanguage\":\"es\"},{\"@type\":\"WebPage\",\"@id\":\"https:\/\/cambioagropecuario.com\/index.php\/2022\/03\/04\/la-nina-se-debilita-pero-se-quedara-mas-tiempo-seguira-presente-hasta-mayo\/\",\"url\":\"https:\/\/cambioagropecuario.com\/index.php\/2022\/03\/04\/la-nina-se-debilita-pero-se-quedara-mas-tiempo-seguira-presente-hasta-mayo\/\",\"name\":\"La Ni\u00f1a se debilita, pero se quedar\u00e1 m\u00e1s tiempo: seguir\u00e1 presente hasta mayo\u00a0 - Cambio Agropecuario\",\"isPartOf\":{\"@id\":\"https:\/\/cambioagropecuario.com\/#website\"},\"datePublished\":\"2022-03-04T01:16:08+00:00\",\"dateModified\":\"2022-03-04T01:16:09+00:00\",\"breadcrumb\":{\"@id\":\"https:\/\/cambioagropecuario.com\/index.php\/2022\/03\/04\/la-nina-se-debilita-pero-se-quedara-mas-tiempo-seguira-presente-hasta-mayo\/#breadcrumb\"},\"inLanguage\":\"es\",\"potentialAction\":[{\"@type\":\"ReadAction\",\"target\":[\"https:\/\/cambioagropecuario.com\/index.php\/2022\/03\/04\/la-nina-se-debilita-pero-se-quedara-mas-tiempo-seguira-presente-hasta-mayo\/\"]}]},{\"@type\":\"BreadcrumbList\",\"@id\":\"https:\/\/cambioagropecuario.com\/index.php\/2022\/03\/04\/la-nina-se-debilita-pero-se-quedara-mas-tiempo-seguira-presente-hasta-mayo\/#breadcrumb\",\"itemListElement\":[{\"@type\":\"ListItem\",\"position\":1,\"name\":\"Portada\",\"item\":\"https:\/\/cambioagropecuario.com\/\"},{\"@type\":\"ListItem\",\"position\":2,\"name\":\"La Ni\u00f1a se debilita, pero se quedar\u00e1 m\u00e1s tiempo: seguir\u00e1 presente hasta mayo\u00a0\"}]},{\"@type\":\"WebSite\",\"@id\":\"https:\/\/cambioagropecuario.com\/#website\",\"url\":\"https:\/\/cambioagropecuario.com\/\",\"name\":\"Cambio Agropecuario\",\"description\":\"Cambio Agropecuario es un portal de informaci\u00f3n objetiva y veraz del sector Agroproductivo de la Rep\u00fablica Argentina. Lejos de nuestro esp\u00edritu est\u00e1 el hecho de publicar noticias con un sesgo pol\u00edtico que no contribuya a enaltecer el desarrollo de las producciones agr\u00edcolas y pecuarias. Publicamos en libertad, sin presi\u00f3n de corporaci\u00f3n medi\u00e1tica alguna, ni de intereses econ\u00f3micos y pol\u00edticos. Las experiencias productivas ser\u00e1n una constante en este portal, porque nos interesa mostrar las iniciativas que llevan adelante los emprendedores y que son dignas de replicar en alguna latitud de nuestro pa\u00eds.\",\"publisher\":{\"@id\":\"https:\/\/cambioagropecuario.com\/#organization\"},\"potentialAction\":[{\"@type\":\"SearchAction\",\"target\":{\"@type\":\"EntryPoint\",\"urlTemplate\":\"https:\/\/cambioagropecuario.com\/?s={search_term_string}\"},\"query-input\":\"required name=search_term_string\"}],\"inLanguage\":\"es\"},{\"@type\":\"Organization\",\"@id\":\"https:\/\/cambioagropecuario.com\/#organization\",\"name\":\"Cambio Agropecuario\",\"url\":\"https:\/\/cambioagropecuario.com\/\",\"logo\":{\"@type\":\"ImageObject\",\"inLanguage\":\"es\",\"@id\":\"https:\/\/cambioagropecuario.com\/#\/schema\/logo\/image\/\",\"url\":\"https:\/\/cambioagropecuario.com\/wp-content\/uploads\/2021\/11\/cropped-Sin-titulo-1-1.png\",\"contentUrl\":\"https:\/\/cambioagropecuario.com\/wp-content\/uploads\/2021\/11\/cropped-Sin-titulo-1-1.png\",\"width\":512,\"height\":512,\"caption\":\"Cambio Agropecuario\"},\"image\":{\"@id\":\"https:\/\/cambioagropecuario.com\/#\/schema\/logo\/image\/\"},\"sameAs\":[\"https:\/\/www.facebook.com\/cambio.agropecuario\",\"https:\/\/www.youtube.com\/user\/cambioagropecuariotv\"]},{\"@type\":\"Person\",\"@id\":\"https:\/\/cambioagropecuario.com\/#\/schema\/person\/24cfd493eaf12ce5568e4f89cfaa3b8a\",\"name\":\"Jorge Lopez\",\"image\":{\"@type\":\"ImageObject\",\"inLanguage\":\"es\",\"@id\":\"https:\/\/cambioagropecuario.com\/#\/schema\/person\/image\/\",\"url\":\"https:\/\/secure.gravatar.com\/avatar\/775b1c76ac22bc240f9c49041d7dc067?s=96&d=mm&r=g\",\"contentUrl\":\"https:\/\/secure.gravatar.com\/avatar\/775b1c76ac22bc240f9c49041d7dc067?s=96&d=mm&r=g\",\"caption\":\"Jorge Lopez\"},\"url\":\"https:\/\/cambioagropecuario.com\/index.php\/author\/jorge\/\"}]}<\/script>\n<!-- \/ Yoast SEO plugin. -->","yoast_head_json":{"title":"La Ni\u00f1a se debilita, pero se quedar\u00e1 m\u00e1s tiempo: seguir\u00e1 presente hasta mayo\u00a0 - Cambio Agropecuario","robots":{"index":"index","follow":"follow","max-snippet":"max-snippet:-1","max-image-preview":"max-image-preview:large","max-video-preview":"max-video-preview:-1"},"canonical":"https:\/\/cambioagropecuario.com\/index.php\/2022\/03\/04\/la-nina-se-debilita-pero-se-quedara-mas-tiempo-seguira-presente-hasta-mayo\/","og_locale":"es_ES","og_type":"article","og_title":"La Ni\u00f1a se debilita, pero se quedar\u00e1 m\u00e1s tiempo: seguir\u00e1 presente hasta mayo\u00a0 - Cambio Agropecuario","og_description":"La Organizaci\u00f3n Meteorol\u00f3gica Mundial (OMM) afirm\u00f3 en su&nbsp;informe de actualizaci\u00f3n de los pron\u00f3sticos globales&nbsp;publicado en las \u00faltimas horas que \u201cLa Ni\u00f1a&nbsp;se mantiene activa en el Pac\u00edfico tropical, aunque&nbsp;hay indicios de su debilitamiento, tanto en par\u00e1metros oce\u00e1nicos como atmosf\u00e9ricos\u201d. De todos modos, sigue firme y\u00a0se quedar\u00e1 m\u00e1s de lo previsto: en un principio, se esperaba su [&hellip;]","og_url":"https:\/\/cambioagropecuario.com\/index.php\/2022\/03\/04\/la-nina-se-debilita-pero-se-quedara-mas-tiempo-seguira-presente-hasta-mayo\/","og_site_name":"Cambio Agropecuario","article_publisher":"https:\/\/www.facebook.com\/cambio.agropecuario","article_published_time":"2022-03-04T01:16:08+00:00","article_modified_time":"2022-03-04T01:16:09+00:00","og_image":[{"width":964,"height":678,"url":"https:\/\/cambioagropecuario.com\/wp-content\/uploads\/2022\/03\/3326D67E-B0BC-41C3-B2A5-DD07CF514745.jpeg","type":"image\/jpeg"}],"author":"Jorge Lopez","twitter_card":"summary_large_image","twitter_misc":{"Escrito por":"Jorge Lopez","Tiempo de lectura":"2 minutos"},"schema":{"@context":"https:\/\/schema.org","@graph":[{"@type":"Article","@id":"https:\/\/cambioagropecuario.com\/index.php\/2022\/03\/04\/la-nina-se-debilita-pero-se-quedara-mas-tiempo-seguira-presente-hasta-mayo\/#article","isPartOf":{"@id":"https:\/\/cambioagropecuario.com\/index.php\/2022\/03\/04\/la-nina-se-debilita-pero-se-quedara-mas-tiempo-seguira-presente-hasta-mayo\/"},"author":{"name":"Jorge Lopez","@id":"https:\/\/cambioagropecuario.com\/#\/schema\/person\/24cfd493eaf12ce5568e4f89cfaa3b8a"},"headline":"La Ni\u00f1a se debilita, pero se quedar\u00e1 m\u00e1s tiempo: seguir\u00e1 presente hasta mayo\u00a0","datePublished":"2022-03-04T01:16:08+00:00","dateModified":"2022-03-04T01:16:09+00:00","mainEntityOfPage":{"@id":"https:\/\/cambioagropecuario.com\/index.php\/2022\/03\/04\/la-nina-se-debilita-pero-se-quedara-mas-tiempo-seguira-presente-hasta-mayo\/"},"wordCount":425,"publisher":{"@id":"https:\/\/cambioagropecuario.com\/#organization"},"articleSection":["Noticias"],"inLanguage":"es"},{"@type":"WebPage","@id":"https:\/\/cambioagropecuario.com\/index.php\/2022\/03\/04\/la-nina-se-debilita-pero-se-quedara-mas-tiempo-seguira-presente-hasta-mayo\/","url":"https:\/\/cambioagropecuario.com\/index.php\/2022\/03\/04\/la-nina-se-debilita-pero-se-quedara-mas-tiempo-seguira-presente-hasta-mayo\/","name":"La Ni\u00f1a se debilita, pero se quedar\u00e1 m\u00e1s tiempo: seguir\u00e1 presente hasta mayo\u00a0 - Cambio Agropecuario","isPartOf":{"@id":"https:\/\/cambioagropecuario.com\/#website"},"datePublished":"2022-03-04T01:16:08+00:00","dateModified":"2022-03-04T01:16:09+00:00","breadcrumb":{"@id":"https:\/\/cambioagropecuario.com\/index.php\/2022\/03\/04\/la-nina-se-debilita-pero-se-quedara-mas-tiempo-seguira-presente-hasta-mayo\/#breadcrumb"},"inLanguage":"es","potentialAction":[{"@type":"ReadAction","target":["https:\/\/cambioagropecuario.com\/index.php\/2022\/03\/04\/la-nina-se-debilita-pero-se-quedara-mas-tiempo-seguira-presente-hasta-mayo\/"]}]},{"@type":"BreadcrumbList","@id":"https:\/\/cambioagropecuario.com\/index.php\/2022\/03\/04\/la-nina-se-debilita-pero-se-quedara-mas-tiempo-seguira-presente-hasta-mayo\/#breadcrumb","itemListElement":[{"@type":"ListItem","position":1,"name":"Portada","item":"https:\/\/cambioagropecuario.com\/"},{"@type":"ListItem","position":2,"name":"La Ni\u00f1a se debilita, pero se quedar\u00e1 m\u00e1s tiempo: seguir\u00e1 presente hasta mayo\u00a0"}]},{"@type":"WebSite","@id":"https:\/\/cambioagropecuario.com\/#website","url":"https:\/\/cambioagropecuario.com\/","name":"Cambio Agropecuario","description":"Cambio Agropecuario es un portal de informaci\u00f3n objetiva y veraz del sector Agroproductivo de la Rep\u00fablica Argentina. Lejos de nuestro esp\u00edritu est\u00e1 el hecho de publicar noticias con un sesgo pol\u00edtico que no contribuya a enaltecer el desarrollo de las producciones agr\u00edcolas y pecuarias. Publicamos en libertad, sin presi\u00f3n de corporaci\u00f3n medi\u00e1tica alguna, ni de intereses econ\u00f3micos y pol\u00edticos. Las experiencias productivas ser\u00e1n una constante en este portal, porque nos interesa mostrar las iniciativas que llevan adelante los emprendedores y que son dignas de replicar en alguna latitud de nuestro pa\u00eds.","publisher":{"@id":"https:\/\/cambioagropecuario.com\/#organization"},"potentialAction":[{"@type":"SearchAction","target":{"@type":"EntryPoint","urlTemplate":"https:\/\/cambioagropecuario.com\/?s={search_term_string}"},"query-input":"required name=search_term_string"}],"inLanguage":"es"},{"@type":"Organization","@id":"https:\/\/cambioagropecuario.com\/#organization","name":"Cambio Agropecuario","url":"https:\/\/cambioagropecuario.com\/","logo":{"@type":"ImageObject","inLanguage":"es","@id":"https:\/\/cambioagropecuario.com\/#\/schema\/logo\/image\/","url":"https:\/\/cambioagropecuario.com\/wp-content\/uploads\/2021\/11\/cropped-Sin-titulo-1-1.png","contentUrl":"https:\/\/cambioagropecuario.com\/wp-content\/uploads\/2021\/11\/cropped-Sin-titulo-1-1.png","width":512,"height":512,"caption":"Cambio Agropecuario"},"image":{"@id":"https:\/\/cambioagropecuario.com\/#\/schema\/logo\/image\/"},"sameAs":["https:\/\/www.facebook.com\/cambio.agropecuario","https:\/\/www.youtube.com\/user\/cambioagropecuariotv"]},{"@type":"Person","@id":"https:\/\/cambioagropecuario.com\/#\/schema\/person\/24cfd493eaf12ce5568e4f89cfaa3b8a","name":"Jorge Lopez","image":{"@type":"ImageObject","inLanguage":"es","@id":"https:\/\/cambioagropecuario.com\/#\/schema\/person\/image\/","url":"https:\/\/secure.gravatar.com\/avatar\/775b1c76ac22bc240f9c49041d7dc067?s=96&d=mm&r=g","contentUrl":"https:\/\/secure.gravatar.com\/avatar\/775b1c76ac22bc240f9c49041d7dc067?s=96&d=mm&r=g","caption":"Jorge Lopez"},"url":"https:\/\/cambioagropecuario.com\/index.php\/author\/jorge\/"}]}},"jetpack_sharing_enabled":true,"featured_image_urls":{"full":["https:\/\/i0.wp.com\/cambioagropecuario.com\/wp-content\/uploads\/2022\/03\/3326D67E-B0BC-41C3-B2A5-DD07CF514745.jpeg?fit=964%2C678&ssl=1",964,678,false],"thumbnail":["https:\/\/i0.wp.com\/cambioagropecuario.com\/wp-content\/uploads\/2022\/03\/3326D67E-B0BC-41C3-B2A5-DD07CF514745.jpeg?resize=150%2C150&ssl=1",150,150,true],"medium":["https:\/\/i0.wp.com\/cambioagropecuario.com\/wp-content\/uploads\/2022\/03\/3326D67E-B0BC-41C3-B2A5-DD07CF514745.jpeg?fit=300%2C211&ssl=1",300,211,true],"medium_large":["https:\/\/i0.wp.com\/cambioagropecuario.com\/wp-content\/uploads\/2022\/03\/3326D67E-B0BC-41C3-B2A5-DD07CF514745.jpeg?fit=768%2C540&ssl=1",768,540,true],"large":["https:\/\/i0.wp.com\/cambioagropecuario.com\/wp-content\/uploads\/2022\/03\/3326D67E-B0BC-41C3-B2A5-DD07CF514745.jpeg?fit=800%2C563&ssl=1",800,563,true],"1536x1536":["https:\/\/i0.wp.com\/cambioagropecuario.com\/wp-content\/uploads\/2022\/03\/3326D67E-B0BC-41C3-B2A5-DD07CF514745.jpeg?fit=964%2C678&ssl=1",964,678,true],"2048x2048":["https:\/\/i0.wp.com\/cambioagropecuario.com\/wp-content\/uploads\/2022\/03\/3326D67E-B0BC-41C3-B2A5-DD07CF514745.jpeg?fit=964%2C678&ssl=1",964,678,true]},"author_info":{"display_name":"Jorge Lopez","author_link":"https:\/\/cambioagropecuario.com\/index.php\/author\/jorge\/"},"category_info":"<a href=\"https:\/\/cambioagropecuario.com\/index.php\/category\/noticias\/\" rel=\"category tag\">Noticias<\/a>","tag_info":"Noticias","comment_count":"0","jetpack_featured_media_url":"https:\/\/i0.wp.com\/cambioagropecuario.com\/wp-content\/uploads\/2022\/03\/3326D67E-B0BC-41C3-B2A5-DD07CF514745.jpeg?fit=964%2C678&ssl=1","_links":{"self":[{"href":"https:\/\/cambioagropecuario.com\/index.php\/wp-json\/wp\/v2\/posts\/481","targetHints":{"allow":["GET"]}}],"collection":[{"href":"https:\/\/cambioagropecuario.com\/index.php\/wp-json\/wp\/v2\/posts"}],"about":[{"href":"https:\/\/cambioagropecuario.com\/index.php\/wp-json\/wp\/v2\/types\/post"}],"author":[{"embeddable":true,"href":"https:\/\/cambioagropecuario.com\/index.php\/wp-json\/wp\/v2\/users\/2"}],"replies":[{"embeddable":true,"href":"https:\/\/cambioagropecuario.com\/index.php\/wp-json\/wp\/v2\/comments?post=481"}],"version-history":[{"count":1,"href":"https:\/\/cambioagropecuario.com\/index.php\/wp-json\/wp\/v2\/posts\/481\/revisions"}],"predecessor-version":[{"id":483,"href":"https:\/\/cambioagropecuario.com\/index.php\/wp-json\/wp\/v2\/posts\/481\/revisions\/483"}],"wp:featuredmedia":[{"embeddable":true,"href":"https:\/\/cambioagropecuario.com\/index.php\/wp-json\/wp\/v2\/media\/482"}],"wp:attachment":[{"href":"https:\/\/cambioagropecuario.com\/index.php\/wp-json\/wp\/v2\/media?parent=481"}],"wp:term":[{"taxonomy":"category","embeddable":true,"href":"https:\/\/cambioagropecuario.com\/index.php\/wp-json\/wp\/v2\/categories?post=481"},{"taxonomy":"post_tag","embeddable":true,"href":"https:\/\/cambioagropecuario.com\/index.php\/wp-json\/wp\/v2\/tags?post=481"}],"curies":[{"name":"wp","href":"https:\/\/api.w.org\/{rel}","templated":true}]}}