{"id":478,"date":"2022-03-04T01:05:34","date_gmt":"2022-03-04T01:05:34","guid":{"rendered":"https:\/\/cambioagropecuario.com\/?p=478"},"modified":"2022-03-04T01:05:36","modified_gmt":"2022-03-04T01:05:36","slug":"comienza-la-primera-campana-anual-de-vacunacion-contra-fiebre-aftosa-y-brucelosis","status":"publish","type":"post","link":"https:\/\/cambioagropecuario.com\/index.php\/2022\/03\/04\/comienza-la-primera-campana-anual-de-vacunacion-contra-fiebre-aftosa-y-brucelosis\/","title":{"rendered":"Comienza la primera campa\u00f1a anual de vacunaci\u00f3n contra fiebre aftosa y brucelosis\u00a0"},"content":{"rendered":"\n<p>Seg\u00fan lo anunci\u00f3 el&nbsp;<strong>Servicio Nacional de Sanidad y Calidad Agroalimentaria (Senasa),&nbsp;<\/strong>en marzo se inicia la&nbsp;<strong>primera campa\u00f1a de vacunaci\u00f3n anual contra fiebre aftosa de 2022<\/strong>, en todas aquellas provincias en las que se aplica en forma sistem\u00e1tica.&nbsp;<strong>Se inocular\u00e1 a todas las categor\u00edas bovinas y bubalinas<\/strong>,<\/p>\n\n\n\n<p>En simult\u00e1neo&nbsp;<strong>se vacunar\u00e1 a las terneras de entre tres y ocho meses de edad contra brucelosis<\/strong>, a excepci\u00f3n de la provincia de Tierra del Fuego, reconocida como libre de la enfermedad.<\/p>\n\n\n\n<p>Con excepci\u00f3n de algunos planes especiales pertenecientes a las provincias de&nbsp;<strong>Salta, Catamarca<\/strong>&nbsp;y&nbsp;<strong>Tucum\u00e1n<\/strong>, que dieron inicio a la campa\u00f1a de vacunaci\u00f3n en el mes de enero, en las dem\u00e1s provincias de la zona central y norte del pa\u00eds, la misma comenzar\u00e1 el pr\u00f3ximo&nbsp;<strong>7 de marzo<\/strong>.<\/p>\n\n\n\n<p>En tanto que,&nbsp;<strong>Chaco<\/strong>&nbsp;y&nbsp;<strong>Formosa<\/strong>&nbsp;dar\u00e1n inicio a la campa\u00f1a a partir del&nbsp;<strong>28 de marzo<\/strong>, debido a que recientemente terminaron con la segunda campa\u00f1a 2021, a ra\u00edz de las condiciones clim\u00e1ticas desfavorables que las afectan.<\/p>\n\n\n\n<h4 class=\"wp-block-heading\"><strong>Planes especiales para situaciones de emergencia agropecuaria<\/strong><\/h4>\n\n\n\n<p>Adem\u00e1s, en virtud de la situaci\u00f3n de\u00a0<strong>emergencia agropecuaria<\/strong>\u00a0que impacta en varias provincias del centro y norte del pa\u00eds, ser\u00e1n atendidas las situaciones que se presenten en relaci\u00f3n al inicio de campa\u00f1a en los planes m\u00e1s afectados, as\u00ed como los plazos definidos para su finalizaci\u00f3n, a la vez que se contemplar\u00e1 la excepci\u00f3n para el egreso de terneras y terneros con una sola dosis de vacunaci\u00f3n contra la fiebre aftosa.<\/p>\n\n\n\n<p>Se recuerda que luego de la unificaci\u00f3n de la estrategia de vacunaci\u00f3n efectuada a partir de la segunda campa\u00f1a de 2019,&nbsp;<strong>en el primer ciclo del a\u00f1o la vacunaci\u00f3n alcanza a todas las categor\u00edas bovinas y bubalinas.<\/strong><\/p>\n\n\n\n<p>La vacunaci\u00f3n contra la fiebre aftosa es una de las principales estrategias de prevenci\u00f3n que permite mantener una situaci\u00f3n epidemiol\u00f3gica estable de esa enfermedad en la Rep\u00fablica Argentina.<\/p>\n\n\n\n<h4 class=\"wp-block-heading\"><strong>Obligaciones<\/strong><\/h4>\n\n\n\n<p>Por \u00faltimo, se recuerda a los entes sanitarios de lucha contra la fiebre aftosa, coordinadores, programadores, vacunadores y productores ganaderos, la importancia de declarar las existencias de la totalidad de las especies animales que cohabiten con bovinos y bubalinos en los establecimientos que reciben la vacunaci\u00f3n antiaftosa y antibruc\u00e9lica.<\/p>\n\n\n\n<p>Para m\u00e1s informaci\u00f3n puede comunicarse con los tel\u00e9fonos del Centro Regional Buenos Aires Norte, sede Chivilcoy, a los n\u00fameros&nbsp;<a href=\"tel:(02346) 436271\">(02346) 436271<\/a>\/72\/73 o acceder al&nbsp;<strong>cronograma de vacunaci\u00f3n<\/strong>&nbsp;<a href=\"https:\/\/www.argentina.gob.ar\/sites\/default\/files\/2018\/08\/anexo_-_calendario_definitivo_2022.pdf\">aqu\u00ed<\/a><\/p>\n\n\n\n<p>FUENTE: El ABC Rural<\/p>\n","protected":false},"excerpt":{"rendered":"<p>Seg\u00fan lo anunci\u00f3 el&nbsp;Servicio Nacional de Sanidad y Calidad Agroalimentaria (Senasa),&nbsp;en marzo se inicia la&nbsp;primera campa\u00f1a de vacunaci\u00f3n anual contra fiebre aftosa de 2022, en todas aquellas provincias en las que se aplica en forma sistem\u00e1tica.&nbsp;Se inocular\u00e1 a todas las categor\u00edas bovinas y bubalinas, En simult\u00e1neo&nbsp;se vacunar\u00e1 a las terneras de entre tres y ocho [&hellip;]<\/p>\n","protected":false},"author":2,"featured_media":479,"comment_status":"closed","ping_status":"open","sticky":false,"template":"","format":"standard","meta":{"footnotes":""},"categories":[10],"tags":[],"class_list":["post-478","post","type-post","status-publish","format-standard","has-post-thumbnail","hentry","category-ganaderia"],"yoast_head":"<!-- This site is optimized with the Yoast SEO plugin v21.6 - https:\/\/yoast.com\/wordpress\/plugins\/seo\/ -->\n<title>Comienza la primera campa\u00f1a anual de vacunaci\u00f3n contra fiebre aftosa y brucelosis\u00a0 - Cambio Agropecuario<\/title>\n<meta name=\"robots\" content=\"index, follow, max-snippet:-1, max-image-preview:large, max-video-preview:-1\" \/>\n<link rel=\"canonical\" href=\"https:\/\/cambioagropecuario.com\/index.php\/2022\/03\/04\/comienza-la-primera-campana-anual-de-vacunacion-contra-fiebre-aftosa-y-brucelosis\/\" \/>\n<meta property=\"og:locale\" content=\"es_ES\" \/>\n<meta property=\"og:type\" content=\"article\" \/>\n<meta property=\"og:title\" content=\"Comienza la primera campa\u00f1a anual de vacunaci\u00f3n contra fiebre aftosa y brucelosis\u00a0 - Cambio Agropecuario\" \/>\n<meta property=\"og:description\" content=\"Seg\u00fan lo anunci\u00f3 el&nbsp;Servicio Nacional de Sanidad y Calidad Agroalimentaria (Senasa),&nbsp;en marzo se inicia la&nbsp;primera campa\u00f1a de vacunaci\u00f3n anual contra fiebre aftosa de 2022, en todas aquellas provincias en las que se aplica en forma sistem\u00e1tica.&nbsp;Se inocular\u00e1 a todas las categor\u00edas bovinas y bubalinas, En simult\u00e1neo&nbsp;se vacunar\u00e1 a las terneras de entre tres y ocho [&hellip;]\" \/>\n<meta property=\"og:url\" content=\"https:\/\/cambioagropecuario.com\/index.php\/2022\/03\/04\/comienza-la-primera-campana-anual-de-vacunacion-contra-fiebre-aftosa-y-brucelosis\/\" \/>\n<meta property=\"og:site_name\" content=\"Cambio Agropecuario\" \/>\n<meta property=\"article:publisher\" content=\"https:\/\/www.facebook.com\/cambio.agropecuario\" \/>\n<meta property=\"article:published_time\" content=\"2022-03-04T01:05:34+00:00\" \/>\n<meta property=\"article:modified_time\" content=\"2022-03-04T01:05:36+00:00\" \/>\n<meta property=\"og:image\" content=\"https:\/\/cambioagropecuario.com\/wp-content\/uploads\/2022\/03\/89D5227E-06C6-47B8-B482-3B020A48D329.jpeg\" \/>\n\t<meta property=\"og:image:width\" content=\"640\" \/>\n\t<meta property=\"og:image:height\" content=\"418\" \/>\n\t<meta property=\"og:image:type\" content=\"image\/jpeg\" \/>\n<meta name=\"author\" content=\"Jorge Lopez\" \/>\n<meta name=\"twitter:card\" content=\"summary_large_image\" \/>\n<meta name=\"twitter:label1\" content=\"Escrito por\" \/>\n\t<meta name=\"twitter:data1\" content=\"Jorge Lopez\" \/>\n\t<meta name=\"twitter:label2\" content=\"Tiempo de lectura\" \/>\n\t<meta name=\"twitter:data2\" content=\"2 minutos\" \/>\n<script type=\"application\/ld+json\" class=\"yoast-schema-graph\">{\"@context\":\"https:\/\/schema.org\",\"@graph\":[{\"@type\":\"Article\",\"@id\":\"https:\/\/cambioagropecuario.com\/index.php\/2022\/03\/04\/comienza-la-primera-campana-anual-de-vacunacion-contra-fiebre-aftosa-y-brucelosis\/#article\",\"isPartOf\":{\"@id\":\"https:\/\/cambioagropecuario.com\/index.php\/2022\/03\/04\/comienza-la-primera-campana-anual-de-vacunacion-contra-fiebre-aftosa-y-brucelosis\/\"},\"author\":{\"name\":\"Jorge Lopez\",\"@id\":\"https:\/\/cambioagropecuario.com\/#\/schema\/person\/24cfd493eaf12ce5568e4f89cfaa3b8a\"},\"headline\":\"Comienza la primera campa\u00f1a anual de vacunaci\u00f3n contra fiebre aftosa y brucelosis\u00a0\",\"datePublished\":\"2022-03-04T01:05:34+00:00\",\"dateModified\":\"2022-03-04T01:05:36+00:00\",\"mainEntityOfPage\":{\"@id\":\"https:\/\/cambioagropecuario.com\/index.php\/2022\/03\/04\/comienza-la-primera-campana-anual-de-vacunacion-contra-fiebre-aftosa-y-brucelosis\/\"},\"wordCount\":462,\"publisher\":{\"@id\":\"https:\/\/cambioagropecuario.com\/#organization\"},\"articleSection\":[\"Ganaderia\"],\"inLanguage\":\"es\"},{\"@type\":\"WebPage\",\"@id\":\"https:\/\/cambioagropecuario.com\/index.php\/2022\/03\/04\/comienza-la-primera-campana-anual-de-vacunacion-contra-fiebre-aftosa-y-brucelosis\/\",\"url\":\"https:\/\/cambioagropecuario.com\/index.php\/2022\/03\/04\/comienza-la-primera-campana-anual-de-vacunacion-contra-fiebre-aftosa-y-brucelosis\/\",\"name\":\"Comienza la primera campa\u00f1a anual de vacunaci\u00f3n contra fiebre aftosa y brucelosis\u00a0 - Cambio Agropecuario\",\"isPartOf\":{\"@id\":\"https:\/\/cambioagropecuario.com\/#website\"},\"datePublished\":\"2022-03-04T01:05:34+00:00\",\"dateModified\":\"2022-03-04T01:05:36+00:00\",\"breadcrumb\":{\"@id\":\"https:\/\/cambioagropecuario.com\/index.php\/2022\/03\/04\/comienza-la-primera-campana-anual-de-vacunacion-contra-fiebre-aftosa-y-brucelosis\/#breadcrumb\"},\"inLanguage\":\"es\",\"potentialAction\":[{\"@type\":\"ReadAction\",\"target\":[\"https:\/\/cambioagropecuario.com\/index.php\/2022\/03\/04\/comienza-la-primera-campana-anual-de-vacunacion-contra-fiebre-aftosa-y-brucelosis\/\"]}]},{\"@type\":\"BreadcrumbList\",\"@id\":\"https:\/\/cambioagropecuario.com\/index.php\/2022\/03\/04\/comienza-la-primera-campana-anual-de-vacunacion-contra-fiebre-aftosa-y-brucelosis\/#breadcrumb\",\"itemListElement\":[{\"@type\":\"ListItem\",\"position\":1,\"name\":\"Portada\",\"item\":\"https:\/\/cambioagropecuario.com\/\"},{\"@type\":\"ListItem\",\"position\":2,\"name\":\"Comienza la primera campa\u00f1a anual de vacunaci\u00f3n contra fiebre aftosa y brucelosis\u00a0\"}]},{\"@type\":\"WebSite\",\"@id\":\"https:\/\/cambioagropecuario.com\/#website\",\"url\":\"https:\/\/cambioagropecuario.com\/\",\"name\":\"Cambio Agropecuario\",\"description\":\"Cambio Agropecuario es un portal de informaci\u00f3n objetiva y veraz del sector Agroproductivo de la Rep\u00fablica Argentina. Lejos de nuestro esp\u00edritu est\u00e1 el hecho de publicar noticias con un sesgo pol\u00edtico que no contribuya a enaltecer el desarrollo de las producciones agr\u00edcolas y pecuarias. Publicamos en libertad, sin presi\u00f3n de corporaci\u00f3n medi\u00e1tica alguna, ni de intereses econ\u00f3micos y pol\u00edticos. Las experiencias productivas ser\u00e1n una constante en este portal, porque nos interesa mostrar las iniciativas que llevan adelante los emprendedores y que son dignas de replicar en alguna latitud de nuestro pa\u00eds.\",\"publisher\":{\"@id\":\"https:\/\/cambioagropecuario.com\/#organization\"},\"potentialAction\":[{\"@type\":\"SearchAction\",\"target\":{\"@type\":\"EntryPoint\",\"urlTemplate\":\"https:\/\/cambioagropecuario.com\/?s={search_term_string}\"},\"query-input\":\"required name=search_term_string\"}],\"inLanguage\":\"es\"},{\"@type\":\"Organization\",\"@id\":\"https:\/\/cambioagropecuario.com\/#organization\",\"name\":\"Cambio Agropecuario\",\"url\":\"https:\/\/cambioagropecuario.com\/\",\"logo\":{\"@type\":\"ImageObject\",\"inLanguage\":\"es\",\"@id\":\"https:\/\/cambioagropecuario.com\/#\/schema\/logo\/image\/\",\"url\":\"https:\/\/cambioagropecuario.com\/wp-content\/uploads\/2021\/11\/cropped-Sin-titulo-1-1.png\",\"contentUrl\":\"https:\/\/cambioagropecuario.com\/wp-content\/uploads\/2021\/11\/cropped-Sin-titulo-1-1.png\",\"width\":512,\"height\":512,\"caption\":\"Cambio Agropecuario\"},\"image\":{\"@id\":\"https:\/\/cambioagropecuario.com\/#\/schema\/logo\/image\/\"},\"sameAs\":[\"https:\/\/www.facebook.com\/cambio.agropecuario\",\"https:\/\/www.youtube.com\/user\/cambioagropecuariotv\"]},{\"@type\":\"Person\",\"@id\":\"https:\/\/cambioagropecuario.com\/#\/schema\/person\/24cfd493eaf12ce5568e4f89cfaa3b8a\",\"name\":\"Jorge Lopez\",\"image\":{\"@type\":\"ImageObject\",\"inLanguage\":\"es\",\"@id\":\"https:\/\/cambioagropecuario.com\/#\/schema\/person\/image\/\",\"url\":\"https:\/\/secure.gravatar.com\/avatar\/775b1c76ac22bc240f9c49041d7dc067?s=96&d=mm&r=g\",\"contentUrl\":\"https:\/\/secure.gravatar.com\/avatar\/775b1c76ac22bc240f9c49041d7dc067?s=96&d=mm&r=g\",\"caption\":\"Jorge Lopez\"},\"url\":\"https:\/\/cambioagropecuario.com\/index.php\/author\/jorge\/\"}]}<\/script>\n<!-- \/ Yoast SEO plugin. -->","yoast_head_json":{"title":"Comienza la primera campa\u00f1a anual de vacunaci\u00f3n contra fiebre aftosa y brucelosis\u00a0 - Cambio Agropecuario","robots":{"index":"index","follow":"follow","max-snippet":"max-snippet:-1","max-image-preview":"max-image-preview:large","max-video-preview":"max-video-preview:-1"},"canonical":"https:\/\/cambioagropecuario.com\/index.php\/2022\/03\/04\/comienza-la-primera-campana-anual-de-vacunacion-contra-fiebre-aftosa-y-brucelosis\/","og_locale":"es_ES","og_type":"article","og_title":"Comienza la primera campa\u00f1a anual de vacunaci\u00f3n contra fiebre aftosa y brucelosis\u00a0 - Cambio Agropecuario","og_description":"Seg\u00fan lo anunci\u00f3 el&nbsp;Servicio Nacional de Sanidad y Calidad Agroalimentaria (Senasa),&nbsp;en marzo se inicia la&nbsp;primera campa\u00f1a de vacunaci\u00f3n anual contra fiebre aftosa de 2022, en todas aquellas provincias en las que se aplica en forma sistem\u00e1tica.&nbsp;Se inocular\u00e1 a todas las categor\u00edas bovinas y bubalinas, En simult\u00e1neo&nbsp;se vacunar\u00e1 a las terneras de entre tres y ocho [&hellip;]","og_url":"https:\/\/cambioagropecuario.com\/index.php\/2022\/03\/04\/comienza-la-primera-campana-anual-de-vacunacion-contra-fiebre-aftosa-y-brucelosis\/","og_site_name":"Cambio Agropecuario","article_publisher":"https:\/\/www.facebook.com\/cambio.agropecuario","article_published_time":"2022-03-04T01:05:34+00:00","article_modified_time":"2022-03-04T01:05:36+00:00","og_image":[{"width":640,"height":418,"url":"https:\/\/cambioagropecuario.com\/wp-content\/uploads\/2022\/03\/89D5227E-06C6-47B8-B482-3B020A48D329.jpeg","type":"image\/jpeg"}],"author":"Jorge Lopez","twitter_card":"summary_large_image","twitter_misc":{"Escrito por":"Jorge Lopez","Tiempo de lectura":"2 minutos"},"schema":{"@context":"https:\/\/schema.org","@graph":[{"@type":"Article","@id":"https:\/\/cambioagropecuario.com\/index.php\/2022\/03\/04\/comienza-la-primera-campana-anual-de-vacunacion-contra-fiebre-aftosa-y-brucelosis\/#article","isPartOf":{"@id":"https:\/\/cambioagropecuario.com\/index.php\/2022\/03\/04\/comienza-la-primera-campana-anual-de-vacunacion-contra-fiebre-aftosa-y-brucelosis\/"},"author":{"name":"Jorge Lopez","@id":"https:\/\/cambioagropecuario.com\/#\/schema\/person\/24cfd493eaf12ce5568e4f89cfaa3b8a"},"headline":"Comienza la primera campa\u00f1a anual de vacunaci\u00f3n contra fiebre aftosa y brucelosis\u00a0","datePublished":"2022-03-04T01:05:34+00:00","dateModified":"2022-03-04T01:05:36+00:00","mainEntityOfPage":{"@id":"https:\/\/cambioagropecuario.com\/index.php\/2022\/03\/04\/comienza-la-primera-campana-anual-de-vacunacion-contra-fiebre-aftosa-y-brucelosis\/"},"wordCount":462,"publisher":{"@id":"https:\/\/cambioagropecuario.com\/#organization"},"articleSection":["Ganaderia"],"inLanguage":"es"},{"@type":"WebPage","@id":"https:\/\/cambioagropecuario.com\/index.php\/2022\/03\/04\/comienza-la-primera-campana-anual-de-vacunacion-contra-fiebre-aftosa-y-brucelosis\/","url":"https:\/\/cambioagropecuario.com\/index.php\/2022\/03\/04\/comienza-la-primera-campana-anual-de-vacunacion-contra-fiebre-aftosa-y-brucelosis\/","name":"Comienza la primera campa\u00f1a anual de vacunaci\u00f3n contra fiebre aftosa y brucelosis\u00a0 - Cambio Agropecuario","isPartOf":{"@id":"https:\/\/cambioagropecuario.com\/#website"},"datePublished":"2022-03-04T01:05:34+00:00","dateModified":"2022-03-04T01:05:36+00:00","breadcrumb":{"@id":"https:\/\/cambioagropecuario.com\/index.php\/2022\/03\/04\/comienza-la-primera-campana-anual-de-vacunacion-contra-fiebre-aftosa-y-brucelosis\/#breadcrumb"},"inLanguage":"es","potentialAction":[{"@type":"ReadAction","target":["https:\/\/cambioagropecuario.com\/index.php\/2022\/03\/04\/comienza-la-primera-campana-anual-de-vacunacion-contra-fiebre-aftosa-y-brucelosis\/"]}]},{"@type":"BreadcrumbList","@id":"https:\/\/cambioagropecuario.com\/index.php\/2022\/03\/04\/comienza-la-primera-campana-anual-de-vacunacion-contra-fiebre-aftosa-y-brucelosis\/#breadcrumb","itemListElement":[{"@type":"ListItem","position":1,"name":"Portada","item":"https:\/\/cambioagropecuario.com\/"},{"@type":"ListItem","position":2,"name":"Comienza la primera campa\u00f1a anual de vacunaci\u00f3n contra fiebre aftosa y brucelosis\u00a0"}]},{"@type":"WebSite","@id":"https:\/\/cambioagropecuario.com\/#website","url":"https:\/\/cambioagropecuario.com\/","name":"Cambio Agropecuario","description":"Cambio Agropecuario es un portal de informaci\u00f3n objetiva y veraz del sector Agroproductivo de la Rep\u00fablica Argentina. Lejos de nuestro esp\u00edritu est\u00e1 el hecho de publicar noticias con un sesgo pol\u00edtico que no contribuya a enaltecer el desarrollo de las producciones agr\u00edcolas y pecuarias. Publicamos en libertad, sin presi\u00f3n de corporaci\u00f3n medi\u00e1tica alguna, ni de intereses econ\u00f3micos y pol\u00edticos. Las experiencias productivas ser\u00e1n una constante en este portal, porque nos interesa mostrar las iniciativas que llevan adelante los emprendedores y que son dignas de replicar en alguna latitud de nuestro pa\u00eds.","publisher":{"@id":"https:\/\/cambioagropecuario.com\/#organization"},"potentialAction":[{"@type":"SearchAction","target":{"@type":"EntryPoint","urlTemplate":"https:\/\/cambioagropecuario.com\/?s={search_term_string}"},"query-input":"required name=search_term_string"}],"inLanguage":"es"},{"@type":"Organization","@id":"https:\/\/cambioagropecuario.com\/#organization","name":"Cambio Agropecuario","url":"https:\/\/cambioagropecuario.com\/","logo":{"@type":"ImageObject","inLanguage":"es","@id":"https:\/\/cambioagropecuario.com\/#\/schema\/logo\/image\/","url":"https:\/\/cambioagropecuario.com\/wp-content\/uploads\/2021\/11\/cropped-Sin-titulo-1-1.png","contentUrl":"https:\/\/cambioagropecuario.com\/wp-content\/uploads\/2021\/11\/cropped-Sin-titulo-1-1.png","width":512,"height":512,"caption":"Cambio Agropecuario"},"image":{"@id":"https:\/\/cambioagropecuario.com\/#\/schema\/logo\/image\/"},"sameAs":["https:\/\/www.facebook.com\/cambio.agropecuario","https:\/\/www.youtube.com\/user\/cambioagropecuariotv"]},{"@type":"Person","@id":"https:\/\/cambioagropecuario.com\/#\/schema\/person\/24cfd493eaf12ce5568e4f89cfaa3b8a","name":"Jorge Lopez","image":{"@type":"ImageObject","inLanguage":"es","@id":"https:\/\/cambioagropecuario.com\/#\/schema\/person\/image\/","url":"https:\/\/secure.gravatar.com\/avatar\/775b1c76ac22bc240f9c49041d7dc067?s=96&d=mm&r=g","contentUrl":"https:\/\/secure.gravatar.com\/avatar\/775b1c76ac22bc240f9c49041d7dc067?s=96&d=mm&r=g","caption":"Jorge Lopez"},"url":"https:\/\/cambioagropecuario.com\/index.php\/author\/jorge\/"}]}},"jetpack_sharing_enabled":true,"featured_image_urls":{"full":["https:\/\/i0.wp.com\/cambioagropecuario.com\/wp-content\/uploads\/2022\/03\/89D5227E-06C6-47B8-B482-3B020A48D329.jpeg?fit=640%2C418&ssl=1",640,418,false],"thumbnail":["https:\/\/i0.wp.com\/cambioagropecuario.com\/wp-content\/uploads\/2022\/03\/89D5227E-06C6-47B8-B482-3B020A48D329.jpeg?resize=150%2C150&ssl=1",150,150,true],"medium":["https:\/\/i0.wp.com\/cambioagropecuario.com\/wp-content\/uploads\/2022\/03\/89D5227E-06C6-47B8-B482-3B020A48D329.jpeg?fit=300%2C196&ssl=1",300,196,true],"medium_large":["https:\/\/i0.wp.com\/cambioagropecuario.com\/wp-content\/uploads\/2022\/03\/89D5227E-06C6-47B8-B482-3B020A48D329.jpeg?fit=640%2C418&ssl=1",640,418,true],"large":["https:\/\/i0.wp.com\/cambioagropecuario.com\/wp-content\/uploads\/2022\/03\/89D5227E-06C6-47B8-B482-3B020A48D329.jpeg?fit=640%2C418&ssl=1",640,418,true],"1536x1536":["https:\/\/i0.wp.com\/cambioagropecuario.com\/wp-content\/uploads\/2022\/03\/89D5227E-06C6-47B8-B482-3B020A48D329.jpeg?fit=640%2C418&ssl=1",640,418,true],"2048x2048":["https:\/\/i0.wp.com\/cambioagropecuario.com\/wp-content\/uploads\/2022\/03\/89D5227E-06C6-47B8-B482-3B020A48D329.jpeg?fit=640%2C418&ssl=1",640,418,true]},"author_info":{"display_name":"Jorge Lopez","author_link":"https:\/\/cambioagropecuario.com\/index.php\/author\/jorge\/"},"category_info":"<a href=\"https:\/\/cambioagropecuario.com\/index.php\/category\/ganaderia\/\" rel=\"category tag\">Ganaderia<\/a>","tag_info":"Ganaderia","comment_count":"0","jetpack_featured_media_url":"https:\/\/i0.wp.com\/cambioagropecuario.com\/wp-content\/uploads\/2022\/03\/89D5227E-06C6-47B8-B482-3B020A48D329.jpeg?fit=640%2C418&ssl=1","_links":{"self":[{"href":"https:\/\/cambioagropecuario.com\/index.php\/wp-json\/wp\/v2\/posts\/478","targetHints":{"allow":["GET"]}}],"collection":[{"href":"https:\/\/cambioagropecuario.com\/index.php\/wp-json\/wp\/v2\/posts"}],"about":[{"href":"https:\/\/cambioagropecuario.com\/index.php\/wp-json\/wp\/v2\/types\/post"}],"author":[{"embeddable":true,"href":"https:\/\/cambioagropecuario.com\/index.php\/wp-json\/wp\/v2\/users\/2"}],"replies":[{"embeddable":true,"href":"https:\/\/cambioagropecuario.com\/index.php\/wp-json\/wp\/v2\/comments?post=478"}],"version-history":[{"count":1,"href":"https:\/\/cambioagropecuario.com\/index.php\/wp-json\/wp\/v2\/posts\/478\/revisions"}],"predecessor-version":[{"id":480,"href":"https:\/\/cambioagropecuario.com\/index.php\/wp-json\/wp\/v2\/posts\/478\/revisions\/480"}],"wp:featuredmedia":[{"embeddable":true,"href":"https:\/\/cambioagropecuario.com\/index.php\/wp-json\/wp\/v2\/media\/479"}],"wp:attachment":[{"href":"https:\/\/cambioagropecuario.com\/index.php\/wp-json\/wp\/v2\/media?parent=478"}],"wp:term":[{"taxonomy":"category","embeddable":true,"href":"https:\/\/cambioagropecuario.com\/index.php\/wp-json\/wp\/v2\/categories?post=478"},{"taxonomy":"post_tag","embeddable":true,"href":"https:\/\/cambioagropecuario.com\/index.php\/wp-json\/wp\/v2\/tags?post=478"}],"curies":[{"name":"wp","href":"https:\/\/api.w.org\/{rel}","templated":true}]}}