{"id":462,"date":"2022-02-27T14:18:38","date_gmt":"2022-02-27T14:18:38","guid":{"rendered":"https:\/\/cambioagropecuario.com\/?p=462"},"modified":"2022-02-27T14:19:03","modified_gmt":"2022-02-27T14:19:03","slug":"buenas-perspectivas-para-los-porotos-de-color","status":"publish","type":"post","link":"https:\/\/cambioagropecuario.com\/index.php\/2022\/02\/27\/buenas-perspectivas-para-los-porotos-de-color\/","title":{"rendered":"Buenas perspectivas para los porotos de color"},"content":{"rendered":"\n<p>En una entrevista exclusiva de Cambio Agropecuario TV con Miguel Mendez conocimos la situaci\u00f3n actual. <\/p>\n\n\n\n<figure class=\"wp-block-image size-large\"><img loading=\"lazy\" decoding=\"async\" width=\"800\" height=\"450\" src=\"https:\/\/i0.wp.com\/cambioagropecuario.com\/wp-content\/uploads\/2022\/02\/14F60AC6-7FA0-4CE2-AA3D-4FEFA971DFF9.jpeg?resize=800%2C450&#038;ssl=1\" alt=\"\" class=\"wp-image-463\" srcset=\"https:\/\/i0.wp.com\/cambioagropecuario.com\/wp-content\/uploads\/2022\/02\/14F60AC6-7FA0-4CE2-AA3D-4FEFA971DFF9.jpeg?resize=1024%2C576&amp;ssl=1 1024w, https:\/\/i0.wp.com\/cambioagropecuario.com\/wp-content\/uploads\/2022\/02\/14F60AC6-7FA0-4CE2-AA3D-4FEFA971DFF9.jpeg?resize=300%2C169&amp;ssl=1 300w, https:\/\/i0.wp.com\/cambioagropecuario.com\/wp-content\/uploads\/2022\/02\/14F60AC6-7FA0-4CE2-AA3D-4FEFA971DFF9.jpeg?resize=768%2C432&amp;ssl=1 768w, https:\/\/i0.wp.com\/cambioagropecuario.com\/wp-content\/uploads\/2022\/02\/14F60AC6-7FA0-4CE2-AA3D-4FEFA971DFF9.jpeg?w=1280&amp;ssl=1 1280w\" sizes=\"auto, (max-width: 800px) 100vw, 800px\" data-recalc-dims=\"1\" \/><\/figure>\n\n\n\n<p>Las provincias del Norte argentino tienen una tradici\u00f3n en la producci\u00f3n de legumbres y en particular de porotos. Durante muchos a\u00f1os fue uno de los cultivos insignia en distintas zonas de producci\u00f3n que de a poco, por las fluctuaciones del mercado, fueron mutand<a><\/a>o a favor de los commodities.&nbsp;<\/p>\n\n\n\n<p>Miguel M\u00e9ndez es el gerente de una planta de proceso de legumbres ubicada en la ciudad de Salta&nbsp;nos da un panorama de la situaci\u00f3n actual de los cultivos y de las perspectivas comerciales para la campa\u00f1a porotera.<\/p>\n\n\n\n<p><strong><em>\u00bfC\u00f3mo est\u00e1 la situaci\u00f3n de los cultivos de poroto en la regi\u00f3n, teniendo en cuenta las condiciones clim\u00e1ticas de la campa\u00f1a?<\/em><\/strong><strong><em><\/em><\/strong><\/p>\n\n\n\n<p>En la zona que limita al Norte con el R\u00edo Juramento, por falta de agua, no se pudieron hacer todas las ha. de poroto que se pretend\u00eda. All\u00ed se produce principalmente Negro y&nbsp;Mung, pero este a\u00f1o se va a incrementar algo la superficie, porque no se pudo sembrar soja por falta de humedad y a\u00fan hoy en algunas zonas no pudieron sembrar poroto porque tampoco tienen condiciones de humedad. &nbsp;En la zona de Palomitas, se est\u00e1n perdiendo algunos cultivos por las bajas precipitaciones. En G\u00fcemes se pudo sembrar algo al igual que en la zona de San Pedro de Jujuy. En&nbsp;Urizar&nbsp;y las Varas&nbsp;la campa\u00f1a viene bien y en el Norte hubo exceso de precipitaciones en algunos campos.&nbsp;Las lluvias son muy irregulares y eso est\u00e1 perjudicando la campa\u00f1a.&nbsp;<\/p>\n\n\n\n<p><strong><em>La condici\u00f3n clim\u00e1tica ha sido adversa para todos los cultivos&nbsp;<\/em><\/strong><strong><em>granarios<\/em><\/strong><strong><em>&nbsp;y el poroto no escapa a esta situaci\u00f3n.<\/em><\/strong><\/p>\n\n\n\n<p>Aparte de la situaci\u00f3n clim\u00e1tica, tenemos el factor del precio. Hubo un incremento muy alto en el flete mar\u00edtimo y esto va a afectar significativamente la comercializaci\u00f3n sobre todo del poroto blanco.&nbsp;<\/p>\n\n\n\n<p>Argentina va a tener una ventaja durante este a\u00f1o para los porotos de color.&nbsp;Lamentablemente no hay tanta semilla y tan buenas variedades para seguir sembrando. Los materiales que tenemos se vienen degradando y por eso hace falta apostar al mejoramiento gen\u00e9tico para conservar los mercados de destino y ganar nuevos mercados. Hay que buscar la forma de lograr nueva semilla y que se vaya adoptando. Brasil hoy representa una amenaza para nuestra producci\u00f3n porque tienen un mejoramiento gen\u00e9tico permanente y eso a la larga los va a posicionar de mejor manera&nbsp;ya que el mercado es cada vez m\u00e1s exigente. A esto se suma el incremento en los costos de producci\u00f3n que hemos tenido este a\u00f1o y el tipo de cambio que no nos favorece.<\/p>\n\n\n\n<p><strong><em>Altos costos y baja disponibilidad de semillas para esta campa\u00f1a<\/em><\/strong><\/p>\n\n\n\n<p>La escasez de material gen\u00e9tico es un tema que lo debemos tomar muy en serio. Hasta hace pocos a\u00f1os el Norte era la zona de producci\u00f3n porotera por excelencia y en este \u00faltimo tiempo la provincia de C\u00f3rdoba empez\u00f3 a producir poroto y de muy buena calidad y con buenos rendimientos, sobre todo en poroto negro&nbsp;y con una ventaja adicional que es la distancia a puerto que es muy competitiva con respecto a nuestra producci\u00f3n. Adem\u00e1s, sum\u00f3 plantas de proceso que logran un producto final de excelente calidad.&nbsp;<\/p>\n\n\n\n<p><strong><em>Uds. Est\u00e1n tratando de desarrollar campos destinados a la multiplicaci\u00f3n de semillas<\/em><\/strong><\/p>\n\n\n\n<p>Pensando en esto, iniciamos este a\u00f1o&nbsp;una&nbsp;experiencia&nbsp;de 7 ha.&nbsp;para&nbsp;la multiplicaci\u00f3n de semillas&nbsp;de 2 variedades de poroto blanco&nbsp;en los Valles Calchaqu\u00edes,&nbsp;que se va a cosechar el mes pr\u00f3ximo y vamos a ver si podemos producir en una zona baja con buenas condiciones&nbsp;para que muestre su potencial. Esto&nbsp;va a favorecer la continuidad del negocio del poroto en nuestra regi\u00f3n. Las condiciones del Valle van a permitir mantener las cualidades de las variedades que se quieran multiplicar.&nbsp;<\/p>\n\n\n\n<p><strong><em>\u00bf<\/em><\/strong><strong><em>Esto puede recuperar algunos mercados que se fueron perdiendo en los \u00faltimos a\u00f1os?<\/em><\/strong><\/p>\n\n\n\n<p>Exactamente. Por ejemplo, antes nosotros \u00e9ramos los \u00fanicos que produc\u00edamos poroto pallar. La zona de Cachi&nbsp;era una zona propicia para este cultivo y por distintas cuestiones se fue perdiendo y&nbsp;ahora&nbsp;se produce&nbsp;muy poco&nbsp;este tipo de poroto que tiene un mercado interesante en Polonia.&nbsp;Luego se llev\u00f3 el poroto pallar a Mendoza y all\u00ed se produjo una buena cantidad y lamentablemente tambi\u00e9n se perdi\u00f3.&nbsp;<\/p>\n\n\n\n<p><strong><em>Por \u00faltimo \u00bfcu\u00e1les son las perspectivas para el comercio de los porotos de producci\u00f3n regional?<\/em><\/strong><\/p>\n\n\n\n<p>En poroto blanco, no se termin\u00f3 la campa\u00f1a hay mucho stock est\u00e1 muy dif\u00edcil de comercializar, no por falta de pedidos sino por falta&nbsp;containers, de buques. Hay mucha mercader\u00eda en dep\u00f3sitos de Bs.As.&nbsp;y&nbsp;tambi\u00e9n en la provincia de Salta. Hubo una feria hace poco, no se concretaron las ventas esperadas. Espa\u00f1a e Italia todav\u00eda tienen stock y hay una competencia muy fuerte que es Egipto que hoy puede vender a U$S 1.000 Costo y Flete con un traslado corto de pocos d\u00edas a comparaci\u00f3n de nosotros que tenemos un flete de entre 200 y 250&nbsp;U$S, cuando a\u00f1os anteriores se pagaba de 30 a 50 U$S. Ese es un incremento de costo muy grande que lo tiene que amortizar el productor porque no hay otra manera.&nbsp;Otra de las disyuntivas que tenemos hoy es la gran cantidad de exportadores, entonces esa misma mercader\u00eda la ofrece un abanico de exportadores y los compradores no tienen conocimiento de quien es esa mercader\u00eda. Son muchos oferentes para el mismo producto.&nbsp;<\/p>\n\n\n\n<p>En poroto de color hay muy buenas expectativas comerciales, aunque todav\u00eda no se definen los precios. Resta saber c\u00f3mo se va a presentar la campa\u00f1a en cuanto al clima y otros factores que se pueden presentar. En el caso de Negro, tambi\u00e9n son buenas las expectativas. Hay mercados que pueden incrementar la demanda para este a\u00f1o, pero con un producto diferenciado de mayor calidad. Para el caso del&nbsp;Mung, India cerr\u00f3 las importaciones y va a ser muy dif\u00edcil su&nbsp;comercializaci\u00f3n. Adem\u00e1s pa\u00edses como Brasil y Venezuela est\u00e1n produciendo&nbsp;Mung&nbsp;de muy buena calidad que nosotros por condiciones clim\u00e1ticas no podemos producir.<\/p>\n\n\n\n<p><\/p>\n","protected":false},"excerpt":{"rendered":"<p>En una entrevista exclusiva de Cambio Agropecuario TV con Miguel Mendez conocimos la situaci\u00f3n actual. Las provincias del Norte argentino tienen una tradici\u00f3n en la producci\u00f3n de legumbres y en particular de porotos. Durante muchos a\u00f1os fue uno de los cultivos insignia en distintas zonas de producci\u00f3n que de a poco, por las fluctuaciones del [&hellip;]<\/p>\n","protected":false},"author":2,"featured_media":464,"comment_status":"closed","ping_status":"open","sticky":false,"template":"","format":"standard","meta":{"footnotes":""},"categories":[18],"tags":[],"class_list":["post-462","post","type-post","status-publish","format-standard","has-post-thumbnail","hentry","category-noticias"],"yoast_head":"<!-- This site is optimized with the Yoast SEO plugin v21.6 - https:\/\/yoast.com\/wordpress\/plugins\/seo\/ -->\n<title>Buenas perspectivas para los porotos de color - Cambio Agropecuario<\/title>\n<meta name=\"robots\" content=\"index, follow, max-snippet:-1, max-image-preview:large, max-video-preview:-1\" \/>\n<link rel=\"canonical\" href=\"https:\/\/cambioagropecuario.com\/index.php\/2022\/02\/27\/buenas-perspectivas-para-los-porotos-de-color\/\" \/>\n<meta property=\"og:locale\" content=\"es_ES\" \/>\n<meta property=\"og:type\" content=\"article\" \/>\n<meta property=\"og:title\" content=\"Buenas perspectivas para los porotos de color - Cambio Agropecuario\" \/>\n<meta property=\"og:description\" content=\"En una entrevista exclusiva de Cambio Agropecuario TV con Miguel Mendez conocimos la situaci\u00f3n actual. Las provincias del Norte argentino tienen una tradici\u00f3n en la producci\u00f3n de legumbres y en particular de porotos. Durante muchos a\u00f1os fue uno de los cultivos insignia en distintas zonas de producci\u00f3n que de a poco, por las fluctuaciones del [&hellip;]\" \/>\n<meta property=\"og:url\" content=\"https:\/\/cambioagropecuario.com\/index.php\/2022\/02\/27\/buenas-perspectivas-para-los-porotos-de-color\/\" \/>\n<meta property=\"og:site_name\" content=\"Cambio Agropecuario\" \/>\n<meta property=\"article:publisher\" content=\"https:\/\/www.facebook.com\/cambio.agropecuario\" \/>\n<meta property=\"article:published_time\" content=\"2022-02-27T14:18:38+00:00\" \/>\n<meta property=\"article:modified_time\" content=\"2022-02-27T14:19:03+00:00\" \/>\n<meta property=\"og:image\" content=\"https:\/\/cambioagropecuario.com\/wp-content\/uploads\/2022\/02\/24C12298-2B3E-4157-95E2-7EB16D0CDD10.jpeg\" \/>\n\t<meta property=\"og:image:width\" content=\"1280\" \/>\n\t<meta property=\"og:image:height\" content=\"720\" \/>\n\t<meta property=\"og:image:type\" content=\"image\/jpeg\" \/>\n<meta name=\"author\" content=\"Jorge Lopez\" \/>\n<meta name=\"twitter:card\" content=\"summary_large_image\" \/>\n<meta name=\"twitter:label1\" content=\"Escrito por\" \/>\n\t<meta name=\"twitter:data1\" content=\"Jorge Lopez\" \/>\n\t<meta name=\"twitter:label2\" content=\"Tiempo de lectura\" \/>\n\t<meta name=\"twitter:data2\" content=\"5 minutos\" \/>\n<script type=\"application\/ld+json\" class=\"yoast-schema-graph\">{\"@context\":\"https:\/\/schema.org\",\"@graph\":[{\"@type\":\"Article\",\"@id\":\"https:\/\/cambioagropecuario.com\/index.php\/2022\/02\/27\/buenas-perspectivas-para-los-porotos-de-color\/#article\",\"isPartOf\":{\"@id\":\"https:\/\/cambioagropecuario.com\/index.php\/2022\/02\/27\/buenas-perspectivas-para-los-porotos-de-color\/\"},\"author\":{\"name\":\"Jorge Lopez\",\"@id\":\"https:\/\/cambioagropecuario.com\/#\/schema\/person\/24cfd493eaf12ce5568e4f89cfaa3b8a\"},\"headline\":\"Buenas perspectivas para los porotos de color\",\"datePublished\":\"2022-02-27T14:18:38+00:00\",\"dateModified\":\"2022-02-27T14:19:03+00:00\",\"mainEntityOfPage\":{\"@id\":\"https:\/\/cambioagropecuario.com\/index.php\/2022\/02\/27\/buenas-perspectivas-para-los-porotos-de-color\/\"},\"wordCount\":1117,\"publisher\":{\"@id\":\"https:\/\/cambioagropecuario.com\/#organization\"},\"articleSection\":[\"Noticias\"],\"inLanguage\":\"es\"},{\"@type\":\"WebPage\",\"@id\":\"https:\/\/cambioagropecuario.com\/index.php\/2022\/02\/27\/buenas-perspectivas-para-los-porotos-de-color\/\",\"url\":\"https:\/\/cambioagropecuario.com\/index.php\/2022\/02\/27\/buenas-perspectivas-para-los-porotos-de-color\/\",\"name\":\"Buenas perspectivas para los porotos de color - Cambio Agropecuario\",\"isPartOf\":{\"@id\":\"https:\/\/cambioagropecuario.com\/#website\"},\"datePublished\":\"2022-02-27T14:18:38+00:00\",\"dateModified\":\"2022-02-27T14:19:03+00:00\",\"breadcrumb\":{\"@id\":\"https:\/\/cambioagropecuario.com\/index.php\/2022\/02\/27\/buenas-perspectivas-para-los-porotos-de-color\/#breadcrumb\"},\"inLanguage\":\"es\",\"potentialAction\":[{\"@type\":\"ReadAction\",\"target\":[\"https:\/\/cambioagropecuario.com\/index.php\/2022\/02\/27\/buenas-perspectivas-para-los-porotos-de-color\/\"]}]},{\"@type\":\"BreadcrumbList\",\"@id\":\"https:\/\/cambioagropecuario.com\/index.php\/2022\/02\/27\/buenas-perspectivas-para-los-porotos-de-color\/#breadcrumb\",\"itemListElement\":[{\"@type\":\"ListItem\",\"position\":1,\"name\":\"Portada\",\"item\":\"https:\/\/cambioagropecuario.com\/\"},{\"@type\":\"ListItem\",\"position\":2,\"name\":\"Buenas perspectivas para los porotos de color\"}]},{\"@type\":\"WebSite\",\"@id\":\"https:\/\/cambioagropecuario.com\/#website\",\"url\":\"https:\/\/cambioagropecuario.com\/\",\"name\":\"Cambio Agropecuario\",\"description\":\"Cambio Agropecuario es un portal de informaci\u00f3n objetiva y veraz del sector Agroproductivo de la Rep\u00fablica Argentina. Lejos de nuestro esp\u00edritu est\u00e1 el hecho de publicar noticias con un sesgo pol\u00edtico que no contribuya a enaltecer el desarrollo de las producciones agr\u00edcolas y pecuarias. Publicamos en libertad, sin presi\u00f3n de corporaci\u00f3n medi\u00e1tica alguna, ni de intereses econ\u00f3micos y pol\u00edticos. Las experiencias productivas ser\u00e1n una constante en este portal, porque nos interesa mostrar las iniciativas que llevan adelante los emprendedores y que son dignas de replicar en alguna latitud de nuestro pa\u00eds.\",\"publisher\":{\"@id\":\"https:\/\/cambioagropecuario.com\/#organization\"},\"potentialAction\":[{\"@type\":\"SearchAction\",\"target\":{\"@type\":\"EntryPoint\",\"urlTemplate\":\"https:\/\/cambioagropecuario.com\/?s={search_term_string}\"},\"query-input\":\"required name=search_term_string\"}],\"inLanguage\":\"es\"},{\"@type\":\"Organization\",\"@id\":\"https:\/\/cambioagropecuario.com\/#organization\",\"name\":\"Cambio Agropecuario\",\"url\":\"https:\/\/cambioagropecuario.com\/\",\"logo\":{\"@type\":\"ImageObject\",\"inLanguage\":\"es\",\"@id\":\"https:\/\/cambioagropecuario.com\/#\/schema\/logo\/image\/\",\"url\":\"https:\/\/cambioagropecuario.com\/wp-content\/uploads\/2021\/11\/cropped-Sin-titulo-1-1.png\",\"contentUrl\":\"https:\/\/cambioagropecuario.com\/wp-content\/uploads\/2021\/11\/cropped-Sin-titulo-1-1.png\",\"width\":512,\"height\":512,\"caption\":\"Cambio Agropecuario\"},\"image\":{\"@id\":\"https:\/\/cambioagropecuario.com\/#\/schema\/logo\/image\/\"},\"sameAs\":[\"https:\/\/www.facebook.com\/cambio.agropecuario\",\"https:\/\/www.youtube.com\/user\/cambioagropecuariotv\"]},{\"@type\":\"Person\",\"@id\":\"https:\/\/cambioagropecuario.com\/#\/schema\/person\/24cfd493eaf12ce5568e4f89cfaa3b8a\",\"name\":\"Jorge Lopez\",\"image\":{\"@type\":\"ImageObject\",\"inLanguage\":\"es\",\"@id\":\"https:\/\/cambioagropecuario.com\/#\/schema\/person\/image\/\",\"url\":\"https:\/\/secure.gravatar.com\/avatar\/775b1c76ac22bc240f9c49041d7dc067?s=96&d=mm&r=g\",\"contentUrl\":\"https:\/\/secure.gravatar.com\/avatar\/775b1c76ac22bc240f9c49041d7dc067?s=96&d=mm&r=g\",\"caption\":\"Jorge Lopez\"},\"url\":\"https:\/\/cambioagropecuario.com\/index.php\/author\/jorge\/\"}]}<\/script>\n<!-- \/ Yoast SEO plugin. -->","yoast_head_json":{"title":"Buenas perspectivas para los porotos de color - Cambio Agropecuario","robots":{"index":"index","follow":"follow","max-snippet":"max-snippet:-1","max-image-preview":"max-image-preview:large","max-video-preview":"max-video-preview:-1"},"canonical":"https:\/\/cambioagropecuario.com\/index.php\/2022\/02\/27\/buenas-perspectivas-para-los-porotos-de-color\/","og_locale":"es_ES","og_type":"article","og_title":"Buenas perspectivas para los porotos de color - Cambio Agropecuario","og_description":"En una entrevista exclusiva de Cambio Agropecuario TV con Miguel Mendez conocimos la situaci\u00f3n actual. Las provincias del Norte argentino tienen una tradici\u00f3n en la producci\u00f3n de legumbres y en particular de porotos. Durante muchos a\u00f1os fue uno de los cultivos insignia en distintas zonas de producci\u00f3n que de a poco, por las fluctuaciones del [&hellip;]","og_url":"https:\/\/cambioagropecuario.com\/index.php\/2022\/02\/27\/buenas-perspectivas-para-los-porotos-de-color\/","og_site_name":"Cambio Agropecuario","article_publisher":"https:\/\/www.facebook.com\/cambio.agropecuario","article_published_time":"2022-02-27T14:18:38+00:00","article_modified_time":"2022-02-27T14:19:03+00:00","og_image":[{"width":1280,"height":720,"url":"https:\/\/cambioagropecuario.com\/wp-content\/uploads\/2022\/02\/24C12298-2B3E-4157-95E2-7EB16D0CDD10.jpeg","type":"image\/jpeg"}],"author":"Jorge Lopez","twitter_card":"summary_large_image","twitter_misc":{"Escrito por":"Jorge Lopez","Tiempo de lectura":"5 minutos"},"schema":{"@context":"https:\/\/schema.org","@graph":[{"@type":"Article","@id":"https:\/\/cambioagropecuario.com\/index.php\/2022\/02\/27\/buenas-perspectivas-para-los-porotos-de-color\/#article","isPartOf":{"@id":"https:\/\/cambioagropecuario.com\/index.php\/2022\/02\/27\/buenas-perspectivas-para-los-porotos-de-color\/"},"author":{"name":"Jorge Lopez","@id":"https:\/\/cambioagropecuario.com\/#\/schema\/person\/24cfd493eaf12ce5568e4f89cfaa3b8a"},"headline":"Buenas perspectivas para los porotos de color","datePublished":"2022-02-27T14:18:38+00:00","dateModified":"2022-02-27T14:19:03+00:00","mainEntityOfPage":{"@id":"https:\/\/cambioagropecuario.com\/index.php\/2022\/02\/27\/buenas-perspectivas-para-los-porotos-de-color\/"},"wordCount":1117,"publisher":{"@id":"https:\/\/cambioagropecuario.com\/#organization"},"articleSection":["Noticias"],"inLanguage":"es"},{"@type":"WebPage","@id":"https:\/\/cambioagropecuario.com\/index.php\/2022\/02\/27\/buenas-perspectivas-para-los-porotos-de-color\/","url":"https:\/\/cambioagropecuario.com\/index.php\/2022\/02\/27\/buenas-perspectivas-para-los-porotos-de-color\/","name":"Buenas perspectivas para los porotos de color - Cambio Agropecuario","isPartOf":{"@id":"https:\/\/cambioagropecuario.com\/#website"},"datePublished":"2022-02-27T14:18:38+00:00","dateModified":"2022-02-27T14:19:03+00:00","breadcrumb":{"@id":"https:\/\/cambioagropecuario.com\/index.php\/2022\/02\/27\/buenas-perspectivas-para-los-porotos-de-color\/#breadcrumb"},"inLanguage":"es","potentialAction":[{"@type":"ReadAction","target":["https:\/\/cambioagropecuario.com\/index.php\/2022\/02\/27\/buenas-perspectivas-para-los-porotos-de-color\/"]}]},{"@type":"BreadcrumbList","@id":"https:\/\/cambioagropecuario.com\/index.php\/2022\/02\/27\/buenas-perspectivas-para-los-porotos-de-color\/#breadcrumb","itemListElement":[{"@type":"ListItem","position":1,"name":"Portada","item":"https:\/\/cambioagropecuario.com\/"},{"@type":"ListItem","position":2,"name":"Buenas perspectivas para los porotos de color"}]},{"@type":"WebSite","@id":"https:\/\/cambioagropecuario.com\/#website","url":"https:\/\/cambioagropecuario.com\/","name":"Cambio Agropecuario","description":"Cambio Agropecuario es un portal de informaci\u00f3n objetiva y veraz del sector Agroproductivo de la Rep\u00fablica Argentina. Lejos de nuestro esp\u00edritu est\u00e1 el hecho de publicar noticias con un sesgo pol\u00edtico que no contribuya a enaltecer el desarrollo de las producciones agr\u00edcolas y pecuarias. Publicamos en libertad, sin presi\u00f3n de corporaci\u00f3n medi\u00e1tica alguna, ni de intereses econ\u00f3micos y pol\u00edticos. Las experiencias productivas ser\u00e1n una constante en este portal, porque nos interesa mostrar las iniciativas que llevan adelante los emprendedores y que son dignas de replicar en alguna latitud de nuestro pa\u00eds.","publisher":{"@id":"https:\/\/cambioagropecuario.com\/#organization"},"potentialAction":[{"@type":"SearchAction","target":{"@type":"EntryPoint","urlTemplate":"https:\/\/cambioagropecuario.com\/?s={search_term_string}"},"query-input":"required name=search_term_string"}],"inLanguage":"es"},{"@type":"Organization","@id":"https:\/\/cambioagropecuario.com\/#organization","name":"Cambio Agropecuario","url":"https:\/\/cambioagropecuario.com\/","logo":{"@type":"ImageObject","inLanguage":"es","@id":"https:\/\/cambioagropecuario.com\/#\/schema\/logo\/image\/","url":"https:\/\/cambioagropecuario.com\/wp-content\/uploads\/2021\/11\/cropped-Sin-titulo-1-1.png","contentUrl":"https:\/\/cambioagropecuario.com\/wp-content\/uploads\/2021\/11\/cropped-Sin-titulo-1-1.png","width":512,"height":512,"caption":"Cambio Agropecuario"},"image":{"@id":"https:\/\/cambioagropecuario.com\/#\/schema\/logo\/image\/"},"sameAs":["https:\/\/www.facebook.com\/cambio.agropecuario","https:\/\/www.youtube.com\/user\/cambioagropecuariotv"]},{"@type":"Person","@id":"https:\/\/cambioagropecuario.com\/#\/schema\/person\/24cfd493eaf12ce5568e4f89cfaa3b8a","name":"Jorge Lopez","image":{"@type":"ImageObject","inLanguage":"es","@id":"https:\/\/cambioagropecuario.com\/#\/schema\/person\/image\/","url":"https:\/\/secure.gravatar.com\/avatar\/775b1c76ac22bc240f9c49041d7dc067?s=96&d=mm&r=g","contentUrl":"https:\/\/secure.gravatar.com\/avatar\/775b1c76ac22bc240f9c49041d7dc067?s=96&d=mm&r=g","caption":"Jorge Lopez"},"url":"https:\/\/cambioagropecuario.com\/index.php\/author\/jorge\/"}]}},"jetpack_sharing_enabled":true,"featured_image_urls":{"full":["https:\/\/i0.wp.com\/cambioagropecuario.com\/wp-content\/uploads\/2022\/02\/24C12298-2B3E-4157-95E2-7EB16D0CDD10.jpeg?fit=1280%2C720&ssl=1",1280,720,false],"thumbnail":["https:\/\/i0.wp.com\/cambioagropecuario.com\/wp-content\/uploads\/2022\/02\/24C12298-2B3E-4157-95E2-7EB16D0CDD10.jpeg?resize=150%2C150&ssl=1",150,150,true],"medium":["https:\/\/i0.wp.com\/cambioagropecuario.com\/wp-content\/uploads\/2022\/02\/24C12298-2B3E-4157-95E2-7EB16D0CDD10.jpeg?fit=300%2C169&ssl=1",300,169,true],"medium_large":["https:\/\/i0.wp.com\/cambioagropecuario.com\/wp-content\/uploads\/2022\/02\/24C12298-2B3E-4157-95E2-7EB16D0CDD10.jpeg?fit=768%2C432&ssl=1",768,432,true],"large":["https:\/\/i0.wp.com\/cambioagropecuario.com\/wp-content\/uploads\/2022\/02\/24C12298-2B3E-4157-95E2-7EB16D0CDD10.jpeg?fit=800%2C450&ssl=1",800,450,true],"1536x1536":["https:\/\/i0.wp.com\/cambioagropecuario.com\/wp-content\/uploads\/2022\/02\/24C12298-2B3E-4157-95E2-7EB16D0CDD10.jpeg?fit=1280%2C720&ssl=1",1280,720,true],"2048x2048":["https:\/\/i0.wp.com\/cambioagropecuario.com\/wp-content\/uploads\/2022\/02\/24C12298-2B3E-4157-95E2-7EB16D0CDD10.jpeg?fit=1280%2C720&ssl=1",1280,720,true]},"author_info":{"display_name":"Jorge Lopez","author_link":"https:\/\/cambioagropecuario.com\/index.php\/author\/jorge\/"},"category_info":"<a href=\"https:\/\/cambioagropecuario.com\/index.php\/category\/noticias\/\" rel=\"category tag\">Noticias<\/a>","tag_info":"Noticias","comment_count":"0","jetpack_featured_media_url":"https:\/\/i0.wp.com\/cambioagropecuario.com\/wp-content\/uploads\/2022\/02\/24C12298-2B3E-4157-95E2-7EB16D0CDD10.jpeg?fit=1280%2C720&ssl=1","_links":{"self":[{"href":"https:\/\/cambioagropecuario.com\/index.php\/wp-json\/wp\/v2\/posts\/462","targetHints":{"allow":["GET"]}}],"collection":[{"href":"https:\/\/cambioagropecuario.com\/index.php\/wp-json\/wp\/v2\/posts"}],"about":[{"href":"https:\/\/cambioagropecuario.com\/index.php\/wp-json\/wp\/v2\/types\/post"}],"author":[{"embeddable":true,"href":"https:\/\/cambioagropecuario.com\/index.php\/wp-json\/wp\/v2\/users\/2"}],"replies":[{"embeddable":true,"href":"https:\/\/cambioagropecuario.com\/index.php\/wp-json\/wp\/v2\/comments?post=462"}],"version-history":[{"count":1,"href":"https:\/\/cambioagropecuario.com\/index.php\/wp-json\/wp\/v2\/posts\/462\/revisions"}],"predecessor-version":[{"id":465,"href":"https:\/\/cambioagropecuario.com\/index.php\/wp-json\/wp\/v2\/posts\/462\/revisions\/465"}],"wp:featuredmedia":[{"embeddable":true,"href":"https:\/\/cambioagropecuario.com\/index.php\/wp-json\/wp\/v2\/media\/464"}],"wp:attachment":[{"href":"https:\/\/cambioagropecuario.com\/index.php\/wp-json\/wp\/v2\/media?parent=462"}],"wp:term":[{"taxonomy":"category","embeddable":true,"href":"https:\/\/cambioagropecuario.com\/index.php\/wp-json\/wp\/v2\/categories?post=462"},{"taxonomy":"post_tag","embeddable":true,"href":"https:\/\/cambioagropecuario.com\/index.php\/wp-json\/wp\/v2\/tags?post=462"}],"curies":[{"name":"wp","href":"https:\/\/api.w.org\/{rel}","templated":true}]}}