{"id":459,"date":"2022-02-25T21:47:09","date_gmt":"2022-02-25T21:47:09","guid":{"rendered":"https:\/\/cambioagropecuario.com\/?p=459"},"modified":"2022-02-25T21:47:11","modified_gmt":"2022-02-25T21:47:11","slug":"inta-y-senasa-juntos-contra-el-pulgon-amarillo-en-sorgo","status":"publish","type":"post","link":"https:\/\/cambioagropecuario.com\/index.php\/2022\/02\/25\/inta-y-senasa-juntos-contra-el-pulgon-amarillo-en-sorgo\/","title":{"rendered":"INTA y Senasa, juntos contra el pulg\u00f3n amarillo en sorgo\u00a0"},"content":{"rendered":"\n<p>En enero de 2021 se detect\u00f3 el&nbsp;<strong>primer brote de pulg\u00f3n amarillo en sorgo<\/strong>&nbsp;en la Argentina. Desde ese momento,<strong>&nbsp;se expande por las principales provincias productoras de ese cultivo.<\/strong>&nbsp;Un equipo de investigaci\u00f3n interdisciplinario del INTA y del Senasa \u2013ambos organismos dependientes del Ministerio de Agricultura de la Naci\u00f3n\u2013 trabaja para dise\u00f1ar una estrategia de control eficiente.<\/p>\n\n\n\n<p>De acuerdo con&nbsp;<strong>Eduardo Trumper<\/strong>&nbsp;\u2013referente de Protecci\u00f3n Vegetal del INTA\u2013, el pulg\u00f3n amarillo apareci\u00f3 de manera \u201csorpresiva y repentina\u201d en el pa\u00eds hace un a\u00f1o. Este hallazgo va en l\u00ednea con la expansi\u00f3n de la plaga por el mundo, probablemente a ra\u00edz de la inmigraci\u00f3n natural del insecto, o bien, por el intercambio comercial entre pa\u00edses.<\/p>\n\n\n\n<p>\u201cEs poco lo que se sabe de este insecto\u201d, reconoci\u00f3 el especialista. No dud\u00f3 en confirmar que \u201c<strong>est\u00e1 en marcha un trabajo interdisciplinario a fin de poder dar respuestas a esta problem\u00e1tica multiregional.<\/strong>&nbsp;A ella se enfrentan los productores de&nbsp;<strong>Chaco, Santiago del Estero, Santa Fe, Entre R\u00edos, Salta, San Luis, C\u00f3rdoba, Buenos Aires o La Pampa<\/strong>\u201d.<\/p>\n\n\n\n<h4 class=\"wp-block-heading\"><strong>Un trabajo coordinado<\/strong><\/h4>\n\n\n\n<p>En este sentido, explic\u00f3 que una de las l\u00edneas de trabajo est\u00e1 relacionada con el desarrollo de genotipos resistentes a la plaga. \u201cLa resistencia varietal es una estrategia sustentable que permite disminuir considerablemente la frecuencia de controles qu\u00edmicos\u201d, reconoci\u00f3 Trumper.<\/p>\n\n\n\n<p>Aunque advirti\u00f3 que, \u201ca pesar de la avanzada tecnolog\u00eda disponible son procesos que llevan, al menos, tres a\u00f1os de investigaci\u00f3n\u201d. De todos modos, explic\u00f3 que hay materiales disponibles en el mercado con cierta tolerancia a esta plaga que se presentan como una alternativa hasta tanto est\u00e9n disponibles los nuevos genotipos.<\/p>\n\n\n\n<p>Por otro lado, se refiri\u00f3 al control qu\u00edmico y advirti\u00f3 que, \u201ccomo es la primera vez que se detecta en el pa\u00eds en este cultivo, no hay ingredientes activos ni dosis aprobadas para esta plaga en sorgo\u201d.<\/p>\n\n\n\n<h4 class=\"wp-block-heading\"><strong>Acuerdo con el Senasa<\/strong><\/h4>\n\n\n\n<p><strong>Nicol\u00e1s Au\u00f1on<\/strong>\u00a0es coordinador de fitosanitarios de la Direcci\u00f3n Agroqu\u00edmicos y Biol\u00f3gicos del Senasa. El especialista confirm\u00f3 que, \u201cen la Argentina,\u00a0<strong>no hay productos registrados para el control qu\u00edmico de esta plaga emergente en sorgo\u201d<\/strong>. Por lo que \u201caplicar cualquier sustancia es un desv\u00edo en el uso y no est\u00e1 autorizado\u201d.<\/p>\n\n\n\n<figure class=\"wp-block-image is-resized\" id=\"attachment_59570\"><img loading=\"lazy\" decoding=\"async\" src=\"https:\/\/i0.wp.com\/elabcrural.com\/wp-content\/uploads\/2022\/02\/pulgon.jpg?resize=376%2C251&#038;ssl=1\" alt=\"\" class=\"wp-image-59570\" width=\"376\" height=\"251\" data-recalc-dims=\"1\" \/><figcaption><br><\/figcaption><\/figure>\n\n\n\n<p>Con el objetivo de dar una respuesta r\u00e1pida a la situaci\u00f3n planteada, mediante la promulgaci\u00f3n de la declaraci\u00f3n de emergencia para esta plaga,&nbsp;<strong>el Senasa aprobar\u00e1 \u2013en car\u00e1cter excepcional y provisorio\u2013 el uso de algunos ingredientes activos que permitir\u00e1n implementar su control.<\/strong>&nbsp;Esta autorizaci\u00f3n se realizar\u00e1 por un periodo determinado, siempre bajo la premisa de minimizar el impacto a la salud y al ambiente.<\/p>\n\n\n\n<p>\u201cTrabajamos de manera articulada e interinstitucional con el INTA y la Federaci\u00f3n Argentina de Ingenieros Agr\u00f3nomos (Fadia) para dar una pronta respuesta a una plaga que realmente preocupa a los productores\u201d, afirm\u00f3 Au\u00f1on.<\/p>\n\n\n\n<p>A su vez, adelant\u00f3 que ya est\u00e1 iniciado el proyecto de resoluci\u00f3n para la promulgaci\u00f3n de la emergencia por el pulg\u00f3n amarillo en sorgo.<\/p>\n\n\n\n<h4 class=\"wp-block-heading\"><strong>Pulg\u00f3n amarillo, una \u201cpeque\u00f1a gran preocupaci\u00f3n\u201d<\/strong><\/h4>\n\n\n\n<p>De acuerdo con&nbsp;<strong>Adriana Saluso<\/strong>&nbsp;\u2013investigadora del INTA Paran\u00e1- \u201cel pulg\u00f3n amarillo del sorgo (<em>Melanaphis sacchari<\/em>) es considerado una de las plagas m\u00e1s da\u00f1inas para el cultivo. Esto es debido a que se alimenta de la savia, reduce la absorci\u00f3n de nutrientes que la planta necesita para crecer, desarrollarse y formar granos\u201d.<\/p>\n\n\n\n<p><strong>El pulg\u00f3n amarillo coloniza el cultivo cuando las plantas tienen entre dos y tres semanas de edad.<\/strong>\u00a0Luego, varias semanas despu\u00e9s de la siembra, se produce un aumento poblacional progresivo de la plaga por encima de los niveles cr\u00edticos, es decir, 50 pulgones por hoja.<\/p>\n\n\n\n<p>Fuente: El ABC Rural<\/p>\n","protected":false},"excerpt":{"rendered":"<p>En enero de 2021 se detect\u00f3 el&nbsp;primer brote de pulg\u00f3n amarillo en sorgo&nbsp;en la Argentina. Desde ese momento,&nbsp;se expande por las principales provincias productoras de ese cultivo.&nbsp;Un equipo de investigaci\u00f3n interdisciplinario del INTA y del Senasa \u2013ambos organismos dependientes del Ministerio de Agricultura de la Naci\u00f3n\u2013 trabaja para dise\u00f1ar una estrategia de control eficiente. De [&hellip;]<\/p>\n","protected":false},"author":2,"featured_media":460,"comment_status":"closed","ping_status":"open","sticky":false,"template":"","format":"standard","meta":{"footnotes":""},"categories":[1],"tags":[],"class_list":["post-459","post","type-post","status-publish","format-standard","has-post-thumbnail","hentry","category-sin-categoria"],"yoast_head":"<!-- This site is optimized with the Yoast SEO plugin v21.6 - https:\/\/yoast.com\/wordpress\/plugins\/seo\/ -->\n<title>INTA y Senasa, juntos contra el pulg\u00f3n amarillo en sorgo\u00a0 - Cambio Agropecuario<\/title>\n<meta name=\"robots\" content=\"index, follow, max-snippet:-1, max-image-preview:large, max-video-preview:-1\" \/>\n<link rel=\"canonical\" href=\"https:\/\/cambioagropecuario.com\/index.php\/2022\/02\/25\/inta-y-senasa-juntos-contra-el-pulgon-amarillo-en-sorgo\/\" \/>\n<meta property=\"og:locale\" content=\"es_ES\" \/>\n<meta property=\"og:type\" content=\"article\" \/>\n<meta property=\"og:title\" content=\"INTA y Senasa, juntos contra el pulg\u00f3n amarillo en sorgo\u00a0 - Cambio Agropecuario\" \/>\n<meta property=\"og:description\" content=\"En enero de 2021 se detect\u00f3 el&nbsp;primer brote de pulg\u00f3n amarillo en sorgo&nbsp;en la Argentina. Desde ese momento,&nbsp;se expande por las principales provincias productoras de ese cultivo.&nbsp;Un equipo de investigaci\u00f3n interdisciplinario del INTA y del Senasa \u2013ambos organismos dependientes del Ministerio de Agricultura de la Naci\u00f3n\u2013 trabaja para dise\u00f1ar una estrategia de control eficiente. De [&hellip;]\" \/>\n<meta property=\"og:url\" content=\"https:\/\/cambioagropecuario.com\/index.php\/2022\/02\/25\/inta-y-senasa-juntos-contra-el-pulgon-amarillo-en-sorgo\/\" \/>\n<meta property=\"og:site_name\" content=\"Cambio Agropecuario\" \/>\n<meta property=\"article:publisher\" content=\"https:\/\/www.facebook.com\/cambio.agropecuario\" \/>\n<meta property=\"article:published_time\" content=\"2022-02-25T21:47:09+00:00\" \/>\n<meta property=\"article:modified_time\" content=\"2022-02-25T21:47:11+00:00\" \/>\n<meta property=\"og:image\" content=\"https:\/\/cambioagropecuario.com\/wp-content\/uploads\/2022\/02\/99C0A1C8-57EA-4585-B6C5-180F09178E66.jpeg\" \/>\n\t<meta property=\"og:image:width\" content=\"1024\" \/>\n\t<meta property=\"og:image:height\" content=\"768\" \/>\n\t<meta property=\"og:image:type\" content=\"image\/jpeg\" \/>\n<meta name=\"author\" content=\"Jorge Lopez\" \/>\n<meta name=\"twitter:card\" content=\"summary_large_image\" \/>\n<meta name=\"twitter:label1\" content=\"Escrito por\" \/>\n\t<meta name=\"twitter:data1\" content=\"Jorge Lopez\" \/>\n\t<meta name=\"twitter:label2\" content=\"Tiempo de lectura\" \/>\n\t<meta name=\"twitter:data2\" content=\"3 minutos\" \/>\n<script type=\"application\/ld+json\" class=\"yoast-schema-graph\">{\"@context\":\"https:\/\/schema.org\",\"@graph\":[{\"@type\":\"Article\",\"@id\":\"https:\/\/cambioagropecuario.com\/index.php\/2022\/02\/25\/inta-y-senasa-juntos-contra-el-pulgon-amarillo-en-sorgo\/#article\",\"isPartOf\":{\"@id\":\"https:\/\/cambioagropecuario.com\/index.php\/2022\/02\/25\/inta-y-senasa-juntos-contra-el-pulgon-amarillo-en-sorgo\/\"},\"author\":{\"name\":\"Jorge Lopez\",\"@id\":\"https:\/\/cambioagropecuario.com\/#\/schema\/person\/24cfd493eaf12ce5568e4f89cfaa3b8a\"},\"headline\":\"INTA y Senasa, juntos contra el pulg\u00f3n amarillo en sorgo\u00a0\",\"datePublished\":\"2022-02-25T21:47:09+00:00\",\"dateModified\":\"2022-02-25T21:47:11+00:00\",\"mainEntityOfPage\":{\"@id\":\"https:\/\/cambioagropecuario.com\/index.php\/2022\/02\/25\/inta-y-senasa-juntos-contra-el-pulgon-amarillo-en-sorgo\/\"},\"wordCount\":661,\"publisher\":{\"@id\":\"https:\/\/cambioagropecuario.com\/#organization\"},\"inLanguage\":\"es\"},{\"@type\":\"WebPage\",\"@id\":\"https:\/\/cambioagropecuario.com\/index.php\/2022\/02\/25\/inta-y-senasa-juntos-contra-el-pulgon-amarillo-en-sorgo\/\",\"url\":\"https:\/\/cambioagropecuario.com\/index.php\/2022\/02\/25\/inta-y-senasa-juntos-contra-el-pulgon-amarillo-en-sorgo\/\",\"name\":\"INTA y Senasa, juntos contra el pulg\u00f3n amarillo en sorgo\u00a0 - Cambio Agropecuario\",\"isPartOf\":{\"@id\":\"https:\/\/cambioagropecuario.com\/#website\"},\"datePublished\":\"2022-02-25T21:47:09+00:00\",\"dateModified\":\"2022-02-25T21:47:11+00:00\",\"breadcrumb\":{\"@id\":\"https:\/\/cambioagropecuario.com\/index.php\/2022\/02\/25\/inta-y-senasa-juntos-contra-el-pulgon-amarillo-en-sorgo\/#breadcrumb\"},\"inLanguage\":\"es\",\"potentialAction\":[{\"@type\":\"ReadAction\",\"target\":[\"https:\/\/cambioagropecuario.com\/index.php\/2022\/02\/25\/inta-y-senasa-juntos-contra-el-pulgon-amarillo-en-sorgo\/\"]}]},{\"@type\":\"BreadcrumbList\",\"@id\":\"https:\/\/cambioagropecuario.com\/index.php\/2022\/02\/25\/inta-y-senasa-juntos-contra-el-pulgon-amarillo-en-sorgo\/#breadcrumb\",\"itemListElement\":[{\"@type\":\"ListItem\",\"position\":1,\"name\":\"Portada\",\"item\":\"https:\/\/cambioagropecuario.com\/\"},{\"@type\":\"ListItem\",\"position\":2,\"name\":\"INTA y Senasa, juntos contra el pulg\u00f3n amarillo en sorgo\u00a0\"}]},{\"@type\":\"WebSite\",\"@id\":\"https:\/\/cambioagropecuario.com\/#website\",\"url\":\"https:\/\/cambioagropecuario.com\/\",\"name\":\"Cambio Agropecuario\",\"description\":\"Cambio Agropecuario es un portal de informaci\u00f3n objetiva y veraz del sector Agroproductivo de la Rep\u00fablica Argentina. Lejos de nuestro esp\u00edritu est\u00e1 el hecho de publicar noticias con un sesgo pol\u00edtico que no contribuya a enaltecer el desarrollo de las producciones agr\u00edcolas y pecuarias. Publicamos en libertad, sin presi\u00f3n de corporaci\u00f3n medi\u00e1tica alguna, ni de intereses econ\u00f3micos y pol\u00edticos. Las experiencias productivas ser\u00e1n una constante en este portal, porque nos interesa mostrar las iniciativas que llevan adelante los emprendedores y que son dignas de replicar en alguna latitud de nuestro pa\u00eds.\",\"publisher\":{\"@id\":\"https:\/\/cambioagropecuario.com\/#organization\"},\"potentialAction\":[{\"@type\":\"SearchAction\",\"target\":{\"@type\":\"EntryPoint\",\"urlTemplate\":\"https:\/\/cambioagropecuario.com\/?s={search_term_string}\"},\"query-input\":\"required name=search_term_string\"}],\"inLanguage\":\"es\"},{\"@type\":\"Organization\",\"@id\":\"https:\/\/cambioagropecuario.com\/#organization\",\"name\":\"Cambio Agropecuario\",\"url\":\"https:\/\/cambioagropecuario.com\/\",\"logo\":{\"@type\":\"ImageObject\",\"inLanguage\":\"es\",\"@id\":\"https:\/\/cambioagropecuario.com\/#\/schema\/logo\/image\/\",\"url\":\"https:\/\/cambioagropecuario.com\/wp-content\/uploads\/2021\/11\/cropped-Sin-titulo-1-1.png\",\"contentUrl\":\"https:\/\/cambioagropecuario.com\/wp-content\/uploads\/2021\/11\/cropped-Sin-titulo-1-1.png\",\"width\":512,\"height\":512,\"caption\":\"Cambio Agropecuario\"},\"image\":{\"@id\":\"https:\/\/cambioagropecuario.com\/#\/schema\/logo\/image\/\"},\"sameAs\":[\"https:\/\/www.facebook.com\/cambio.agropecuario\",\"https:\/\/www.youtube.com\/user\/cambioagropecuariotv\"]},{\"@type\":\"Person\",\"@id\":\"https:\/\/cambioagropecuario.com\/#\/schema\/person\/24cfd493eaf12ce5568e4f89cfaa3b8a\",\"name\":\"Jorge Lopez\",\"image\":{\"@type\":\"ImageObject\",\"inLanguage\":\"es\",\"@id\":\"https:\/\/cambioagropecuario.com\/#\/schema\/person\/image\/\",\"url\":\"https:\/\/secure.gravatar.com\/avatar\/775b1c76ac22bc240f9c49041d7dc067?s=96&d=mm&r=g\",\"contentUrl\":\"https:\/\/secure.gravatar.com\/avatar\/775b1c76ac22bc240f9c49041d7dc067?s=96&d=mm&r=g\",\"caption\":\"Jorge Lopez\"},\"url\":\"https:\/\/cambioagropecuario.com\/index.php\/author\/jorge\/\"}]}<\/script>\n<!-- \/ Yoast SEO plugin. -->","yoast_head_json":{"title":"INTA y Senasa, juntos contra el pulg\u00f3n amarillo en sorgo\u00a0 - Cambio Agropecuario","robots":{"index":"index","follow":"follow","max-snippet":"max-snippet:-1","max-image-preview":"max-image-preview:large","max-video-preview":"max-video-preview:-1"},"canonical":"https:\/\/cambioagropecuario.com\/index.php\/2022\/02\/25\/inta-y-senasa-juntos-contra-el-pulgon-amarillo-en-sorgo\/","og_locale":"es_ES","og_type":"article","og_title":"INTA y Senasa, juntos contra el pulg\u00f3n amarillo en sorgo\u00a0 - Cambio Agropecuario","og_description":"En enero de 2021 se detect\u00f3 el&nbsp;primer brote de pulg\u00f3n amarillo en sorgo&nbsp;en la Argentina. Desde ese momento,&nbsp;se expande por las principales provincias productoras de ese cultivo.&nbsp;Un equipo de investigaci\u00f3n interdisciplinario del INTA y del Senasa \u2013ambos organismos dependientes del Ministerio de Agricultura de la Naci\u00f3n\u2013 trabaja para dise\u00f1ar una estrategia de control eficiente. De [&hellip;]","og_url":"https:\/\/cambioagropecuario.com\/index.php\/2022\/02\/25\/inta-y-senasa-juntos-contra-el-pulgon-amarillo-en-sorgo\/","og_site_name":"Cambio Agropecuario","article_publisher":"https:\/\/www.facebook.com\/cambio.agropecuario","article_published_time":"2022-02-25T21:47:09+00:00","article_modified_time":"2022-02-25T21:47:11+00:00","og_image":[{"width":1024,"height":768,"url":"https:\/\/cambioagropecuario.com\/wp-content\/uploads\/2022\/02\/99C0A1C8-57EA-4585-B6C5-180F09178E66.jpeg","type":"image\/jpeg"}],"author":"Jorge Lopez","twitter_card":"summary_large_image","twitter_misc":{"Escrito por":"Jorge Lopez","Tiempo de lectura":"3 minutos"},"schema":{"@context":"https:\/\/schema.org","@graph":[{"@type":"Article","@id":"https:\/\/cambioagropecuario.com\/index.php\/2022\/02\/25\/inta-y-senasa-juntos-contra-el-pulgon-amarillo-en-sorgo\/#article","isPartOf":{"@id":"https:\/\/cambioagropecuario.com\/index.php\/2022\/02\/25\/inta-y-senasa-juntos-contra-el-pulgon-amarillo-en-sorgo\/"},"author":{"name":"Jorge Lopez","@id":"https:\/\/cambioagropecuario.com\/#\/schema\/person\/24cfd493eaf12ce5568e4f89cfaa3b8a"},"headline":"INTA y Senasa, juntos contra el pulg\u00f3n amarillo en sorgo\u00a0","datePublished":"2022-02-25T21:47:09+00:00","dateModified":"2022-02-25T21:47:11+00:00","mainEntityOfPage":{"@id":"https:\/\/cambioagropecuario.com\/index.php\/2022\/02\/25\/inta-y-senasa-juntos-contra-el-pulgon-amarillo-en-sorgo\/"},"wordCount":661,"publisher":{"@id":"https:\/\/cambioagropecuario.com\/#organization"},"inLanguage":"es"},{"@type":"WebPage","@id":"https:\/\/cambioagropecuario.com\/index.php\/2022\/02\/25\/inta-y-senasa-juntos-contra-el-pulgon-amarillo-en-sorgo\/","url":"https:\/\/cambioagropecuario.com\/index.php\/2022\/02\/25\/inta-y-senasa-juntos-contra-el-pulgon-amarillo-en-sorgo\/","name":"INTA y Senasa, juntos contra el pulg\u00f3n amarillo en sorgo\u00a0 - Cambio Agropecuario","isPartOf":{"@id":"https:\/\/cambioagropecuario.com\/#website"},"datePublished":"2022-02-25T21:47:09+00:00","dateModified":"2022-02-25T21:47:11+00:00","breadcrumb":{"@id":"https:\/\/cambioagropecuario.com\/index.php\/2022\/02\/25\/inta-y-senasa-juntos-contra-el-pulgon-amarillo-en-sorgo\/#breadcrumb"},"inLanguage":"es","potentialAction":[{"@type":"ReadAction","target":["https:\/\/cambioagropecuario.com\/index.php\/2022\/02\/25\/inta-y-senasa-juntos-contra-el-pulgon-amarillo-en-sorgo\/"]}]},{"@type":"BreadcrumbList","@id":"https:\/\/cambioagropecuario.com\/index.php\/2022\/02\/25\/inta-y-senasa-juntos-contra-el-pulgon-amarillo-en-sorgo\/#breadcrumb","itemListElement":[{"@type":"ListItem","position":1,"name":"Portada","item":"https:\/\/cambioagropecuario.com\/"},{"@type":"ListItem","position":2,"name":"INTA y Senasa, juntos contra el pulg\u00f3n amarillo en sorgo\u00a0"}]},{"@type":"WebSite","@id":"https:\/\/cambioagropecuario.com\/#website","url":"https:\/\/cambioagropecuario.com\/","name":"Cambio Agropecuario","description":"Cambio Agropecuario es un portal de informaci\u00f3n objetiva y veraz del sector Agroproductivo de la Rep\u00fablica Argentina. Lejos de nuestro esp\u00edritu est\u00e1 el hecho de publicar noticias con un sesgo pol\u00edtico que no contribuya a enaltecer el desarrollo de las producciones agr\u00edcolas y pecuarias. Publicamos en libertad, sin presi\u00f3n de corporaci\u00f3n medi\u00e1tica alguna, ni de intereses econ\u00f3micos y pol\u00edticos. Las experiencias productivas ser\u00e1n una constante en este portal, porque nos interesa mostrar las iniciativas que llevan adelante los emprendedores y que son dignas de replicar en alguna latitud de nuestro pa\u00eds.","publisher":{"@id":"https:\/\/cambioagropecuario.com\/#organization"},"potentialAction":[{"@type":"SearchAction","target":{"@type":"EntryPoint","urlTemplate":"https:\/\/cambioagropecuario.com\/?s={search_term_string}"},"query-input":"required name=search_term_string"}],"inLanguage":"es"},{"@type":"Organization","@id":"https:\/\/cambioagropecuario.com\/#organization","name":"Cambio Agropecuario","url":"https:\/\/cambioagropecuario.com\/","logo":{"@type":"ImageObject","inLanguage":"es","@id":"https:\/\/cambioagropecuario.com\/#\/schema\/logo\/image\/","url":"https:\/\/cambioagropecuario.com\/wp-content\/uploads\/2021\/11\/cropped-Sin-titulo-1-1.png","contentUrl":"https:\/\/cambioagropecuario.com\/wp-content\/uploads\/2021\/11\/cropped-Sin-titulo-1-1.png","width":512,"height":512,"caption":"Cambio Agropecuario"},"image":{"@id":"https:\/\/cambioagropecuario.com\/#\/schema\/logo\/image\/"},"sameAs":["https:\/\/www.facebook.com\/cambio.agropecuario","https:\/\/www.youtube.com\/user\/cambioagropecuariotv"]},{"@type":"Person","@id":"https:\/\/cambioagropecuario.com\/#\/schema\/person\/24cfd493eaf12ce5568e4f89cfaa3b8a","name":"Jorge Lopez","image":{"@type":"ImageObject","inLanguage":"es","@id":"https:\/\/cambioagropecuario.com\/#\/schema\/person\/image\/","url":"https:\/\/secure.gravatar.com\/avatar\/775b1c76ac22bc240f9c49041d7dc067?s=96&d=mm&r=g","contentUrl":"https:\/\/secure.gravatar.com\/avatar\/775b1c76ac22bc240f9c49041d7dc067?s=96&d=mm&r=g","caption":"Jorge Lopez"},"url":"https:\/\/cambioagropecuario.com\/index.php\/author\/jorge\/"}]}},"jetpack_sharing_enabled":true,"featured_image_urls":{"full":["https:\/\/i0.wp.com\/cambioagropecuario.com\/wp-content\/uploads\/2022\/02\/99C0A1C8-57EA-4585-B6C5-180F09178E66.jpeg?fit=1024%2C768&ssl=1",1024,768,false],"thumbnail":["https:\/\/i0.wp.com\/cambioagropecuario.com\/wp-content\/uploads\/2022\/02\/99C0A1C8-57EA-4585-B6C5-180F09178E66.jpeg?resize=150%2C150&ssl=1",150,150,true],"medium":["https:\/\/i0.wp.com\/cambioagropecuario.com\/wp-content\/uploads\/2022\/02\/99C0A1C8-57EA-4585-B6C5-180F09178E66.jpeg?fit=300%2C225&ssl=1",300,225,true],"medium_large":["https:\/\/i0.wp.com\/cambioagropecuario.com\/wp-content\/uploads\/2022\/02\/99C0A1C8-57EA-4585-B6C5-180F09178E66.jpeg?fit=768%2C576&ssl=1",768,576,true],"large":["https:\/\/i0.wp.com\/cambioagropecuario.com\/wp-content\/uploads\/2022\/02\/99C0A1C8-57EA-4585-B6C5-180F09178E66.jpeg?fit=800%2C600&ssl=1",800,600,true],"1536x1536":["https:\/\/i0.wp.com\/cambioagropecuario.com\/wp-content\/uploads\/2022\/02\/99C0A1C8-57EA-4585-B6C5-180F09178E66.jpeg?fit=1024%2C768&ssl=1",1024,768,true],"2048x2048":["https:\/\/i0.wp.com\/cambioagropecuario.com\/wp-content\/uploads\/2022\/02\/99C0A1C8-57EA-4585-B6C5-180F09178E66.jpeg?fit=1024%2C768&ssl=1",1024,768,true]},"author_info":{"display_name":"Jorge Lopez","author_link":"https:\/\/cambioagropecuario.com\/index.php\/author\/jorge\/"},"category_info":"<a href=\"https:\/\/cambioagropecuario.com\/index.php\/category\/sin-categoria\/\" rel=\"category tag\">Sin categor\u00eda<\/a>","tag_info":"Sin categor\u00eda","comment_count":"0","jetpack_featured_media_url":"https:\/\/i0.wp.com\/cambioagropecuario.com\/wp-content\/uploads\/2022\/02\/99C0A1C8-57EA-4585-B6C5-180F09178E66.jpeg?fit=1024%2C768&ssl=1","_links":{"self":[{"href":"https:\/\/cambioagropecuario.com\/index.php\/wp-json\/wp\/v2\/posts\/459","targetHints":{"allow":["GET"]}}],"collection":[{"href":"https:\/\/cambioagropecuario.com\/index.php\/wp-json\/wp\/v2\/posts"}],"about":[{"href":"https:\/\/cambioagropecuario.com\/index.php\/wp-json\/wp\/v2\/types\/post"}],"author":[{"embeddable":true,"href":"https:\/\/cambioagropecuario.com\/index.php\/wp-json\/wp\/v2\/users\/2"}],"replies":[{"embeddable":true,"href":"https:\/\/cambioagropecuario.com\/index.php\/wp-json\/wp\/v2\/comments?post=459"}],"version-history":[{"count":1,"href":"https:\/\/cambioagropecuario.com\/index.php\/wp-json\/wp\/v2\/posts\/459\/revisions"}],"predecessor-version":[{"id":461,"href":"https:\/\/cambioagropecuario.com\/index.php\/wp-json\/wp\/v2\/posts\/459\/revisions\/461"}],"wp:featuredmedia":[{"embeddable":true,"href":"https:\/\/cambioagropecuario.com\/index.php\/wp-json\/wp\/v2\/media\/460"}],"wp:attachment":[{"href":"https:\/\/cambioagropecuario.com\/index.php\/wp-json\/wp\/v2\/media?parent=459"}],"wp:term":[{"taxonomy":"category","embeddable":true,"href":"https:\/\/cambioagropecuario.com\/index.php\/wp-json\/wp\/v2\/categories?post=459"},{"taxonomy":"post_tag","embeddable":true,"href":"https:\/\/cambioagropecuario.com\/index.php\/wp-json\/wp\/v2\/tags?post=459"}],"curies":[{"name":"wp","href":"https:\/\/api.w.org\/{rel}","templated":true}]}}