{"id":446,"date":"2022-02-25T00:12:52","date_gmt":"2022-02-25T00:12:52","guid":{"rendered":"https:\/\/cambioagropecuario.com\/?p=446"},"modified":"2022-02-25T00:12:53","modified_gmt":"2022-02-25T00:12:53","slug":"se-extendera-la-nina-hasta-mayo-afectando-la-siembra-del-trigo","status":"publish","type":"post","link":"https:\/\/cambioagropecuario.com\/index.php\/2022\/02\/25\/se-extendera-la-nina-hasta-mayo-afectando-la-siembra-del-trigo\/","title":{"rendered":"\u00bfSe extender\u00e1 \u201cLa Ni\u00f1a\u201d hasta mayo afectando la siembra del trigo?"},"content":{"rendered":"\n<p>No solo el final de la campa\u00f1a de granos gruesos quedar\u00eda alcanzado por&nbsp;<strong>\u201cLa Ni\u00f1a\u201d<\/strong>, lo cual no se preve\u00eda hace dos meses. La \u00faltima correcci\u00f3n de la Oficina Nacional de Administraci\u00f3n Oce\u00e1nica y Atmosf\u00e9rica de Estados Unidos (<strong>NOAA,&nbsp;<\/strong>por su sigla en ingl\u00e9s), vuelve a correr hacia adelante los efectos de este fen\u00f3meno clim\u00e1tico, que ya&nbsp;<strong>\u201cse solapa con la fecha de siembra triguera argentina\u201d<\/strong>, inform\u00f3 la Bolsa de Comercio de Rosario (BCR).<\/p>\n\n\n\n<p>El consultor de la Gu\u00eda Estrat\u00e9gica para el Agro (GEA) de la BCR,&nbsp;<strong>Alfredo<\/strong>&nbsp;<strong>Elorriaga<\/strong><em><strong>,<\/strong><\/em>&nbsp;explic\u00f3: \u201cLa NOAA acaba de publicar una nueva correcci\u00f3n de las proyecciones, que extiende la presencia del evento Ni\u00f1a con una&nbsp;<strong>probabilidad del 77 % hasta marzo o mayo del 2022<\/strong>, y una transici\u00f3n a la neutralidad, con un 56 % de probabilidad, entre mayo y julio del 2022\u2033.<\/p>\n\n\n\n<p>Desde la entidad santafesina comentaron que<strong>&nbsp;esto es \u201cun grave problema para el trigo 2022\/23\u2033<\/strong>, porque as\u00ed \u201chabr\u00e1 menos chances\u201d de que las recargas del oto\u00f1o reviertan la falta de agua del final de la gruesa 2021\/22. \u201cAl afectar negativamente las condiciones de siembra del trigo,&nbsp;<strong>puede haber un fuerte factor de ajuste de \u00e1rea<\/strong>\u201d, indicaron.<\/p>\n\n\n\n<p>Elorriaga tambi\u00e9n se\u00f1al\u00f3 que el problema del pr\u00f3ximo a\u00f1o productivo es que \u201csi bien es prematuro tratar de definir cu\u00e1l ser\u00e1 el comportamiento de los forzantes de escala planetaria de cara al invierno en Argentina, algo es seguro: con los indicadores actuales&nbsp;<strong>podemos descartar por completo un evento&nbsp;<\/strong>\u2018<strong>Ni\u00f1o<\/strong>\u2019<strong>&nbsp;para la campa\u00f1a 2022\/23<\/strong>. Esa es la \u00fanica condici\u00f3n que podr\u00eda compensar favorablemente la falta de agua que dejan estas dos \u2018Ni\u00f1as\u2019 consecutivas\u201d.<\/p>\n\n\n\n<h4 class=\"wp-block-heading\"><strong>El ma\u00edz temprano con apenas 40 quintales por hect\u00e1rea<\/strong><\/h4>\n\n\n\n<p>Por otra parte, en este contexto de inconvenientes clim\u00e1ticos, la BCR se\u00f1al\u00f3 que la primera tanda maicera cosechada en la zona n\u00facleo, casi&nbsp;<strong>275 mil hect\u00e1reas<\/strong>, est\u00e1 promediando&nbsp;<strong>40 quintales por hect\u00e1rea<\/strong>. \u201cLa primera sorpresa es que&nbsp;<strong>los rindes son m\u00e1s bajos que los estimados<\/strong>, si bien se tratan de lotes muy afectados, y la segunda es que se adelant\u00f3 30 d\u00edas la cosecha respecto de hace un a\u00f1o\u201d, se\u00f1alaron. (Fuente: TNcampo)<\/p>\n","protected":false},"excerpt":{"rendered":"<p>No solo el final de la campa\u00f1a de granos gruesos quedar\u00eda alcanzado por&nbsp;\u201cLa Ni\u00f1a\u201d, lo cual no se preve\u00eda hace dos meses. La \u00faltima correcci\u00f3n de la Oficina Nacional de Administraci\u00f3n Oce\u00e1nica y Atmosf\u00e9rica de Estados Unidos (NOAA,&nbsp;por su sigla en ingl\u00e9s), vuelve a correr hacia adelante los efectos de este fen\u00f3meno clim\u00e1tico, que ya&nbsp;\u201cse [&hellip;]<\/p>\n","protected":false},"author":2,"featured_media":447,"comment_status":"closed","ping_status":"open","sticky":false,"template":"","format":"standard","meta":{"footnotes":""},"categories":[18],"tags":[],"class_list":["post-446","post","type-post","status-publish","format-standard","has-post-thumbnail","hentry","category-noticias"],"yoast_head":"<!-- This site is optimized with the Yoast SEO plugin v21.6 - https:\/\/yoast.com\/wordpress\/plugins\/seo\/ -->\n<title>\u00bfSe extender\u00e1 \u201cLa Ni\u00f1a\u201d hasta mayo afectando la siembra del trigo? - Cambio Agropecuario<\/title>\n<meta name=\"robots\" content=\"index, follow, max-snippet:-1, max-image-preview:large, max-video-preview:-1\" \/>\n<link rel=\"canonical\" href=\"https:\/\/cambioagropecuario.com\/index.php\/2022\/02\/25\/se-extendera-la-nina-hasta-mayo-afectando-la-siembra-del-trigo\/\" \/>\n<meta property=\"og:locale\" content=\"es_ES\" \/>\n<meta property=\"og:type\" content=\"article\" \/>\n<meta property=\"og:title\" content=\"\u00bfSe extender\u00e1 \u201cLa Ni\u00f1a\u201d hasta mayo afectando la siembra del trigo? - Cambio Agropecuario\" \/>\n<meta property=\"og:description\" content=\"No solo el final de la campa\u00f1a de granos gruesos quedar\u00eda alcanzado por&nbsp;\u201cLa Ni\u00f1a\u201d, lo cual no se preve\u00eda hace dos meses. La \u00faltima correcci\u00f3n de la Oficina Nacional de Administraci\u00f3n Oce\u00e1nica y Atmosf\u00e9rica de Estados Unidos (NOAA,&nbsp;por su sigla en ingl\u00e9s), vuelve a correr hacia adelante los efectos de este fen\u00f3meno clim\u00e1tico, que ya&nbsp;\u201cse [&hellip;]\" \/>\n<meta property=\"og:url\" content=\"https:\/\/cambioagropecuario.com\/index.php\/2022\/02\/25\/se-extendera-la-nina-hasta-mayo-afectando-la-siembra-del-trigo\/\" \/>\n<meta property=\"og:site_name\" content=\"Cambio Agropecuario\" \/>\n<meta property=\"article:publisher\" content=\"https:\/\/www.facebook.com\/cambio.agropecuario\" \/>\n<meta property=\"article:published_time\" content=\"2022-02-25T00:12:52+00:00\" \/>\n<meta property=\"article:modified_time\" content=\"2022-02-25T00:12:53+00:00\" \/>\n<meta property=\"og:image\" content=\"https:\/\/cambioagropecuario.com\/wp-content\/uploads\/2022\/02\/FBE35B2E-50E5-481F-A447-F2D4D27AC608.jpeg\" \/>\n\t<meta property=\"og:image:width\" content=\"1024\" \/>\n\t<meta property=\"og:image:height\" content=\"576\" \/>\n\t<meta property=\"og:image:type\" content=\"image\/jpeg\" \/>\n<meta name=\"author\" content=\"Jorge Lopez\" \/>\n<meta name=\"twitter:card\" content=\"summary_large_image\" \/>\n<meta name=\"twitter:label1\" content=\"Escrito por\" \/>\n\t<meta name=\"twitter:data1\" content=\"Jorge Lopez\" \/>\n\t<meta name=\"twitter:label2\" content=\"Tiempo de lectura\" \/>\n\t<meta name=\"twitter:data2\" content=\"2 minutos\" \/>\n<script type=\"application\/ld+json\" class=\"yoast-schema-graph\">{\"@context\":\"https:\/\/schema.org\",\"@graph\":[{\"@type\":\"Article\",\"@id\":\"https:\/\/cambioagropecuario.com\/index.php\/2022\/02\/25\/se-extendera-la-nina-hasta-mayo-afectando-la-siembra-del-trigo\/#article\",\"isPartOf\":{\"@id\":\"https:\/\/cambioagropecuario.com\/index.php\/2022\/02\/25\/se-extendera-la-nina-hasta-mayo-afectando-la-siembra-del-trigo\/\"},\"author\":{\"name\":\"Jorge Lopez\",\"@id\":\"https:\/\/cambioagropecuario.com\/#\/schema\/person\/24cfd493eaf12ce5568e4f89cfaa3b8a\"},\"headline\":\"\u00bfSe extender\u00e1 \u201cLa Ni\u00f1a\u201d hasta mayo afectando la siembra del trigo?\",\"datePublished\":\"2022-02-25T00:12:52+00:00\",\"dateModified\":\"2022-02-25T00:12:53+00:00\",\"mainEntityOfPage\":{\"@id\":\"https:\/\/cambioagropecuario.com\/index.php\/2022\/02\/25\/se-extendera-la-nina-hasta-mayo-afectando-la-siembra-del-trigo\/\"},\"wordCount\":399,\"publisher\":{\"@id\":\"https:\/\/cambioagropecuario.com\/#organization\"},\"articleSection\":[\"Noticias\"],\"inLanguage\":\"es\"},{\"@type\":\"WebPage\",\"@id\":\"https:\/\/cambioagropecuario.com\/index.php\/2022\/02\/25\/se-extendera-la-nina-hasta-mayo-afectando-la-siembra-del-trigo\/\",\"url\":\"https:\/\/cambioagropecuario.com\/index.php\/2022\/02\/25\/se-extendera-la-nina-hasta-mayo-afectando-la-siembra-del-trigo\/\",\"name\":\"\u00bfSe extender\u00e1 \u201cLa Ni\u00f1a\u201d hasta mayo afectando la siembra del trigo? - Cambio Agropecuario\",\"isPartOf\":{\"@id\":\"https:\/\/cambioagropecuario.com\/#website\"},\"datePublished\":\"2022-02-25T00:12:52+00:00\",\"dateModified\":\"2022-02-25T00:12:53+00:00\",\"breadcrumb\":{\"@id\":\"https:\/\/cambioagropecuario.com\/index.php\/2022\/02\/25\/se-extendera-la-nina-hasta-mayo-afectando-la-siembra-del-trigo\/#breadcrumb\"},\"inLanguage\":\"es\",\"potentialAction\":[{\"@type\":\"ReadAction\",\"target\":[\"https:\/\/cambioagropecuario.com\/index.php\/2022\/02\/25\/se-extendera-la-nina-hasta-mayo-afectando-la-siembra-del-trigo\/\"]}]},{\"@type\":\"BreadcrumbList\",\"@id\":\"https:\/\/cambioagropecuario.com\/index.php\/2022\/02\/25\/se-extendera-la-nina-hasta-mayo-afectando-la-siembra-del-trigo\/#breadcrumb\",\"itemListElement\":[{\"@type\":\"ListItem\",\"position\":1,\"name\":\"Portada\",\"item\":\"https:\/\/cambioagropecuario.com\/\"},{\"@type\":\"ListItem\",\"position\":2,\"name\":\"\u00bfSe extender\u00e1 \u201cLa Ni\u00f1a\u201d hasta mayo afectando la siembra del trigo?\"}]},{\"@type\":\"WebSite\",\"@id\":\"https:\/\/cambioagropecuario.com\/#website\",\"url\":\"https:\/\/cambioagropecuario.com\/\",\"name\":\"Cambio Agropecuario\",\"description\":\"Cambio Agropecuario es un portal de informaci\u00f3n objetiva y veraz del sector Agroproductivo de la Rep\u00fablica Argentina. Lejos de nuestro esp\u00edritu est\u00e1 el hecho de publicar noticias con un sesgo pol\u00edtico que no contribuya a enaltecer el desarrollo de las producciones agr\u00edcolas y pecuarias. Publicamos en libertad, sin presi\u00f3n de corporaci\u00f3n medi\u00e1tica alguna, ni de intereses econ\u00f3micos y pol\u00edticos. Las experiencias productivas ser\u00e1n una constante en este portal, porque nos interesa mostrar las iniciativas que llevan adelante los emprendedores y que son dignas de replicar en alguna latitud de nuestro pa\u00eds.\",\"publisher\":{\"@id\":\"https:\/\/cambioagropecuario.com\/#organization\"},\"potentialAction\":[{\"@type\":\"SearchAction\",\"target\":{\"@type\":\"EntryPoint\",\"urlTemplate\":\"https:\/\/cambioagropecuario.com\/?s={search_term_string}\"},\"query-input\":\"required name=search_term_string\"}],\"inLanguage\":\"es\"},{\"@type\":\"Organization\",\"@id\":\"https:\/\/cambioagropecuario.com\/#organization\",\"name\":\"Cambio Agropecuario\",\"url\":\"https:\/\/cambioagropecuario.com\/\",\"logo\":{\"@type\":\"ImageObject\",\"inLanguage\":\"es\",\"@id\":\"https:\/\/cambioagropecuario.com\/#\/schema\/logo\/image\/\",\"url\":\"https:\/\/cambioagropecuario.com\/wp-content\/uploads\/2021\/11\/cropped-Sin-titulo-1-1.png\",\"contentUrl\":\"https:\/\/cambioagropecuario.com\/wp-content\/uploads\/2021\/11\/cropped-Sin-titulo-1-1.png\",\"width\":512,\"height\":512,\"caption\":\"Cambio Agropecuario\"},\"image\":{\"@id\":\"https:\/\/cambioagropecuario.com\/#\/schema\/logo\/image\/\"},\"sameAs\":[\"https:\/\/www.facebook.com\/cambio.agropecuario\",\"https:\/\/www.youtube.com\/user\/cambioagropecuariotv\"]},{\"@type\":\"Person\",\"@id\":\"https:\/\/cambioagropecuario.com\/#\/schema\/person\/24cfd493eaf12ce5568e4f89cfaa3b8a\",\"name\":\"Jorge Lopez\",\"image\":{\"@type\":\"ImageObject\",\"inLanguage\":\"es\",\"@id\":\"https:\/\/cambioagropecuario.com\/#\/schema\/person\/image\/\",\"url\":\"https:\/\/secure.gravatar.com\/avatar\/775b1c76ac22bc240f9c49041d7dc067?s=96&d=mm&r=g\",\"contentUrl\":\"https:\/\/secure.gravatar.com\/avatar\/775b1c76ac22bc240f9c49041d7dc067?s=96&d=mm&r=g\",\"caption\":\"Jorge Lopez\"},\"url\":\"https:\/\/cambioagropecuario.com\/index.php\/author\/jorge\/\"}]}<\/script>\n<!-- \/ Yoast SEO plugin. -->","yoast_head_json":{"title":"\u00bfSe extender\u00e1 \u201cLa Ni\u00f1a\u201d hasta mayo afectando la siembra del trigo? - Cambio Agropecuario","robots":{"index":"index","follow":"follow","max-snippet":"max-snippet:-1","max-image-preview":"max-image-preview:large","max-video-preview":"max-video-preview:-1"},"canonical":"https:\/\/cambioagropecuario.com\/index.php\/2022\/02\/25\/se-extendera-la-nina-hasta-mayo-afectando-la-siembra-del-trigo\/","og_locale":"es_ES","og_type":"article","og_title":"\u00bfSe extender\u00e1 \u201cLa Ni\u00f1a\u201d hasta mayo afectando la siembra del trigo? - Cambio Agropecuario","og_description":"No solo el final de la campa\u00f1a de granos gruesos quedar\u00eda alcanzado por&nbsp;\u201cLa Ni\u00f1a\u201d, lo cual no se preve\u00eda hace dos meses. La \u00faltima correcci\u00f3n de la Oficina Nacional de Administraci\u00f3n Oce\u00e1nica y Atmosf\u00e9rica de Estados Unidos (NOAA,&nbsp;por su sigla en ingl\u00e9s), vuelve a correr hacia adelante los efectos de este fen\u00f3meno clim\u00e1tico, que ya&nbsp;\u201cse [&hellip;]","og_url":"https:\/\/cambioagropecuario.com\/index.php\/2022\/02\/25\/se-extendera-la-nina-hasta-mayo-afectando-la-siembra-del-trigo\/","og_site_name":"Cambio Agropecuario","article_publisher":"https:\/\/www.facebook.com\/cambio.agropecuario","article_published_time":"2022-02-25T00:12:52+00:00","article_modified_time":"2022-02-25T00:12:53+00:00","og_image":[{"width":1024,"height":576,"url":"https:\/\/cambioagropecuario.com\/wp-content\/uploads\/2022\/02\/FBE35B2E-50E5-481F-A447-F2D4D27AC608.jpeg","type":"image\/jpeg"}],"author":"Jorge Lopez","twitter_card":"summary_large_image","twitter_misc":{"Escrito por":"Jorge Lopez","Tiempo de lectura":"2 minutos"},"schema":{"@context":"https:\/\/schema.org","@graph":[{"@type":"Article","@id":"https:\/\/cambioagropecuario.com\/index.php\/2022\/02\/25\/se-extendera-la-nina-hasta-mayo-afectando-la-siembra-del-trigo\/#article","isPartOf":{"@id":"https:\/\/cambioagropecuario.com\/index.php\/2022\/02\/25\/se-extendera-la-nina-hasta-mayo-afectando-la-siembra-del-trigo\/"},"author":{"name":"Jorge Lopez","@id":"https:\/\/cambioagropecuario.com\/#\/schema\/person\/24cfd493eaf12ce5568e4f89cfaa3b8a"},"headline":"\u00bfSe extender\u00e1 \u201cLa Ni\u00f1a\u201d hasta mayo afectando la siembra del trigo?","datePublished":"2022-02-25T00:12:52+00:00","dateModified":"2022-02-25T00:12:53+00:00","mainEntityOfPage":{"@id":"https:\/\/cambioagropecuario.com\/index.php\/2022\/02\/25\/se-extendera-la-nina-hasta-mayo-afectando-la-siembra-del-trigo\/"},"wordCount":399,"publisher":{"@id":"https:\/\/cambioagropecuario.com\/#organization"},"articleSection":["Noticias"],"inLanguage":"es"},{"@type":"WebPage","@id":"https:\/\/cambioagropecuario.com\/index.php\/2022\/02\/25\/se-extendera-la-nina-hasta-mayo-afectando-la-siembra-del-trigo\/","url":"https:\/\/cambioagropecuario.com\/index.php\/2022\/02\/25\/se-extendera-la-nina-hasta-mayo-afectando-la-siembra-del-trigo\/","name":"\u00bfSe extender\u00e1 \u201cLa Ni\u00f1a\u201d hasta mayo afectando la siembra del trigo? - Cambio Agropecuario","isPartOf":{"@id":"https:\/\/cambioagropecuario.com\/#website"},"datePublished":"2022-02-25T00:12:52+00:00","dateModified":"2022-02-25T00:12:53+00:00","breadcrumb":{"@id":"https:\/\/cambioagropecuario.com\/index.php\/2022\/02\/25\/se-extendera-la-nina-hasta-mayo-afectando-la-siembra-del-trigo\/#breadcrumb"},"inLanguage":"es","potentialAction":[{"@type":"ReadAction","target":["https:\/\/cambioagropecuario.com\/index.php\/2022\/02\/25\/se-extendera-la-nina-hasta-mayo-afectando-la-siembra-del-trigo\/"]}]},{"@type":"BreadcrumbList","@id":"https:\/\/cambioagropecuario.com\/index.php\/2022\/02\/25\/se-extendera-la-nina-hasta-mayo-afectando-la-siembra-del-trigo\/#breadcrumb","itemListElement":[{"@type":"ListItem","position":1,"name":"Portada","item":"https:\/\/cambioagropecuario.com\/"},{"@type":"ListItem","position":2,"name":"\u00bfSe extender\u00e1 \u201cLa Ni\u00f1a\u201d hasta mayo afectando la siembra del trigo?"}]},{"@type":"WebSite","@id":"https:\/\/cambioagropecuario.com\/#website","url":"https:\/\/cambioagropecuario.com\/","name":"Cambio Agropecuario","description":"Cambio Agropecuario es un portal de informaci\u00f3n objetiva y veraz del sector Agroproductivo de la Rep\u00fablica Argentina. Lejos de nuestro esp\u00edritu est\u00e1 el hecho de publicar noticias con un sesgo pol\u00edtico que no contribuya a enaltecer el desarrollo de las producciones agr\u00edcolas y pecuarias. Publicamos en libertad, sin presi\u00f3n de corporaci\u00f3n medi\u00e1tica alguna, ni de intereses econ\u00f3micos y pol\u00edticos. Las experiencias productivas ser\u00e1n una constante en este portal, porque nos interesa mostrar las iniciativas que llevan adelante los emprendedores y que son dignas de replicar en alguna latitud de nuestro pa\u00eds.","publisher":{"@id":"https:\/\/cambioagropecuario.com\/#organization"},"potentialAction":[{"@type":"SearchAction","target":{"@type":"EntryPoint","urlTemplate":"https:\/\/cambioagropecuario.com\/?s={search_term_string}"},"query-input":"required name=search_term_string"}],"inLanguage":"es"},{"@type":"Organization","@id":"https:\/\/cambioagropecuario.com\/#organization","name":"Cambio Agropecuario","url":"https:\/\/cambioagropecuario.com\/","logo":{"@type":"ImageObject","inLanguage":"es","@id":"https:\/\/cambioagropecuario.com\/#\/schema\/logo\/image\/","url":"https:\/\/cambioagropecuario.com\/wp-content\/uploads\/2021\/11\/cropped-Sin-titulo-1-1.png","contentUrl":"https:\/\/cambioagropecuario.com\/wp-content\/uploads\/2021\/11\/cropped-Sin-titulo-1-1.png","width":512,"height":512,"caption":"Cambio Agropecuario"},"image":{"@id":"https:\/\/cambioagropecuario.com\/#\/schema\/logo\/image\/"},"sameAs":["https:\/\/www.facebook.com\/cambio.agropecuario","https:\/\/www.youtube.com\/user\/cambioagropecuariotv"]},{"@type":"Person","@id":"https:\/\/cambioagropecuario.com\/#\/schema\/person\/24cfd493eaf12ce5568e4f89cfaa3b8a","name":"Jorge Lopez","image":{"@type":"ImageObject","inLanguage":"es","@id":"https:\/\/cambioagropecuario.com\/#\/schema\/person\/image\/","url":"https:\/\/secure.gravatar.com\/avatar\/775b1c76ac22bc240f9c49041d7dc067?s=96&d=mm&r=g","contentUrl":"https:\/\/secure.gravatar.com\/avatar\/775b1c76ac22bc240f9c49041d7dc067?s=96&d=mm&r=g","caption":"Jorge Lopez"},"url":"https:\/\/cambioagropecuario.com\/index.php\/author\/jorge\/"}]}},"jetpack_sharing_enabled":true,"featured_image_urls":{"full":["https:\/\/i0.wp.com\/cambioagropecuario.com\/wp-content\/uploads\/2022\/02\/FBE35B2E-50E5-481F-A447-F2D4D27AC608.jpeg?fit=1024%2C576&ssl=1",1024,576,false],"thumbnail":["https:\/\/i0.wp.com\/cambioagropecuario.com\/wp-content\/uploads\/2022\/02\/FBE35B2E-50E5-481F-A447-F2D4D27AC608.jpeg?resize=150%2C150&ssl=1",150,150,true],"medium":["https:\/\/i0.wp.com\/cambioagropecuario.com\/wp-content\/uploads\/2022\/02\/FBE35B2E-50E5-481F-A447-F2D4D27AC608.jpeg?fit=300%2C169&ssl=1",300,169,true],"medium_large":["https:\/\/i0.wp.com\/cambioagropecuario.com\/wp-content\/uploads\/2022\/02\/FBE35B2E-50E5-481F-A447-F2D4D27AC608.jpeg?fit=768%2C432&ssl=1",768,432,true],"large":["https:\/\/i0.wp.com\/cambioagropecuario.com\/wp-content\/uploads\/2022\/02\/FBE35B2E-50E5-481F-A447-F2D4D27AC608.jpeg?fit=800%2C450&ssl=1",800,450,true],"1536x1536":["https:\/\/i0.wp.com\/cambioagropecuario.com\/wp-content\/uploads\/2022\/02\/FBE35B2E-50E5-481F-A447-F2D4D27AC608.jpeg?fit=1024%2C576&ssl=1",1024,576,true],"2048x2048":["https:\/\/i0.wp.com\/cambioagropecuario.com\/wp-content\/uploads\/2022\/02\/FBE35B2E-50E5-481F-A447-F2D4D27AC608.jpeg?fit=1024%2C576&ssl=1",1024,576,true]},"author_info":{"display_name":"Jorge Lopez","author_link":"https:\/\/cambioagropecuario.com\/index.php\/author\/jorge\/"},"category_info":"<a href=\"https:\/\/cambioagropecuario.com\/index.php\/category\/noticias\/\" rel=\"category tag\">Noticias<\/a>","tag_info":"Noticias","comment_count":"0","jetpack_featured_media_url":"https:\/\/i0.wp.com\/cambioagropecuario.com\/wp-content\/uploads\/2022\/02\/FBE35B2E-50E5-481F-A447-F2D4D27AC608.jpeg?fit=1024%2C576&ssl=1","_links":{"self":[{"href":"https:\/\/cambioagropecuario.com\/index.php\/wp-json\/wp\/v2\/posts\/446","targetHints":{"allow":["GET"]}}],"collection":[{"href":"https:\/\/cambioagropecuario.com\/index.php\/wp-json\/wp\/v2\/posts"}],"about":[{"href":"https:\/\/cambioagropecuario.com\/index.php\/wp-json\/wp\/v2\/types\/post"}],"author":[{"embeddable":true,"href":"https:\/\/cambioagropecuario.com\/index.php\/wp-json\/wp\/v2\/users\/2"}],"replies":[{"embeddable":true,"href":"https:\/\/cambioagropecuario.com\/index.php\/wp-json\/wp\/v2\/comments?post=446"}],"version-history":[{"count":1,"href":"https:\/\/cambioagropecuario.com\/index.php\/wp-json\/wp\/v2\/posts\/446\/revisions"}],"predecessor-version":[{"id":448,"href":"https:\/\/cambioagropecuario.com\/index.php\/wp-json\/wp\/v2\/posts\/446\/revisions\/448"}],"wp:featuredmedia":[{"embeddable":true,"href":"https:\/\/cambioagropecuario.com\/index.php\/wp-json\/wp\/v2\/media\/447"}],"wp:attachment":[{"href":"https:\/\/cambioagropecuario.com\/index.php\/wp-json\/wp\/v2\/media?parent=446"}],"wp:term":[{"taxonomy":"category","embeddable":true,"href":"https:\/\/cambioagropecuario.com\/index.php\/wp-json\/wp\/v2\/categories?post=446"},{"taxonomy":"post_tag","embeddable":true,"href":"https:\/\/cambioagropecuario.com\/index.php\/wp-json\/wp\/v2\/tags?post=446"}],"curies":[{"name":"wp","href":"https:\/\/api.w.org\/{rel}","templated":true}]}}