{"id":437,"date":"2022-02-24T20:03:39","date_gmt":"2022-02-24T20:03:39","guid":{"rendered":"https:\/\/cambioagropecuario.com\/?p=437"},"modified":"2022-02-24T20:03:41","modified_gmt":"2022-02-24T20:03:41","slug":"advierten-que-falta-de-fertilizantes-podria-generar-perdidas-en-produccion-de-trigo-y-maiz","status":"publish","type":"post","link":"https:\/\/cambioagropecuario.com\/index.php\/2022\/02\/24\/advierten-que-falta-de-fertilizantes-podria-generar-perdidas-en-produccion-de-trigo-y-maiz\/","title":{"rendered":"Advierten que falta de fertilizantes podr\u00eda generar p\u00e9rdidas en producci\u00f3n de trigo y ma\u00edz"},"content":{"rendered":"\n<p>La Bolsa de Comercio de Rosario (BCR) alert\u00f3 hoy sobre las consecuencias que podr\u00eda generar la restricci\u00f3n a la importaci\u00f3n de fertilizantes, tanto en la producci\u00f3n como en las exportaciones de trigo y ma\u00edz, con p\u00e9rdidas de recursos de hasta 4.576 millones de d\u00f3lares.<\/p>\n\n\n\n<p>\u00abAnte un potencial problema de falta de d\u00f3lares y restricciones a las importaciones de fertilizantes podr\u00eda darse un panorama complicado que generar\u00eda menos producci\u00f3n y ca\u00edda en las exportaciones del agro\u00bb, se advirti\u00f3 en un an\u00e1lisis de la Direcci\u00f3n de Informaciones y Estudios Econ\u00f3micos de la entidad.<\/p>\n\n\n\n<p>En el trabajo elaborado por Guido D&#8217;Angelo, Florencia Poeta, Emilce Terr\u00e9, Patricia Bergero y Julio Calzada, se alert\u00f3 sobre las consecuencias de esas restricciones \u00abante la posibilidad de que no pueda mantenerse un flujo \u00f3ptimo de importaciones de insumos y bienes de capital necesarios para consolidar los casi US$ 38.000 millones de exportaciones anuales que genera la venta de granos, harinas, aceites y biocombustibles\u00bb.<\/p>\n\n\n\n<p>Al respecto, los investigadores se\u00f1alaron que \u00ablas importaciones de fertilizantes est\u00e1n muy lejos de ser un factor de presi\u00f3n para la balanza de pagos argentina\u00bb y que, por el contrario, \u00abgenera mayores rindes y producci\u00f3n y, por ende, mayores exportaciones, nivel de actividad y recaudaci\u00f3n impositiva\u00bb.<\/p>\n\n\n\n<p>Por el creciente consumo de fertilizantes, la producci\u00f3n local es insuficiente para satisfacer la demanda y se requiere cada vez m\u00e1s importaciones de ese insumo para la producci\u00f3n agr\u00edcola.<\/p>\n\n\n\n<p>De todos modos, por el \u00abrobusto nivel de nutrientes de los suelos argentinos\u00bb la demanda no se condice con la relevancia del mercado agr\u00edcola nacional en el plano internacional, con apenas el 1% del consumo mundial.<\/p>\n\n\n\n<p>\u00abSin embargo, las necesidades de fertilizaci\u00f3n de los suelos argentinos son cada vez mayores, tanto sea para reposici\u00f3n de nutrientes para mantener los niveles de productividad, como para incrementar la producci\u00f3n y profundizar la aplicaci\u00f3n de tecnolog\u00eda en los diversos cultivos\u00bb, se\u00f1al\u00f3 la BCR.<\/p>\n\n\n\n<p>Por tal raz\u00f3n, la entidad advirti\u00f3 que \u00absi no se reinicia la importaci\u00f3n de fertilizantes en las pr\u00f3ximas semanas, comienza a correrse riesgos para su aplicaci\u00f3n en los cultivos argentinos\u00bb.<\/p>\n\n\n\n<p>En ese sentido, los investigadores de la BCR simularon dos escenarios, con una \u00abmoderada falta de fertilizantes\u00bb y con una \u00absituaci\u00f3n cr\u00edtica\u00bb.<\/p>\n\n\n\n<p>En el primer caso, se generar\u00edan ca\u00eddas del 21,4% en los rindes de trigo y del 13,4% en los de ma\u00edz, con una p\u00e9rdida conjunta de producci\u00f3n y exportaciones estimada en US$ 3.388 millones.<\/p>\n\n\n\n<p>En el escenario cr\u00edtico, habr\u00eda bajas del 26% en los rindes de trigo y del 19,4% en los de ma\u00edz, con una p\u00e9rdida global que ascender\u00eda a US$ 4.576 millones.<\/p>\n\n\n\n<p>\u00abOtro tema que no debe soslayarse es la inestable situaci\u00f3n pol\u00edtica internacional y el conflicto Rusia-Ucrania, que puede llegar a generar profundos cambios en el mercado mundial de fertilizantes, con impactos negativos sobre las importaciones argentinas y el aprovisionamiento en los pr\u00f3ximos meses\u00bb, a\u00f1adi\u00f3 la Bolsa rosarina. <\/p>\n\n\n\n<p>Fuente: Telam<\/p>\n","protected":false},"excerpt":{"rendered":"<p>La Bolsa de Comercio de Rosario (BCR) alert\u00f3 hoy sobre las consecuencias que podr\u00eda generar la restricci\u00f3n a la importaci\u00f3n de fertilizantes, tanto en la producci\u00f3n como en las exportaciones de trigo y ma\u00edz, con p\u00e9rdidas de recursos de hasta 4.576 millones de d\u00f3lares. \u00abAnte un potencial problema de falta de d\u00f3lares y restricciones a [&hellip;]<\/p>\n","protected":false},"author":2,"featured_media":438,"comment_status":"closed","ping_status":"open","sticky":false,"template":"","format":"standard","meta":{"footnotes":""},"categories":[9],"tags":[],"class_list":["post-437","post","type-post","status-publish","format-standard","has-post-thumbnail","hentry","category-agricultura"],"yoast_head":"<!-- This site is optimized with the Yoast SEO plugin v21.6 - https:\/\/yoast.com\/wordpress\/plugins\/seo\/ -->\n<title>Advierten que falta de fertilizantes podr\u00eda generar p\u00e9rdidas en producci\u00f3n de trigo y ma\u00edz - Cambio Agropecuario<\/title>\n<meta name=\"robots\" content=\"index, follow, max-snippet:-1, max-image-preview:large, max-video-preview:-1\" \/>\n<link rel=\"canonical\" href=\"https:\/\/cambioagropecuario.com\/index.php\/2022\/02\/24\/advierten-que-falta-de-fertilizantes-podria-generar-perdidas-en-produccion-de-trigo-y-maiz\/\" \/>\n<meta property=\"og:locale\" content=\"es_ES\" \/>\n<meta property=\"og:type\" content=\"article\" \/>\n<meta property=\"og:title\" content=\"Advierten que falta de fertilizantes podr\u00eda generar p\u00e9rdidas en producci\u00f3n de trigo y ma\u00edz - Cambio Agropecuario\" \/>\n<meta property=\"og:description\" content=\"La Bolsa de Comercio de Rosario (BCR) alert\u00f3 hoy sobre las consecuencias que podr\u00eda generar la restricci\u00f3n a la importaci\u00f3n de fertilizantes, tanto en la producci\u00f3n como en las exportaciones de trigo y ma\u00edz, con p\u00e9rdidas de recursos de hasta 4.576 millones de d\u00f3lares. \u00abAnte un potencial problema de falta de d\u00f3lares y restricciones a [&hellip;]\" \/>\n<meta property=\"og:url\" content=\"https:\/\/cambioagropecuario.com\/index.php\/2022\/02\/24\/advierten-que-falta-de-fertilizantes-podria-generar-perdidas-en-produccion-de-trigo-y-maiz\/\" \/>\n<meta property=\"og:site_name\" content=\"Cambio Agropecuario\" \/>\n<meta property=\"article:publisher\" content=\"https:\/\/www.facebook.com\/cambio.agropecuario\" \/>\n<meta property=\"article:published_time\" content=\"2022-02-24T20:03:39+00:00\" \/>\n<meta property=\"article:modified_time\" content=\"2022-02-24T20:03:41+00:00\" \/>\n<meta property=\"og:image\" content=\"https:\/\/cambioagropecuario.com\/wp-content\/uploads\/2022\/02\/33D3C370-FA2B-49E3-8F99-34B2260052FA.jpeg\" \/>\n\t<meta property=\"og:image:width\" content=\"1000\" \/>\n\t<meta property=\"og:image:height\" content=\"570\" \/>\n\t<meta property=\"og:image:type\" content=\"image\/jpeg\" \/>\n<meta name=\"author\" content=\"Jorge Lopez\" \/>\n<meta name=\"twitter:card\" content=\"summary_large_image\" \/>\n<meta name=\"twitter:label1\" content=\"Escrito por\" \/>\n\t<meta name=\"twitter:data1\" content=\"Jorge Lopez\" \/>\n\t<meta name=\"twitter:label2\" content=\"Tiempo de lectura\" \/>\n\t<meta name=\"twitter:data2\" content=\"3 minutos\" \/>\n<script type=\"application\/ld+json\" class=\"yoast-schema-graph\">{\"@context\":\"https:\/\/schema.org\",\"@graph\":[{\"@type\":\"Article\",\"@id\":\"https:\/\/cambioagropecuario.com\/index.php\/2022\/02\/24\/advierten-que-falta-de-fertilizantes-podria-generar-perdidas-en-produccion-de-trigo-y-maiz\/#article\",\"isPartOf\":{\"@id\":\"https:\/\/cambioagropecuario.com\/index.php\/2022\/02\/24\/advierten-que-falta-de-fertilizantes-podria-generar-perdidas-en-produccion-de-trigo-y-maiz\/\"},\"author\":{\"name\":\"Jorge Lopez\",\"@id\":\"https:\/\/cambioagropecuario.com\/#\/schema\/person\/24cfd493eaf12ce5568e4f89cfaa3b8a\"},\"headline\":\"Advierten que falta de fertilizantes podr\u00eda generar p\u00e9rdidas en producci\u00f3n de trigo y ma\u00edz\",\"datePublished\":\"2022-02-24T20:03:39+00:00\",\"dateModified\":\"2022-02-24T20:03:41+00:00\",\"mainEntityOfPage\":{\"@id\":\"https:\/\/cambioagropecuario.com\/index.php\/2022\/02\/24\/advierten-que-falta-de-fertilizantes-podria-generar-perdidas-en-produccion-de-trigo-y-maiz\/\"},\"wordCount\":535,\"publisher\":{\"@id\":\"https:\/\/cambioagropecuario.com\/#organization\"},\"articleSection\":[\"Agricultura\"],\"inLanguage\":\"es\"},{\"@type\":\"WebPage\",\"@id\":\"https:\/\/cambioagropecuario.com\/index.php\/2022\/02\/24\/advierten-que-falta-de-fertilizantes-podria-generar-perdidas-en-produccion-de-trigo-y-maiz\/\",\"url\":\"https:\/\/cambioagropecuario.com\/index.php\/2022\/02\/24\/advierten-que-falta-de-fertilizantes-podria-generar-perdidas-en-produccion-de-trigo-y-maiz\/\",\"name\":\"Advierten que falta de fertilizantes podr\u00eda generar p\u00e9rdidas en producci\u00f3n de trigo y ma\u00edz - Cambio Agropecuario\",\"isPartOf\":{\"@id\":\"https:\/\/cambioagropecuario.com\/#website\"},\"datePublished\":\"2022-02-24T20:03:39+00:00\",\"dateModified\":\"2022-02-24T20:03:41+00:00\",\"breadcrumb\":{\"@id\":\"https:\/\/cambioagropecuario.com\/index.php\/2022\/02\/24\/advierten-que-falta-de-fertilizantes-podria-generar-perdidas-en-produccion-de-trigo-y-maiz\/#breadcrumb\"},\"inLanguage\":\"es\",\"potentialAction\":[{\"@type\":\"ReadAction\",\"target\":[\"https:\/\/cambioagropecuario.com\/index.php\/2022\/02\/24\/advierten-que-falta-de-fertilizantes-podria-generar-perdidas-en-produccion-de-trigo-y-maiz\/\"]}]},{\"@type\":\"BreadcrumbList\",\"@id\":\"https:\/\/cambioagropecuario.com\/index.php\/2022\/02\/24\/advierten-que-falta-de-fertilizantes-podria-generar-perdidas-en-produccion-de-trigo-y-maiz\/#breadcrumb\",\"itemListElement\":[{\"@type\":\"ListItem\",\"position\":1,\"name\":\"Portada\",\"item\":\"https:\/\/cambioagropecuario.com\/\"},{\"@type\":\"ListItem\",\"position\":2,\"name\":\"Advierten que falta de fertilizantes podr\u00eda generar p\u00e9rdidas en producci\u00f3n de trigo y ma\u00edz\"}]},{\"@type\":\"WebSite\",\"@id\":\"https:\/\/cambioagropecuario.com\/#website\",\"url\":\"https:\/\/cambioagropecuario.com\/\",\"name\":\"Cambio Agropecuario\",\"description\":\"Cambio Agropecuario es un portal de informaci\u00f3n objetiva y veraz del sector Agroproductivo de la Rep\u00fablica Argentina. Lejos de nuestro esp\u00edritu est\u00e1 el hecho de publicar noticias con un sesgo pol\u00edtico que no contribuya a enaltecer el desarrollo de las producciones agr\u00edcolas y pecuarias. Publicamos en libertad, sin presi\u00f3n de corporaci\u00f3n medi\u00e1tica alguna, ni de intereses econ\u00f3micos y pol\u00edticos. Las experiencias productivas ser\u00e1n una constante en este portal, porque nos interesa mostrar las iniciativas que llevan adelante los emprendedores y que son dignas de replicar en alguna latitud de nuestro pa\u00eds.\",\"publisher\":{\"@id\":\"https:\/\/cambioagropecuario.com\/#organization\"},\"potentialAction\":[{\"@type\":\"SearchAction\",\"target\":{\"@type\":\"EntryPoint\",\"urlTemplate\":\"https:\/\/cambioagropecuario.com\/?s={search_term_string}\"},\"query-input\":\"required name=search_term_string\"}],\"inLanguage\":\"es\"},{\"@type\":\"Organization\",\"@id\":\"https:\/\/cambioagropecuario.com\/#organization\",\"name\":\"Cambio Agropecuario\",\"url\":\"https:\/\/cambioagropecuario.com\/\",\"logo\":{\"@type\":\"ImageObject\",\"inLanguage\":\"es\",\"@id\":\"https:\/\/cambioagropecuario.com\/#\/schema\/logo\/image\/\",\"url\":\"https:\/\/cambioagropecuario.com\/wp-content\/uploads\/2021\/11\/cropped-Sin-titulo-1-1.png\",\"contentUrl\":\"https:\/\/cambioagropecuario.com\/wp-content\/uploads\/2021\/11\/cropped-Sin-titulo-1-1.png\",\"width\":512,\"height\":512,\"caption\":\"Cambio Agropecuario\"},\"image\":{\"@id\":\"https:\/\/cambioagropecuario.com\/#\/schema\/logo\/image\/\"},\"sameAs\":[\"https:\/\/www.facebook.com\/cambio.agropecuario\",\"https:\/\/www.youtube.com\/user\/cambioagropecuariotv\"]},{\"@type\":\"Person\",\"@id\":\"https:\/\/cambioagropecuario.com\/#\/schema\/person\/24cfd493eaf12ce5568e4f89cfaa3b8a\",\"name\":\"Jorge Lopez\",\"image\":{\"@type\":\"ImageObject\",\"inLanguage\":\"es\",\"@id\":\"https:\/\/cambioagropecuario.com\/#\/schema\/person\/image\/\",\"url\":\"https:\/\/secure.gravatar.com\/avatar\/775b1c76ac22bc240f9c49041d7dc067?s=96&d=mm&r=g\",\"contentUrl\":\"https:\/\/secure.gravatar.com\/avatar\/775b1c76ac22bc240f9c49041d7dc067?s=96&d=mm&r=g\",\"caption\":\"Jorge Lopez\"},\"url\":\"https:\/\/cambioagropecuario.com\/index.php\/author\/jorge\/\"}]}<\/script>\n<!-- \/ Yoast SEO plugin. -->","yoast_head_json":{"title":"Advierten que falta de fertilizantes podr\u00eda generar p\u00e9rdidas en producci\u00f3n de trigo y ma\u00edz - Cambio Agropecuario","robots":{"index":"index","follow":"follow","max-snippet":"max-snippet:-1","max-image-preview":"max-image-preview:large","max-video-preview":"max-video-preview:-1"},"canonical":"https:\/\/cambioagropecuario.com\/index.php\/2022\/02\/24\/advierten-que-falta-de-fertilizantes-podria-generar-perdidas-en-produccion-de-trigo-y-maiz\/","og_locale":"es_ES","og_type":"article","og_title":"Advierten que falta de fertilizantes podr\u00eda generar p\u00e9rdidas en producci\u00f3n de trigo y ma\u00edz - Cambio Agropecuario","og_description":"La Bolsa de Comercio de Rosario (BCR) alert\u00f3 hoy sobre las consecuencias que podr\u00eda generar la restricci\u00f3n a la importaci\u00f3n de fertilizantes, tanto en la producci\u00f3n como en las exportaciones de trigo y ma\u00edz, con p\u00e9rdidas de recursos de hasta 4.576 millones de d\u00f3lares. \u00abAnte un potencial problema de falta de d\u00f3lares y restricciones a [&hellip;]","og_url":"https:\/\/cambioagropecuario.com\/index.php\/2022\/02\/24\/advierten-que-falta-de-fertilizantes-podria-generar-perdidas-en-produccion-de-trigo-y-maiz\/","og_site_name":"Cambio Agropecuario","article_publisher":"https:\/\/www.facebook.com\/cambio.agropecuario","article_published_time":"2022-02-24T20:03:39+00:00","article_modified_time":"2022-02-24T20:03:41+00:00","og_image":[{"width":1000,"height":570,"url":"https:\/\/cambioagropecuario.com\/wp-content\/uploads\/2022\/02\/33D3C370-FA2B-49E3-8F99-34B2260052FA.jpeg","type":"image\/jpeg"}],"author":"Jorge Lopez","twitter_card":"summary_large_image","twitter_misc":{"Escrito por":"Jorge Lopez","Tiempo de lectura":"3 minutos"},"schema":{"@context":"https:\/\/schema.org","@graph":[{"@type":"Article","@id":"https:\/\/cambioagropecuario.com\/index.php\/2022\/02\/24\/advierten-que-falta-de-fertilizantes-podria-generar-perdidas-en-produccion-de-trigo-y-maiz\/#article","isPartOf":{"@id":"https:\/\/cambioagropecuario.com\/index.php\/2022\/02\/24\/advierten-que-falta-de-fertilizantes-podria-generar-perdidas-en-produccion-de-trigo-y-maiz\/"},"author":{"name":"Jorge Lopez","@id":"https:\/\/cambioagropecuario.com\/#\/schema\/person\/24cfd493eaf12ce5568e4f89cfaa3b8a"},"headline":"Advierten que falta de fertilizantes podr\u00eda generar p\u00e9rdidas en producci\u00f3n de trigo y ma\u00edz","datePublished":"2022-02-24T20:03:39+00:00","dateModified":"2022-02-24T20:03:41+00:00","mainEntityOfPage":{"@id":"https:\/\/cambioagropecuario.com\/index.php\/2022\/02\/24\/advierten-que-falta-de-fertilizantes-podria-generar-perdidas-en-produccion-de-trigo-y-maiz\/"},"wordCount":535,"publisher":{"@id":"https:\/\/cambioagropecuario.com\/#organization"},"articleSection":["Agricultura"],"inLanguage":"es"},{"@type":"WebPage","@id":"https:\/\/cambioagropecuario.com\/index.php\/2022\/02\/24\/advierten-que-falta-de-fertilizantes-podria-generar-perdidas-en-produccion-de-trigo-y-maiz\/","url":"https:\/\/cambioagropecuario.com\/index.php\/2022\/02\/24\/advierten-que-falta-de-fertilizantes-podria-generar-perdidas-en-produccion-de-trigo-y-maiz\/","name":"Advierten que falta de fertilizantes podr\u00eda generar p\u00e9rdidas en producci\u00f3n de trigo y ma\u00edz - Cambio Agropecuario","isPartOf":{"@id":"https:\/\/cambioagropecuario.com\/#website"},"datePublished":"2022-02-24T20:03:39+00:00","dateModified":"2022-02-24T20:03:41+00:00","breadcrumb":{"@id":"https:\/\/cambioagropecuario.com\/index.php\/2022\/02\/24\/advierten-que-falta-de-fertilizantes-podria-generar-perdidas-en-produccion-de-trigo-y-maiz\/#breadcrumb"},"inLanguage":"es","potentialAction":[{"@type":"ReadAction","target":["https:\/\/cambioagropecuario.com\/index.php\/2022\/02\/24\/advierten-que-falta-de-fertilizantes-podria-generar-perdidas-en-produccion-de-trigo-y-maiz\/"]}]},{"@type":"BreadcrumbList","@id":"https:\/\/cambioagropecuario.com\/index.php\/2022\/02\/24\/advierten-que-falta-de-fertilizantes-podria-generar-perdidas-en-produccion-de-trigo-y-maiz\/#breadcrumb","itemListElement":[{"@type":"ListItem","position":1,"name":"Portada","item":"https:\/\/cambioagropecuario.com\/"},{"@type":"ListItem","position":2,"name":"Advierten que falta de fertilizantes podr\u00eda generar p\u00e9rdidas en producci\u00f3n de trigo y ma\u00edz"}]},{"@type":"WebSite","@id":"https:\/\/cambioagropecuario.com\/#website","url":"https:\/\/cambioagropecuario.com\/","name":"Cambio Agropecuario","description":"Cambio Agropecuario es un portal de informaci\u00f3n objetiva y veraz del sector Agroproductivo de la Rep\u00fablica Argentina. Lejos de nuestro esp\u00edritu est\u00e1 el hecho de publicar noticias con un sesgo pol\u00edtico que no contribuya a enaltecer el desarrollo de las producciones agr\u00edcolas y pecuarias. Publicamos en libertad, sin presi\u00f3n de corporaci\u00f3n medi\u00e1tica alguna, ni de intereses econ\u00f3micos y pol\u00edticos. Las experiencias productivas ser\u00e1n una constante en este portal, porque nos interesa mostrar las iniciativas que llevan adelante los emprendedores y que son dignas de replicar en alguna latitud de nuestro pa\u00eds.","publisher":{"@id":"https:\/\/cambioagropecuario.com\/#organization"},"potentialAction":[{"@type":"SearchAction","target":{"@type":"EntryPoint","urlTemplate":"https:\/\/cambioagropecuario.com\/?s={search_term_string}"},"query-input":"required name=search_term_string"}],"inLanguage":"es"},{"@type":"Organization","@id":"https:\/\/cambioagropecuario.com\/#organization","name":"Cambio Agropecuario","url":"https:\/\/cambioagropecuario.com\/","logo":{"@type":"ImageObject","inLanguage":"es","@id":"https:\/\/cambioagropecuario.com\/#\/schema\/logo\/image\/","url":"https:\/\/cambioagropecuario.com\/wp-content\/uploads\/2021\/11\/cropped-Sin-titulo-1-1.png","contentUrl":"https:\/\/cambioagropecuario.com\/wp-content\/uploads\/2021\/11\/cropped-Sin-titulo-1-1.png","width":512,"height":512,"caption":"Cambio Agropecuario"},"image":{"@id":"https:\/\/cambioagropecuario.com\/#\/schema\/logo\/image\/"},"sameAs":["https:\/\/www.facebook.com\/cambio.agropecuario","https:\/\/www.youtube.com\/user\/cambioagropecuariotv"]},{"@type":"Person","@id":"https:\/\/cambioagropecuario.com\/#\/schema\/person\/24cfd493eaf12ce5568e4f89cfaa3b8a","name":"Jorge Lopez","image":{"@type":"ImageObject","inLanguage":"es","@id":"https:\/\/cambioagropecuario.com\/#\/schema\/person\/image\/","url":"https:\/\/secure.gravatar.com\/avatar\/775b1c76ac22bc240f9c49041d7dc067?s=96&d=mm&r=g","contentUrl":"https:\/\/secure.gravatar.com\/avatar\/775b1c76ac22bc240f9c49041d7dc067?s=96&d=mm&r=g","caption":"Jorge Lopez"},"url":"https:\/\/cambioagropecuario.com\/index.php\/author\/jorge\/"}]}},"jetpack_sharing_enabled":true,"featured_image_urls":{"full":["https:\/\/i0.wp.com\/cambioagropecuario.com\/wp-content\/uploads\/2022\/02\/33D3C370-FA2B-49E3-8F99-34B2260052FA.jpeg?fit=1000%2C570&ssl=1",1000,570,false],"thumbnail":["https:\/\/i0.wp.com\/cambioagropecuario.com\/wp-content\/uploads\/2022\/02\/33D3C370-FA2B-49E3-8F99-34B2260052FA.jpeg?resize=150%2C150&ssl=1",150,150,true],"medium":["https:\/\/i0.wp.com\/cambioagropecuario.com\/wp-content\/uploads\/2022\/02\/33D3C370-FA2B-49E3-8F99-34B2260052FA.jpeg?fit=300%2C171&ssl=1",300,171,true],"medium_large":["https:\/\/i0.wp.com\/cambioagropecuario.com\/wp-content\/uploads\/2022\/02\/33D3C370-FA2B-49E3-8F99-34B2260052FA.jpeg?fit=768%2C438&ssl=1",768,438,true],"large":["https:\/\/i0.wp.com\/cambioagropecuario.com\/wp-content\/uploads\/2022\/02\/33D3C370-FA2B-49E3-8F99-34B2260052FA.jpeg?fit=800%2C456&ssl=1",800,456,true],"1536x1536":["https:\/\/i0.wp.com\/cambioagropecuario.com\/wp-content\/uploads\/2022\/02\/33D3C370-FA2B-49E3-8F99-34B2260052FA.jpeg?fit=1000%2C570&ssl=1",1000,570,true],"2048x2048":["https:\/\/i0.wp.com\/cambioagropecuario.com\/wp-content\/uploads\/2022\/02\/33D3C370-FA2B-49E3-8F99-34B2260052FA.jpeg?fit=1000%2C570&ssl=1",1000,570,true]},"author_info":{"display_name":"Jorge Lopez","author_link":"https:\/\/cambioagropecuario.com\/index.php\/author\/jorge\/"},"category_info":"<a href=\"https:\/\/cambioagropecuario.com\/index.php\/category\/agricultura\/\" rel=\"category tag\">Agricultura<\/a>","tag_info":"Agricultura","comment_count":"0","jetpack_featured_media_url":"https:\/\/i0.wp.com\/cambioagropecuario.com\/wp-content\/uploads\/2022\/02\/33D3C370-FA2B-49E3-8F99-34B2260052FA.jpeg?fit=1000%2C570&ssl=1","_links":{"self":[{"href":"https:\/\/cambioagropecuario.com\/index.php\/wp-json\/wp\/v2\/posts\/437","targetHints":{"allow":["GET"]}}],"collection":[{"href":"https:\/\/cambioagropecuario.com\/index.php\/wp-json\/wp\/v2\/posts"}],"about":[{"href":"https:\/\/cambioagropecuario.com\/index.php\/wp-json\/wp\/v2\/types\/post"}],"author":[{"embeddable":true,"href":"https:\/\/cambioagropecuario.com\/index.php\/wp-json\/wp\/v2\/users\/2"}],"replies":[{"embeddable":true,"href":"https:\/\/cambioagropecuario.com\/index.php\/wp-json\/wp\/v2\/comments?post=437"}],"version-history":[{"count":1,"href":"https:\/\/cambioagropecuario.com\/index.php\/wp-json\/wp\/v2\/posts\/437\/revisions"}],"predecessor-version":[{"id":439,"href":"https:\/\/cambioagropecuario.com\/index.php\/wp-json\/wp\/v2\/posts\/437\/revisions\/439"}],"wp:featuredmedia":[{"embeddable":true,"href":"https:\/\/cambioagropecuario.com\/index.php\/wp-json\/wp\/v2\/media\/438"}],"wp:attachment":[{"href":"https:\/\/cambioagropecuario.com\/index.php\/wp-json\/wp\/v2\/media?parent=437"}],"wp:term":[{"taxonomy":"category","embeddable":true,"href":"https:\/\/cambioagropecuario.com\/index.php\/wp-json\/wp\/v2\/categories?post=437"},{"taxonomy":"post_tag","embeddable":true,"href":"https:\/\/cambioagropecuario.com\/index.php\/wp-json\/wp\/v2\/tags?post=437"}],"curies":[{"name":"wp","href":"https:\/\/api.w.org\/{rel}","templated":true}]}}