{"id":434,"date":"2022-02-23T23:23:27","date_gmt":"2022-02-23T23:23:27","guid":{"rendered":"https:\/\/cambioagropecuario.com\/?p=434"},"modified":"2022-02-23T23:23:28","modified_gmt":"2022-02-23T23:23:28","slug":"la-eeaoc-trabaja-en-la-obtencion-de-variedades-especificas-para-la-provincia-y-para-el-noa","status":"publish","type":"post","link":"https:\/\/cambioagropecuario.com\/index.php\/2022\/02\/23\/la-eeaoc-trabaja-en-la-obtencion-de-variedades-especificas-para-la-provincia-y-para-el-noa\/","title":{"rendered":"La Eeaoc trabaja en la obtenci\u00f3n de variedades espec\u00edficas para la provincia y para el NOA\u00a0"},"content":{"rendered":"\n<p>Las semillas que se utilizan para obtener papa para consumo o primicia de nuestra provincia provienen de diferentes zonas semilleras, entre las que se encuentran Taf\u00ed del Valle, en Tucum\u00e1n, y Las Estancias, en Catamarca. En este momento sus ciclos de cultivo se encuentran casi concluidos y a la espera de ser muestreados para que se env\u00eden estas a los laboratorios de an\u00e1lisis de semilla.<\/p>\n\n\n\n<p>El jefe de la secci\u00f3n Horticultura de la Estaci\u00f3n Experimental Agroindustrial Obispo Colombres (Eeaoc),\u00a0<strong>Ramiro Lobo<\/strong>, traz\u00f3 un panorama sobre el desarrollo de la actual campa\u00f1a de este cultivo en Tucum\u00e1n.<\/p>\n\n\n\n<p><strong>&#8211; \u00bfC\u00f3mo avanza la campa\u00f1a? \u00bfLas condiciones clim\u00e1ticas afectaron el desarrollo del cultivo?<\/strong><\/p>\n\n\n\n<p>&#8211; La producci\u00f3n de \u201cpapa semilla\u201d en Taf\u00ed del Valle avanza con normalidad y los cultivos ya est\u00e1n concluyendo. Hay lotes que ya finalizaron el ciclo, mientras que, los lotes tard\u00edos se desarrollan muy bien y se estima que en una semana aproximadamente concluyan tambi\u00e9n su ciclo. Respecto de la situaci\u00f3n clim\u00e1tica, hay que tener en cuenta que hubo un largo per\u00edodo de estr\u00e9s h\u00eddrico y t\u00e9rmico. Esto afect\u00f3 la papa sembrada durante octubre y noviembre, por lo que se encontraban en pleno crecimiento al momento en que entraron en esta situaci\u00f3n de estr\u00e9s. En lotes muy arenosos -sobre todo, en Las Estancias-, donde el riego se realiza por aspersi\u00f3n, se registraron varios lotes con plantas muy afectadas. En Taf\u00ed del Valle la situaci\u00f3n fue mucho m\u00e1s alentadora ya que a partir de febrero las condiciones clim\u00e1ticas se normalizaron y el cultivo actualmente se encuentra en perfecto estado.<\/p>\n\n\n\n<figure class=\"wp-block-image\"><img decoding=\"async\" src=\"https:\/\/www.google-analytics.com\/collect?v=1&amp;t=event&amp;tid=UA-126706-27&amp;cid=13868161-2f5e-47f7-afc8-85f7f8997dd9&amp;ds=web&amp;cn=teads&amp;cs=web&amp;cm=publicidad&amp;dp=%2F&amp;el=teads&amp;ea=print&amp;ec=publicidad&amp;width=%221%22%3E\" alt=\"\"\/><\/figure>\n\n\n\n<p><strong>&#8211; \u00bfCu\u00e1l es la superficie sembrada y qu\u00e9 estimaciones de producci\u00f3n se pueden hacer?<\/strong><\/p>\n\n\n\n<p>&#8211; Debido a la urbanizaci\u00f3n que se viene desarrollando en la zona de Taf\u00ed del Valle, cada a\u00f1o se registra menos superficie sembrada. Actualmente, hay unas 300 hect\u00e1reas a 350 ha sembradas, de 500 ha que supo haber inicialmente. En cuanto a la producci\u00f3n, como consecuencia del estr\u00e9s h\u00eddrico, los lotes sembrados temprano presentar\u00edan una disminuci\u00f3n en su rendimiento, pero en general se compensar\u00e1n con los tard\u00edos. Podr\u00edamos decir que el rendimiento promedio se mantendr\u00e1 como en campa\u00f1as anteriores, en aproximadamente 25.000 kilogramos por hect\u00e1reas (kg\/ha) 30.000 Kg\/ha.<\/p>\n\n\n\n<p><strong>&#8211; \u00bfC\u00f3mo se present\u00f3 la situaci\u00f3n sanitaria?<\/strong><\/p>\n\n\n\n<p>Pese a que febrero fue bastante h\u00famedo, la situaci\u00f3n sanitaria es muy buena y no tuvimos inconvenientes por&nbsp;<em>Phytophthora infestans<\/em>, ni tampoco se observaron tantos casos de vuelo de pulgones. Se espera que los planteles de semillas se encuentren en \u00f3ptimas condiciones. Esos resultados los obtendremos con los an\u00e1lisis de semilla de los primeros lotes, que comenzar\u00e1n pr\u00f3ximamente a muestrearse.<\/p>\n\n\n\n<p><strong>&#8211; Respecto de los estudios de mejoramiento gen\u00e9tico, \u00bfcu\u00e1les son las \u00faltimas novedades?<\/strong><\/p>\n\n\n\n<p>&#8211; Acerca del cultivo de papa, la Eeaoc trabaja en el mejoramiento gen\u00e9tico de esta; espec\u00edficamente en la b\u00fasqueda de variedades que se adapten a las condiciones del norte argentino. En cuanto a las novedades, podemos decir que contamos con dos clones que se encuentran en proceso de inscripci\u00f3n en el Registro Nacional de Cultivares. Una est\u00e1 destinada al consumo y creemos que va a superar a la variedad Spunta -se us\u00f3 como testigo en los ensayos para evaluar rendimiento-, la variedad m\u00e1s usada por los productores debido a su plasticidad y a su adaptaci\u00f3n a los diferentes ambientes de Tucum\u00e1n y del pa\u00eds. Se trata de un clon que en general todos los a\u00f1os supera el rendimiento de Spunta. Posee una buena calidad organol\u00e9ptica y de tub\u00e9rculo, tiene m\u00e1s s\u00f3lidos que Spunta, es una papa que hierve muy bien, se puede utilizar como papa frita y bastones, es m\u00e1s f\u00e1cil de cocinar y tiene mejor sabor. Esperamos que los productores de nuestra regi\u00f3n la adopten porque para las condiciones ambientales del norte argentino posee notables ventajas agron\u00f3micas con respecto a Spunta. No obstante, en todos los lugares donde la probamos, este nuevo clon ha rendido siempre m\u00e1s que Spunta.<\/p>\n\n\n\n<p><strong>&#8211; \u00bfY el otro clon en proceso de inscripci\u00f3n?<\/strong><\/p>\n\n\n\n<p>&#8211; Est\u00e1 destinado a la industria de rodaja. Se caracteriza por ser de forma redonda y de piel colorada, con excelentes condiciones agron\u00f3micas y similar o superior a la variedad Atlantic, que es que se utiliz\u00f3 como testigo para comparar la calidad para rodaja. Adem\u00e1s de esos dos clones, tenemos otros siete que, si bien no van a ser inscriptos en el corto plazo, son altamente rendidores y con muy buena aptitud para consumo y para industria.<\/p>\n\n\n\n<p><strong>Conclusiones finales<\/strong><\/p>\n\n\n\n<p>Sobre el cierre, Lobo consider\u00f3 que la estrategia de Tucum\u00e1n y del norte argentino tiene que ser encontrar materiales que se adapten a las condiciones ambientales de la regi\u00f3n. \u201cEl personal de la secci\u00f3n Horticultura viene trabajando en la obtenci\u00f3n de variedades de ciclo m\u00e1s corto, precoces y tolerantes a las altas temperaturas y que, adem\u00e1s, presenten baja \u2018dormici\u00f3n\u2019, con el fin de que se adapten a una provincia peque\u00f1a y caliente como la nuestra, donde se realizan cuatro cultivos por a\u00f1o\u201d, manifest\u00f3 el especialista de la Eeaoc.<\/p>\n","protected":false},"excerpt":{"rendered":"<p>Las semillas que se utilizan para obtener papa para consumo o primicia de nuestra provincia provienen de diferentes zonas semilleras, entre las que se encuentran Taf\u00ed del Valle, en Tucum\u00e1n, y Las Estancias, en Catamarca. En este momento sus ciclos de cultivo se encuentran casi concluidos y a la espera de ser muestreados para que [&hellip;]<\/p>\n","protected":false},"author":2,"featured_media":435,"comment_status":"closed","ping_status":"open","sticky":false,"template":"","format":"standard","meta":{"footnotes":""},"categories":[18],"tags":[],"class_list":["post-434","post","type-post","status-publish","format-standard","has-post-thumbnail","hentry","category-noticias"],"yoast_head":"<!-- This site is optimized with the Yoast SEO plugin v21.6 - https:\/\/yoast.com\/wordpress\/plugins\/seo\/ -->\n<title>La Eeaoc trabaja en la obtenci\u00f3n de variedades espec\u00edficas para la provincia y para el NOA\u00a0 - Cambio Agropecuario<\/title>\n<meta name=\"robots\" content=\"index, follow, max-snippet:-1, max-image-preview:large, max-video-preview:-1\" \/>\n<link rel=\"canonical\" href=\"https:\/\/cambioagropecuario.com\/index.php\/2022\/02\/23\/la-eeaoc-trabaja-en-la-obtencion-de-variedades-especificas-para-la-provincia-y-para-el-noa\/\" \/>\n<meta property=\"og:locale\" content=\"es_ES\" \/>\n<meta property=\"og:type\" content=\"article\" \/>\n<meta property=\"og:title\" content=\"La Eeaoc trabaja en la obtenci\u00f3n de variedades espec\u00edficas para la provincia y para el NOA\u00a0 - Cambio Agropecuario\" \/>\n<meta property=\"og:description\" content=\"Las semillas que se utilizan para obtener papa para consumo o primicia de nuestra provincia provienen de diferentes zonas semilleras, entre las que se encuentran Taf\u00ed del Valle, en Tucum\u00e1n, y Las Estancias, en Catamarca. En este momento sus ciclos de cultivo se encuentran casi concluidos y a la espera de ser muestreados para que [&hellip;]\" \/>\n<meta property=\"og:url\" content=\"https:\/\/cambioagropecuario.com\/index.php\/2022\/02\/23\/la-eeaoc-trabaja-en-la-obtencion-de-variedades-especificas-para-la-provincia-y-para-el-noa\/\" \/>\n<meta property=\"og:site_name\" content=\"Cambio Agropecuario\" \/>\n<meta property=\"article:publisher\" content=\"https:\/\/www.facebook.com\/cambio.agropecuario\" \/>\n<meta property=\"article:published_time\" content=\"2022-02-23T23:23:27+00:00\" \/>\n<meta property=\"article:modified_time\" content=\"2022-02-23T23:23:28+00:00\" \/>\n<meta property=\"og:image\" content=\"https:\/\/cambioagropecuario.com\/wp-content\/uploads\/2022\/02\/6827A9B9-B41D-49D6-B9DC-7BE968AEBA27.jpeg\" \/>\n\t<meta property=\"og:image:width\" content=\"641\" \/>\n\t<meta property=\"og:image:height\" content=\"302\" \/>\n\t<meta property=\"og:image:type\" content=\"image\/jpeg\" \/>\n<meta name=\"author\" content=\"Jorge Lopez\" \/>\n<meta name=\"twitter:card\" content=\"summary_large_image\" \/>\n<meta name=\"twitter:label1\" content=\"Escrito por\" \/>\n\t<meta name=\"twitter:data1\" content=\"Jorge Lopez\" \/>\n\t<meta name=\"twitter:label2\" content=\"Tiempo de lectura\" \/>\n\t<meta name=\"twitter:data2\" content=\"4 minutos\" \/>\n<script type=\"application\/ld+json\" class=\"yoast-schema-graph\">{\"@context\":\"https:\/\/schema.org\",\"@graph\":[{\"@type\":\"Article\",\"@id\":\"https:\/\/cambioagropecuario.com\/index.php\/2022\/02\/23\/la-eeaoc-trabaja-en-la-obtencion-de-variedades-especificas-para-la-provincia-y-para-el-noa\/#article\",\"isPartOf\":{\"@id\":\"https:\/\/cambioagropecuario.com\/index.php\/2022\/02\/23\/la-eeaoc-trabaja-en-la-obtencion-de-variedades-especificas-para-la-provincia-y-para-el-noa\/\"},\"author\":{\"name\":\"Jorge Lopez\",\"@id\":\"https:\/\/cambioagropecuario.com\/#\/schema\/person\/24cfd493eaf12ce5568e4f89cfaa3b8a\"},\"headline\":\"La Eeaoc trabaja en la obtenci\u00f3n de variedades espec\u00edficas para la provincia y para el NOA\u00a0\",\"datePublished\":\"2022-02-23T23:23:27+00:00\",\"dateModified\":\"2022-02-23T23:23:28+00:00\",\"mainEntityOfPage\":{\"@id\":\"https:\/\/cambioagropecuario.com\/index.php\/2022\/02\/23\/la-eeaoc-trabaja-en-la-obtencion-de-variedades-especificas-para-la-provincia-y-para-el-noa\/\"},\"wordCount\":911,\"publisher\":{\"@id\":\"https:\/\/cambioagropecuario.com\/#organization\"},\"articleSection\":[\"Noticias\"],\"inLanguage\":\"es\"},{\"@type\":\"WebPage\",\"@id\":\"https:\/\/cambioagropecuario.com\/index.php\/2022\/02\/23\/la-eeaoc-trabaja-en-la-obtencion-de-variedades-especificas-para-la-provincia-y-para-el-noa\/\",\"url\":\"https:\/\/cambioagropecuario.com\/index.php\/2022\/02\/23\/la-eeaoc-trabaja-en-la-obtencion-de-variedades-especificas-para-la-provincia-y-para-el-noa\/\",\"name\":\"La Eeaoc trabaja en la obtenci\u00f3n de variedades espec\u00edficas para la provincia y para el NOA\u00a0 - Cambio Agropecuario\",\"isPartOf\":{\"@id\":\"https:\/\/cambioagropecuario.com\/#website\"},\"datePublished\":\"2022-02-23T23:23:27+00:00\",\"dateModified\":\"2022-02-23T23:23:28+00:00\",\"breadcrumb\":{\"@id\":\"https:\/\/cambioagropecuario.com\/index.php\/2022\/02\/23\/la-eeaoc-trabaja-en-la-obtencion-de-variedades-especificas-para-la-provincia-y-para-el-noa\/#breadcrumb\"},\"inLanguage\":\"es\",\"potentialAction\":[{\"@type\":\"ReadAction\",\"target\":[\"https:\/\/cambioagropecuario.com\/index.php\/2022\/02\/23\/la-eeaoc-trabaja-en-la-obtencion-de-variedades-especificas-para-la-provincia-y-para-el-noa\/\"]}]},{\"@type\":\"BreadcrumbList\",\"@id\":\"https:\/\/cambioagropecuario.com\/index.php\/2022\/02\/23\/la-eeaoc-trabaja-en-la-obtencion-de-variedades-especificas-para-la-provincia-y-para-el-noa\/#breadcrumb\",\"itemListElement\":[{\"@type\":\"ListItem\",\"position\":1,\"name\":\"Portada\",\"item\":\"https:\/\/cambioagropecuario.com\/\"},{\"@type\":\"ListItem\",\"position\":2,\"name\":\"La Eeaoc trabaja en la obtenci\u00f3n de variedades espec\u00edficas para la provincia y para el NOA\u00a0\"}]},{\"@type\":\"WebSite\",\"@id\":\"https:\/\/cambioagropecuario.com\/#website\",\"url\":\"https:\/\/cambioagropecuario.com\/\",\"name\":\"Cambio Agropecuario\",\"description\":\"Cambio Agropecuario es un portal de informaci\u00f3n objetiva y veraz del sector Agroproductivo de la Rep\u00fablica Argentina. Lejos de nuestro esp\u00edritu est\u00e1 el hecho de publicar noticias con un sesgo pol\u00edtico que no contribuya a enaltecer el desarrollo de las producciones agr\u00edcolas y pecuarias. Publicamos en libertad, sin presi\u00f3n de corporaci\u00f3n medi\u00e1tica alguna, ni de intereses econ\u00f3micos y pol\u00edticos. Las experiencias productivas ser\u00e1n una constante en este portal, porque nos interesa mostrar las iniciativas que llevan adelante los emprendedores y que son dignas de replicar en alguna latitud de nuestro pa\u00eds.\",\"publisher\":{\"@id\":\"https:\/\/cambioagropecuario.com\/#organization\"},\"potentialAction\":[{\"@type\":\"SearchAction\",\"target\":{\"@type\":\"EntryPoint\",\"urlTemplate\":\"https:\/\/cambioagropecuario.com\/?s={search_term_string}\"},\"query-input\":\"required name=search_term_string\"}],\"inLanguage\":\"es\"},{\"@type\":\"Organization\",\"@id\":\"https:\/\/cambioagropecuario.com\/#organization\",\"name\":\"Cambio Agropecuario\",\"url\":\"https:\/\/cambioagropecuario.com\/\",\"logo\":{\"@type\":\"ImageObject\",\"inLanguage\":\"es\",\"@id\":\"https:\/\/cambioagropecuario.com\/#\/schema\/logo\/image\/\",\"url\":\"https:\/\/cambioagropecuario.com\/wp-content\/uploads\/2021\/11\/cropped-Sin-titulo-1-1.png\",\"contentUrl\":\"https:\/\/cambioagropecuario.com\/wp-content\/uploads\/2021\/11\/cropped-Sin-titulo-1-1.png\",\"width\":512,\"height\":512,\"caption\":\"Cambio Agropecuario\"},\"image\":{\"@id\":\"https:\/\/cambioagropecuario.com\/#\/schema\/logo\/image\/\"},\"sameAs\":[\"https:\/\/www.facebook.com\/cambio.agropecuario\",\"https:\/\/www.youtube.com\/user\/cambioagropecuariotv\"]},{\"@type\":\"Person\",\"@id\":\"https:\/\/cambioagropecuario.com\/#\/schema\/person\/24cfd493eaf12ce5568e4f89cfaa3b8a\",\"name\":\"Jorge Lopez\",\"image\":{\"@type\":\"ImageObject\",\"inLanguage\":\"es\",\"@id\":\"https:\/\/cambioagropecuario.com\/#\/schema\/person\/image\/\",\"url\":\"https:\/\/secure.gravatar.com\/avatar\/775b1c76ac22bc240f9c49041d7dc067?s=96&d=mm&r=g\",\"contentUrl\":\"https:\/\/secure.gravatar.com\/avatar\/775b1c76ac22bc240f9c49041d7dc067?s=96&d=mm&r=g\",\"caption\":\"Jorge Lopez\"},\"url\":\"https:\/\/cambioagropecuario.com\/index.php\/author\/jorge\/\"}]}<\/script>\n<!-- \/ Yoast SEO plugin. -->","yoast_head_json":{"title":"La Eeaoc trabaja en la obtenci\u00f3n de variedades espec\u00edficas para la provincia y para el NOA\u00a0 - Cambio Agropecuario","robots":{"index":"index","follow":"follow","max-snippet":"max-snippet:-1","max-image-preview":"max-image-preview:large","max-video-preview":"max-video-preview:-1"},"canonical":"https:\/\/cambioagropecuario.com\/index.php\/2022\/02\/23\/la-eeaoc-trabaja-en-la-obtencion-de-variedades-especificas-para-la-provincia-y-para-el-noa\/","og_locale":"es_ES","og_type":"article","og_title":"La Eeaoc trabaja en la obtenci\u00f3n de variedades espec\u00edficas para la provincia y para el NOA\u00a0 - Cambio Agropecuario","og_description":"Las semillas que se utilizan para obtener papa para consumo o primicia de nuestra provincia provienen de diferentes zonas semilleras, entre las que se encuentran Taf\u00ed del Valle, en Tucum\u00e1n, y Las Estancias, en Catamarca. En este momento sus ciclos de cultivo se encuentran casi concluidos y a la espera de ser muestreados para que [&hellip;]","og_url":"https:\/\/cambioagropecuario.com\/index.php\/2022\/02\/23\/la-eeaoc-trabaja-en-la-obtencion-de-variedades-especificas-para-la-provincia-y-para-el-noa\/","og_site_name":"Cambio Agropecuario","article_publisher":"https:\/\/www.facebook.com\/cambio.agropecuario","article_published_time":"2022-02-23T23:23:27+00:00","article_modified_time":"2022-02-23T23:23:28+00:00","og_image":[{"width":641,"height":302,"url":"https:\/\/cambioagropecuario.com\/wp-content\/uploads\/2022\/02\/6827A9B9-B41D-49D6-B9DC-7BE968AEBA27.jpeg","type":"image\/jpeg"}],"author":"Jorge Lopez","twitter_card":"summary_large_image","twitter_misc":{"Escrito por":"Jorge Lopez","Tiempo de lectura":"4 minutos"},"schema":{"@context":"https:\/\/schema.org","@graph":[{"@type":"Article","@id":"https:\/\/cambioagropecuario.com\/index.php\/2022\/02\/23\/la-eeaoc-trabaja-en-la-obtencion-de-variedades-especificas-para-la-provincia-y-para-el-noa\/#article","isPartOf":{"@id":"https:\/\/cambioagropecuario.com\/index.php\/2022\/02\/23\/la-eeaoc-trabaja-en-la-obtencion-de-variedades-especificas-para-la-provincia-y-para-el-noa\/"},"author":{"name":"Jorge Lopez","@id":"https:\/\/cambioagropecuario.com\/#\/schema\/person\/24cfd493eaf12ce5568e4f89cfaa3b8a"},"headline":"La Eeaoc trabaja en la obtenci\u00f3n de variedades espec\u00edficas para la provincia y para el NOA\u00a0","datePublished":"2022-02-23T23:23:27+00:00","dateModified":"2022-02-23T23:23:28+00:00","mainEntityOfPage":{"@id":"https:\/\/cambioagropecuario.com\/index.php\/2022\/02\/23\/la-eeaoc-trabaja-en-la-obtencion-de-variedades-especificas-para-la-provincia-y-para-el-noa\/"},"wordCount":911,"publisher":{"@id":"https:\/\/cambioagropecuario.com\/#organization"},"articleSection":["Noticias"],"inLanguage":"es"},{"@type":"WebPage","@id":"https:\/\/cambioagropecuario.com\/index.php\/2022\/02\/23\/la-eeaoc-trabaja-en-la-obtencion-de-variedades-especificas-para-la-provincia-y-para-el-noa\/","url":"https:\/\/cambioagropecuario.com\/index.php\/2022\/02\/23\/la-eeaoc-trabaja-en-la-obtencion-de-variedades-especificas-para-la-provincia-y-para-el-noa\/","name":"La Eeaoc trabaja en la obtenci\u00f3n de variedades espec\u00edficas para la provincia y para el NOA\u00a0 - Cambio Agropecuario","isPartOf":{"@id":"https:\/\/cambioagropecuario.com\/#website"},"datePublished":"2022-02-23T23:23:27+00:00","dateModified":"2022-02-23T23:23:28+00:00","breadcrumb":{"@id":"https:\/\/cambioagropecuario.com\/index.php\/2022\/02\/23\/la-eeaoc-trabaja-en-la-obtencion-de-variedades-especificas-para-la-provincia-y-para-el-noa\/#breadcrumb"},"inLanguage":"es","potentialAction":[{"@type":"ReadAction","target":["https:\/\/cambioagropecuario.com\/index.php\/2022\/02\/23\/la-eeaoc-trabaja-en-la-obtencion-de-variedades-especificas-para-la-provincia-y-para-el-noa\/"]}]},{"@type":"BreadcrumbList","@id":"https:\/\/cambioagropecuario.com\/index.php\/2022\/02\/23\/la-eeaoc-trabaja-en-la-obtencion-de-variedades-especificas-para-la-provincia-y-para-el-noa\/#breadcrumb","itemListElement":[{"@type":"ListItem","position":1,"name":"Portada","item":"https:\/\/cambioagropecuario.com\/"},{"@type":"ListItem","position":2,"name":"La Eeaoc trabaja en la obtenci\u00f3n de variedades espec\u00edficas para la provincia y para el NOA\u00a0"}]},{"@type":"WebSite","@id":"https:\/\/cambioagropecuario.com\/#website","url":"https:\/\/cambioagropecuario.com\/","name":"Cambio Agropecuario","description":"Cambio Agropecuario es un portal de informaci\u00f3n objetiva y veraz del sector Agroproductivo de la Rep\u00fablica Argentina. Lejos de nuestro esp\u00edritu est\u00e1 el hecho de publicar noticias con un sesgo pol\u00edtico que no contribuya a enaltecer el desarrollo de las producciones agr\u00edcolas y pecuarias. Publicamos en libertad, sin presi\u00f3n de corporaci\u00f3n medi\u00e1tica alguna, ni de intereses econ\u00f3micos y pol\u00edticos. Las experiencias productivas ser\u00e1n una constante en este portal, porque nos interesa mostrar las iniciativas que llevan adelante los emprendedores y que son dignas de replicar en alguna latitud de nuestro pa\u00eds.","publisher":{"@id":"https:\/\/cambioagropecuario.com\/#organization"},"potentialAction":[{"@type":"SearchAction","target":{"@type":"EntryPoint","urlTemplate":"https:\/\/cambioagropecuario.com\/?s={search_term_string}"},"query-input":"required name=search_term_string"}],"inLanguage":"es"},{"@type":"Organization","@id":"https:\/\/cambioagropecuario.com\/#organization","name":"Cambio Agropecuario","url":"https:\/\/cambioagropecuario.com\/","logo":{"@type":"ImageObject","inLanguage":"es","@id":"https:\/\/cambioagropecuario.com\/#\/schema\/logo\/image\/","url":"https:\/\/cambioagropecuario.com\/wp-content\/uploads\/2021\/11\/cropped-Sin-titulo-1-1.png","contentUrl":"https:\/\/cambioagropecuario.com\/wp-content\/uploads\/2021\/11\/cropped-Sin-titulo-1-1.png","width":512,"height":512,"caption":"Cambio Agropecuario"},"image":{"@id":"https:\/\/cambioagropecuario.com\/#\/schema\/logo\/image\/"},"sameAs":["https:\/\/www.facebook.com\/cambio.agropecuario","https:\/\/www.youtube.com\/user\/cambioagropecuariotv"]},{"@type":"Person","@id":"https:\/\/cambioagropecuario.com\/#\/schema\/person\/24cfd493eaf12ce5568e4f89cfaa3b8a","name":"Jorge Lopez","image":{"@type":"ImageObject","inLanguage":"es","@id":"https:\/\/cambioagropecuario.com\/#\/schema\/person\/image\/","url":"https:\/\/secure.gravatar.com\/avatar\/775b1c76ac22bc240f9c49041d7dc067?s=96&d=mm&r=g","contentUrl":"https:\/\/secure.gravatar.com\/avatar\/775b1c76ac22bc240f9c49041d7dc067?s=96&d=mm&r=g","caption":"Jorge Lopez"},"url":"https:\/\/cambioagropecuario.com\/index.php\/author\/jorge\/"}]}},"jetpack_sharing_enabled":true,"featured_image_urls":{"full":["https:\/\/i0.wp.com\/cambioagropecuario.com\/wp-content\/uploads\/2022\/02\/6827A9B9-B41D-49D6-B9DC-7BE968AEBA27.jpeg?fit=641%2C302&ssl=1",641,302,false],"thumbnail":["https:\/\/i0.wp.com\/cambioagropecuario.com\/wp-content\/uploads\/2022\/02\/6827A9B9-B41D-49D6-B9DC-7BE968AEBA27.jpeg?resize=150%2C150&ssl=1",150,150,true],"medium":["https:\/\/i0.wp.com\/cambioagropecuario.com\/wp-content\/uploads\/2022\/02\/6827A9B9-B41D-49D6-B9DC-7BE968AEBA27.jpeg?fit=300%2C141&ssl=1",300,141,true],"medium_large":["https:\/\/i0.wp.com\/cambioagropecuario.com\/wp-content\/uploads\/2022\/02\/6827A9B9-B41D-49D6-B9DC-7BE968AEBA27.jpeg?fit=641%2C302&ssl=1",641,302,true],"large":["https:\/\/i0.wp.com\/cambioagropecuario.com\/wp-content\/uploads\/2022\/02\/6827A9B9-B41D-49D6-B9DC-7BE968AEBA27.jpeg?fit=641%2C302&ssl=1",641,302,true],"1536x1536":["https:\/\/i0.wp.com\/cambioagropecuario.com\/wp-content\/uploads\/2022\/02\/6827A9B9-B41D-49D6-B9DC-7BE968AEBA27.jpeg?fit=641%2C302&ssl=1",641,302,true],"2048x2048":["https:\/\/i0.wp.com\/cambioagropecuario.com\/wp-content\/uploads\/2022\/02\/6827A9B9-B41D-49D6-B9DC-7BE968AEBA27.jpeg?fit=641%2C302&ssl=1",641,302,true]},"author_info":{"display_name":"Jorge Lopez","author_link":"https:\/\/cambioagropecuario.com\/index.php\/author\/jorge\/"},"category_info":"<a href=\"https:\/\/cambioagropecuario.com\/index.php\/category\/noticias\/\" rel=\"category tag\">Noticias<\/a>","tag_info":"Noticias","comment_count":"0","jetpack_featured_media_url":"https:\/\/i0.wp.com\/cambioagropecuario.com\/wp-content\/uploads\/2022\/02\/6827A9B9-B41D-49D6-B9DC-7BE968AEBA27.jpeg?fit=641%2C302&ssl=1","_links":{"self":[{"href":"https:\/\/cambioagropecuario.com\/index.php\/wp-json\/wp\/v2\/posts\/434","targetHints":{"allow":["GET"]}}],"collection":[{"href":"https:\/\/cambioagropecuario.com\/index.php\/wp-json\/wp\/v2\/posts"}],"about":[{"href":"https:\/\/cambioagropecuario.com\/index.php\/wp-json\/wp\/v2\/types\/post"}],"author":[{"embeddable":true,"href":"https:\/\/cambioagropecuario.com\/index.php\/wp-json\/wp\/v2\/users\/2"}],"replies":[{"embeddable":true,"href":"https:\/\/cambioagropecuario.com\/index.php\/wp-json\/wp\/v2\/comments?post=434"}],"version-history":[{"count":1,"href":"https:\/\/cambioagropecuario.com\/index.php\/wp-json\/wp\/v2\/posts\/434\/revisions"}],"predecessor-version":[{"id":436,"href":"https:\/\/cambioagropecuario.com\/index.php\/wp-json\/wp\/v2\/posts\/434\/revisions\/436"}],"wp:featuredmedia":[{"embeddable":true,"href":"https:\/\/cambioagropecuario.com\/index.php\/wp-json\/wp\/v2\/media\/435"}],"wp:attachment":[{"href":"https:\/\/cambioagropecuario.com\/index.php\/wp-json\/wp\/v2\/media?parent=434"}],"wp:term":[{"taxonomy":"category","embeddable":true,"href":"https:\/\/cambioagropecuario.com\/index.php\/wp-json\/wp\/v2\/categories?post=434"},{"taxonomy":"post_tag","embeddable":true,"href":"https:\/\/cambioagropecuario.com\/index.php\/wp-json\/wp\/v2\/tags?post=434"}],"curies":[{"name":"wp","href":"https:\/\/api.w.org\/{rel}","templated":true}]}}