{"id":375,"date":"2022-02-20T00:05:12","date_gmt":"2022-02-20T00:05:12","guid":{"rendered":"https:\/\/cambioagropecuario.com\/?p=375"},"modified":"2022-02-20T00:06:38","modified_gmt":"2022-02-20T00:06:38","slug":"mosquita-de-la-agalla-una-nueva-especie-que-causa-dano-a-la-soja-en-los-estados-unidos","status":"publish","type":"post","link":"https:\/\/cambioagropecuario.com\/index.php\/2022\/02\/20\/mosquita-de-la-agalla-una-nueva-especie-que-causa-dano-a-la-soja-en-los-estados-unidos\/","title":{"rendered":"Mosquita de la agalla:  Una nueva\u00a0especie que causa da\u00f1o a la soja en los Estados Unidos\u00a0"},"content":{"rendered":"\n<p>La mosca de la agalla de la soja&nbsp;(&nbsp;<em>Resseliella<\/em><em>&nbsp;<\/em><em>maxima<\/em>&nbsp;) se document\u00f3 por primera vez en Nebraska en 2011 y en Dakota del Sur en 2015. Pertenece a la misma familia que la mosca de Hesse y la mosca del trigo, que son plagas del trigo.&nbsp;Inicialmente, solo se identific\u00f3 por g\u00e9nero, pero se describi\u00f3 como una nueva especie a fines de 2018.<\/p>\n\n\n\n<p>Los mosquitos pertenecen a una familia grande y diversa de moscas: hay m\u00e1s de 1000 especies de mosquitos en Am\u00e9rica del Norte.&nbsp;Algunos mosquitos son plagas de plantas econ\u00f3micamente importantes;&nbsp;otros son depredadores de pulgones y \u00e1caros.&nbsp;Algunos mosquitos forman crecimientos anormales, llamados agallas, mientras se alimentan.<\/p>\n\n\n\n<p>Las infestaciones de mosquitos no son desconocidas en los campos de soja, pero anteriormente se supon\u00eda que eran una infestaci\u00f3n secundaria despu\u00e9s de alg\u00fan tipo de lesi\u00f3n, como granizo o enfermedad.\u00a0Sin embargo, en 2018 y 2019, las infestaciones de mosquitos de las agallas se observaron antes, en mayor n\u00famero y, a menudo, en ausencia de lesiones o enfermedades.<\/p>\n\n\n\n<figure class=\"wp-block-image size-large\"><img loading=\"lazy\" decoding=\"async\" width=\"768\" height=\"1024\" src=\"https:\/\/i0.wp.com\/cambioagropecuario.com\/wp-content\/uploads\/2022\/02\/5C90A4EA-1A20-46BB-AC94-6E3183AE3B28.jpeg?resize=768%2C1024&#038;ssl=1\" alt=\"\" class=\"wp-image-378\" srcset=\"https:\/\/i0.wp.com\/cambioagropecuario.com\/wp-content\/uploads\/2022\/02\/5C90A4EA-1A20-46BB-AC94-6E3183AE3B28.jpeg?resize=768%2C1024&amp;ssl=1 768w, https:\/\/i0.wp.com\/cambioagropecuario.com\/wp-content\/uploads\/2022\/02\/5C90A4EA-1A20-46BB-AC94-6E3183AE3B28.jpeg?resize=225%2C300&amp;ssl=1 225w, https:\/\/i0.wp.com\/cambioagropecuario.com\/wp-content\/uploads\/2022\/02\/5C90A4EA-1A20-46BB-AC94-6E3183AE3B28.jpeg?resize=1152%2C1536&amp;ssl=1 1152w, https:\/\/i0.wp.com\/cambioagropecuario.com\/wp-content\/uploads\/2022\/02\/5C90A4EA-1A20-46BB-AC94-6E3183AE3B28.jpeg?w=1300&amp;ssl=1 1300w\" sizes=\"auto, (max-width: 768px) 100vw, 768px\" data-recalc-dims=\"1\" \/><\/figure>\n\n\n\n<p><strong>Ciclo vital<\/strong><\/p>\n\n\n\n<p>La mosquita de la agalla de la soja pasa el invierno como larva (inmaduros parecidos a gusanos) en las primeras pulgadas del suelo.&nbsp;Despu\u00e9s de la pupa a principios de la primavera, los mosquitos adultos emergen y ponen sus huevos en la base o en la parte inferior de los tallos de las plantas de soja.<\/p>\n\n\n\n<p>Los huevos eclosionan y las larvas se alimentan de los tallos.&nbsp;La infestaci\u00f3n no ocurre hasta despu\u00e9s de la etapa V3 y puede continuar en las etapas de&nbsp;crecimiento reproductivo.&nbsp;Puede haber al menos dos generaciones por temporada de crecimiento.&nbsp;El mosquito de las agallas adulto no se alimenta de soja.<\/p>\n\n\n\n<p><strong>Exploraci\u00f3n<\/strong><\/p>\n\n\n\n<p><strong>Identificaci\u00f3n<\/strong><\/p>\n\n\n\n<p>Adultos\u2022&nbsp;Diminutas (una d\u00e9cima de pulgada), moscas delicadas con cuerpos delgados\u2022&nbsp;alas moteadas\u2022&nbsp;Piernas largas con bandas con un patr\u00f3n de color claro y oscuro alternado.\u2022&nbsp;Abdomen naranja<\/p>\n\n\n\n<p>larvas\u2022&nbsp;Larvas peque\u00f1as, sin patas, parecidas a gusanos\u2022&nbsp;De color claro a blanco cuando son j\u00f3venes, volvi\u00e9ndose de color naranja brillante a medida que maduran.<\/p>\n\n\n\n<p>Comience a explorar las plantas de soja despu\u00e9s de la etapa de crecimiento V2.&nbsp;La soja marchita o muerta a lo largo de los bordes del campo con un da\u00f1o decreciente en el centro del campo suele ser el primer signo de infestaci\u00f3n.&nbsp;Busque una decoloraci\u00f3n oscura en la base del tallo.&nbsp;Las plantas fuertemente infestadas eventualmente se marchitan y mueren.&nbsp;Los tallos de las plantas infestadas se vuelven quebradizos y pueden romperse cerca de su base.&nbsp;Pele la epidermis del tallo y busque larvas peque\u00f1as de color naranja, lo que se considera diagn\u00f3stico para esta plaga.&nbsp;Las infestaciones m\u00e1s intensas se han observado en campos pr\u00f3ximos a un campo sembrado de soja el a\u00f1o anterior.&nbsp;<\/p>\n\n\n\n<p>El rango conocido actual del mosquito de la agalla de la soja incluye Nebraska, Iowa, Minnesota, Missouri y Dakota del Sur.&nbsp;No se sabe si la mosquita de la agalla de la soja persistir\u00e1 en \u00e1reas donde caus\u00f3 p\u00e9rdidas econ\u00f3micas en a\u00f1os anteriores o si se extender\u00e1 a otras \u00e1reas.<\/p>\n\n\n\n<p><strong>Distribuci\u00f3n<\/strong><\/p>\n\n\n\n<p>Hasta la fecha, el mosquito de las agallas se ha encontrado e identificado en Nebraska, Iowa, Minnesota, Missouri y Dakota del Sur.&nbsp;No se sabe si la mosquita de la agalla de la soja persistir\u00e1 en \u00e1reas donde caus\u00f3 p\u00e9rdidas econ\u00f3micas en a\u00f1os anteriores o si se extender\u00e1 a otras \u00e1reas.<\/p>\n\n\n\n<p><strong>Gesti\u00f3n<\/strong><\/p>\n\n\n\n<p>Debido a que se trata de una plaga muy nueva, a\u00fan no se han publicado recomendaciones de manejo basadas en investigaciones.&nbsp;Los fondos de verificaci\u00f3n est\u00e1n apoyando estudios en granjas en varios estados sobre la eficacia de las pr\u00e1cticas culturales y los insecticidas en las lesiones causadas por la alimentaci\u00f3n de los mosquitos de las agallas.<\/p>\n\n\n\n<p>En campos muy da\u00f1ados, las p\u00e9rdidas asociadas con la mosquita de la agalla de la soja son inevitables debido a la cantidad de plantas de&nbsp;soja muertas o moribundas.&nbsp;Es probable que el da\u00f1o al floema y al xilema de la planta resulte en una reducci\u00f3n del rendimiento de las plantas sobrevivientes infestadas por la mosquita de la agalla de la soya.&nbsp;Tambi\u00e9n se prev\u00e9n p\u00e9rdidas adicionales debido a la falta de fuerza del tallo, lo que predispone a las plantas a un mayor riesgo de acame si se retrasa la cosecha.&nbsp;Las estimaciones de p\u00e9rdida de rendimiento en una peque\u00f1a muestra de plantas de un campo muy da\u00f1ado indican p\u00e9rdidas de rendimiento completas desde el borde del campo hasta 100 pies, con una p\u00e9rdida de rendimiento de alrededor del 20 % a 200 y 400 pies del borde del campo.<\/p>\n\n\n\n<p>Hasta la fecha, los tratamientos de semillas no han sido efectivos.&nbsp;Parece que la soja sembrada en junio tiene tasas de infestaci\u00f3n m\u00e1s bajas.&nbsp;La aplicaci\u00f3n de insecticidas foliares podr\u00eda ser una opci\u00f3n en el futuro, pero es necesario estudiar la eficacia de los insecticidas y el momento de la aplicaci\u00f3n.&nbsp;La emergencia prolongada y las generaciones m\u00faltiples podr\u00edan dificultar el control de los adultos con insecticidas.&nbsp;Si se puede identificar la resistencia de la planta hospedante, las&nbsp;variedades resistentes a la mosquita de la agalla de la soya podr\u00edan ser una valiosa herramienta de manejo.<\/p>\n\n\n\n<p>Fuente: Universidad de Minnesota,&nbsp;Universidad de Nebraska,&nbsp;Universidad Estatal de Iowa<\/p>\n\n\n\n<p>Im\u00e1genes proporcionadas por&nbsp;Crop&nbsp;Protection&nbsp;Network<em><\/em><a><\/a><\/p>\n\n\n\n<p><\/p>\n","protected":false},"excerpt":{"rendered":"<p>La mosca de la agalla de la soja&nbsp;(&nbsp;Resseliella&nbsp;maxima&nbsp;) se document\u00f3 por primera vez en Nebraska en 2011 y en Dakota del Sur en 2015. Pertenece a la misma familia que la mosca de Hesse y la mosca del trigo, que son plagas del trigo.&nbsp;Inicialmente, solo se identific\u00f3 por g\u00e9nero, pero se describi\u00f3 como una nueva [&hellip;]<\/p>\n","protected":false},"author":2,"featured_media":377,"comment_status":"closed","ping_status":"open","sticky":false,"template":"","format":"standard","meta":{"footnotes":""},"categories":[9],"tags":[],"class_list":["post-375","post","type-post","status-publish","format-standard","has-post-thumbnail","hentry","category-agricultura"],"yoast_head":"<!-- This site is optimized with the Yoast SEO plugin v21.6 - https:\/\/yoast.com\/wordpress\/plugins\/seo\/ -->\n<title>Mosquita de la agalla: Una nueva\u00a0especie que causa da\u00f1o a la soja en los Estados Unidos\u00a0 - Cambio Agropecuario<\/title>\n<meta name=\"robots\" content=\"index, follow, max-snippet:-1, max-image-preview:large, max-video-preview:-1\" \/>\n<link rel=\"canonical\" href=\"https:\/\/cambioagropecuario.com\/index.php\/2022\/02\/20\/mosquita-de-la-agalla-una-nueva-especie-que-causa-dano-a-la-soja-en-los-estados-unidos\/\" \/>\n<meta property=\"og:locale\" content=\"es_ES\" \/>\n<meta property=\"og:type\" content=\"article\" \/>\n<meta property=\"og:title\" content=\"Mosquita de la agalla: Una nueva\u00a0especie que causa da\u00f1o a la soja en los Estados Unidos\u00a0 - Cambio Agropecuario\" \/>\n<meta property=\"og:description\" content=\"La mosca de la agalla de la soja&nbsp;(&nbsp;Resseliella&nbsp;maxima&nbsp;) se document\u00f3 por primera vez en Nebraska en 2011 y en Dakota del Sur en 2015. Pertenece a la misma familia que la mosca de Hesse y la mosca del trigo, que son plagas del trigo.&nbsp;Inicialmente, solo se identific\u00f3 por g\u00e9nero, pero se describi\u00f3 como una nueva [&hellip;]\" \/>\n<meta property=\"og:url\" content=\"https:\/\/cambioagropecuario.com\/index.php\/2022\/02\/20\/mosquita-de-la-agalla-una-nueva-especie-que-causa-dano-a-la-soja-en-los-estados-unidos\/\" \/>\n<meta property=\"og:site_name\" content=\"Cambio Agropecuario\" \/>\n<meta property=\"article:publisher\" content=\"https:\/\/www.facebook.com\/cambio.agropecuario\" \/>\n<meta property=\"article:published_time\" content=\"2022-02-20T00:05:12+00:00\" \/>\n<meta property=\"article:modified_time\" content=\"2022-02-20T00:06:38+00:00\" \/>\n<meta property=\"og:image\" content=\"https:\/\/cambioagropecuario.com\/wp-content\/uploads\/2022\/02\/6E900ED8-B61E-4FEF-92A8-CE72A4D7F118.jpeg\" \/>\n\t<meta property=\"og:image:width\" content=\"1300\" \/>\n\t<meta property=\"og:image:height\" content=\"975\" \/>\n\t<meta property=\"og:image:type\" content=\"image\/jpeg\" \/>\n<meta name=\"author\" content=\"Jorge Lopez\" \/>\n<meta name=\"twitter:card\" content=\"summary_large_image\" \/>\n<meta name=\"twitter:label1\" content=\"Escrito por\" \/>\n\t<meta name=\"twitter:data1\" content=\"Jorge Lopez\" \/>\n\t<meta name=\"twitter:label2\" content=\"Tiempo de lectura\" \/>\n\t<meta name=\"twitter:data2\" content=\"5 minutos\" \/>\n<script type=\"application\/ld+json\" class=\"yoast-schema-graph\">{\"@context\":\"https:\/\/schema.org\",\"@graph\":[{\"@type\":\"Article\",\"@id\":\"https:\/\/cambioagropecuario.com\/index.php\/2022\/02\/20\/mosquita-de-la-agalla-una-nueva-especie-que-causa-dano-a-la-soja-en-los-estados-unidos\/#article\",\"isPartOf\":{\"@id\":\"https:\/\/cambioagropecuario.com\/index.php\/2022\/02\/20\/mosquita-de-la-agalla-una-nueva-especie-que-causa-dano-a-la-soja-en-los-estados-unidos\/\"},\"author\":{\"name\":\"Jorge Lopez\",\"@id\":\"https:\/\/cambioagropecuario.com\/#\/schema\/person\/24cfd493eaf12ce5568e4f89cfaa3b8a\"},\"headline\":\"Mosquita de la agalla: Una nueva\u00a0especie que causa da\u00f1o a la soja en los Estados Unidos\u00a0\",\"datePublished\":\"2022-02-20T00:05:12+00:00\",\"dateModified\":\"2022-02-20T00:06:38+00:00\",\"mainEntityOfPage\":{\"@id\":\"https:\/\/cambioagropecuario.com\/index.php\/2022\/02\/20\/mosquita-de-la-agalla-una-nueva-especie-que-causa-dano-a-la-soja-en-los-estados-unidos\/\"},\"wordCount\":976,\"publisher\":{\"@id\":\"https:\/\/cambioagropecuario.com\/#organization\"},\"articleSection\":[\"Agricultura\"],\"inLanguage\":\"es\"},{\"@type\":\"WebPage\",\"@id\":\"https:\/\/cambioagropecuario.com\/index.php\/2022\/02\/20\/mosquita-de-la-agalla-una-nueva-especie-que-causa-dano-a-la-soja-en-los-estados-unidos\/\",\"url\":\"https:\/\/cambioagropecuario.com\/index.php\/2022\/02\/20\/mosquita-de-la-agalla-una-nueva-especie-que-causa-dano-a-la-soja-en-los-estados-unidos\/\",\"name\":\"Mosquita de la agalla: Una nueva\u00a0especie que causa da\u00f1o a la soja en los Estados Unidos\u00a0 - Cambio Agropecuario\",\"isPartOf\":{\"@id\":\"https:\/\/cambioagropecuario.com\/#website\"},\"datePublished\":\"2022-02-20T00:05:12+00:00\",\"dateModified\":\"2022-02-20T00:06:38+00:00\",\"breadcrumb\":{\"@id\":\"https:\/\/cambioagropecuario.com\/index.php\/2022\/02\/20\/mosquita-de-la-agalla-una-nueva-especie-que-causa-dano-a-la-soja-en-los-estados-unidos\/#breadcrumb\"},\"inLanguage\":\"es\",\"potentialAction\":[{\"@type\":\"ReadAction\",\"target\":[\"https:\/\/cambioagropecuario.com\/index.php\/2022\/02\/20\/mosquita-de-la-agalla-una-nueva-especie-que-causa-dano-a-la-soja-en-los-estados-unidos\/\"]}]},{\"@type\":\"BreadcrumbList\",\"@id\":\"https:\/\/cambioagropecuario.com\/index.php\/2022\/02\/20\/mosquita-de-la-agalla-una-nueva-especie-que-causa-dano-a-la-soja-en-los-estados-unidos\/#breadcrumb\",\"itemListElement\":[{\"@type\":\"ListItem\",\"position\":1,\"name\":\"Portada\",\"item\":\"https:\/\/cambioagropecuario.com\/\"},{\"@type\":\"ListItem\",\"position\":2,\"name\":\"Mosquita de la agalla: Una nueva\u00a0especie que causa da\u00f1o a la soja en los Estados Unidos\u00a0\"}]},{\"@type\":\"WebSite\",\"@id\":\"https:\/\/cambioagropecuario.com\/#website\",\"url\":\"https:\/\/cambioagropecuario.com\/\",\"name\":\"Cambio Agropecuario\",\"description\":\"Cambio Agropecuario es un portal de informaci\u00f3n objetiva y veraz del sector Agroproductivo de la Rep\u00fablica Argentina. Lejos de nuestro esp\u00edritu est\u00e1 el hecho de publicar noticias con un sesgo pol\u00edtico que no contribuya a enaltecer el desarrollo de las producciones agr\u00edcolas y pecuarias. Publicamos en libertad, sin presi\u00f3n de corporaci\u00f3n medi\u00e1tica alguna, ni de intereses econ\u00f3micos y pol\u00edticos. Las experiencias productivas ser\u00e1n una constante en este portal, porque nos interesa mostrar las iniciativas que llevan adelante los emprendedores y que son dignas de replicar en alguna latitud de nuestro pa\u00eds.\",\"publisher\":{\"@id\":\"https:\/\/cambioagropecuario.com\/#organization\"},\"potentialAction\":[{\"@type\":\"SearchAction\",\"target\":{\"@type\":\"EntryPoint\",\"urlTemplate\":\"https:\/\/cambioagropecuario.com\/?s={search_term_string}\"},\"query-input\":\"required name=search_term_string\"}],\"inLanguage\":\"es\"},{\"@type\":\"Organization\",\"@id\":\"https:\/\/cambioagropecuario.com\/#organization\",\"name\":\"Cambio Agropecuario\",\"url\":\"https:\/\/cambioagropecuario.com\/\",\"logo\":{\"@type\":\"ImageObject\",\"inLanguage\":\"es\",\"@id\":\"https:\/\/cambioagropecuario.com\/#\/schema\/logo\/image\/\",\"url\":\"https:\/\/cambioagropecuario.com\/wp-content\/uploads\/2021\/11\/cropped-Sin-titulo-1-1.png\",\"contentUrl\":\"https:\/\/cambioagropecuario.com\/wp-content\/uploads\/2021\/11\/cropped-Sin-titulo-1-1.png\",\"width\":512,\"height\":512,\"caption\":\"Cambio Agropecuario\"},\"image\":{\"@id\":\"https:\/\/cambioagropecuario.com\/#\/schema\/logo\/image\/\"},\"sameAs\":[\"https:\/\/www.facebook.com\/cambio.agropecuario\",\"https:\/\/www.youtube.com\/user\/cambioagropecuariotv\"]},{\"@type\":\"Person\",\"@id\":\"https:\/\/cambioagropecuario.com\/#\/schema\/person\/24cfd493eaf12ce5568e4f89cfaa3b8a\",\"name\":\"Jorge Lopez\",\"image\":{\"@type\":\"ImageObject\",\"inLanguage\":\"es\",\"@id\":\"https:\/\/cambioagropecuario.com\/#\/schema\/person\/image\/\",\"url\":\"https:\/\/secure.gravatar.com\/avatar\/775b1c76ac22bc240f9c49041d7dc067?s=96&d=mm&r=g\",\"contentUrl\":\"https:\/\/secure.gravatar.com\/avatar\/775b1c76ac22bc240f9c49041d7dc067?s=96&d=mm&r=g\",\"caption\":\"Jorge Lopez\"},\"url\":\"https:\/\/cambioagropecuario.com\/index.php\/author\/jorge\/\"}]}<\/script>\n<!-- \/ Yoast SEO plugin. -->","yoast_head_json":{"title":"Mosquita de la agalla: Una nueva\u00a0especie que causa da\u00f1o a la soja en los Estados Unidos\u00a0 - Cambio Agropecuario","robots":{"index":"index","follow":"follow","max-snippet":"max-snippet:-1","max-image-preview":"max-image-preview:large","max-video-preview":"max-video-preview:-1"},"canonical":"https:\/\/cambioagropecuario.com\/index.php\/2022\/02\/20\/mosquita-de-la-agalla-una-nueva-especie-que-causa-dano-a-la-soja-en-los-estados-unidos\/","og_locale":"es_ES","og_type":"article","og_title":"Mosquita de la agalla: Una nueva\u00a0especie que causa da\u00f1o a la soja en los Estados Unidos\u00a0 - Cambio Agropecuario","og_description":"La mosca de la agalla de la soja&nbsp;(&nbsp;Resseliella&nbsp;maxima&nbsp;) se document\u00f3 por primera vez en Nebraska en 2011 y en Dakota del Sur en 2015. Pertenece a la misma familia que la mosca de Hesse y la mosca del trigo, que son plagas del trigo.&nbsp;Inicialmente, solo se identific\u00f3 por g\u00e9nero, pero se describi\u00f3 como una nueva [&hellip;]","og_url":"https:\/\/cambioagropecuario.com\/index.php\/2022\/02\/20\/mosquita-de-la-agalla-una-nueva-especie-que-causa-dano-a-la-soja-en-los-estados-unidos\/","og_site_name":"Cambio Agropecuario","article_publisher":"https:\/\/www.facebook.com\/cambio.agropecuario","article_published_time":"2022-02-20T00:05:12+00:00","article_modified_time":"2022-02-20T00:06:38+00:00","og_image":[{"width":1300,"height":975,"url":"https:\/\/cambioagropecuario.com\/wp-content\/uploads\/2022\/02\/6E900ED8-B61E-4FEF-92A8-CE72A4D7F118.jpeg","type":"image\/jpeg"}],"author":"Jorge Lopez","twitter_card":"summary_large_image","twitter_misc":{"Escrito por":"Jorge Lopez","Tiempo de lectura":"5 minutos"},"schema":{"@context":"https:\/\/schema.org","@graph":[{"@type":"Article","@id":"https:\/\/cambioagropecuario.com\/index.php\/2022\/02\/20\/mosquita-de-la-agalla-una-nueva-especie-que-causa-dano-a-la-soja-en-los-estados-unidos\/#article","isPartOf":{"@id":"https:\/\/cambioagropecuario.com\/index.php\/2022\/02\/20\/mosquita-de-la-agalla-una-nueva-especie-que-causa-dano-a-la-soja-en-los-estados-unidos\/"},"author":{"name":"Jorge Lopez","@id":"https:\/\/cambioagropecuario.com\/#\/schema\/person\/24cfd493eaf12ce5568e4f89cfaa3b8a"},"headline":"Mosquita de la agalla: Una nueva\u00a0especie que causa da\u00f1o a la soja en los Estados Unidos\u00a0","datePublished":"2022-02-20T00:05:12+00:00","dateModified":"2022-02-20T00:06:38+00:00","mainEntityOfPage":{"@id":"https:\/\/cambioagropecuario.com\/index.php\/2022\/02\/20\/mosquita-de-la-agalla-una-nueva-especie-que-causa-dano-a-la-soja-en-los-estados-unidos\/"},"wordCount":976,"publisher":{"@id":"https:\/\/cambioagropecuario.com\/#organization"},"articleSection":["Agricultura"],"inLanguage":"es"},{"@type":"WebPage","@id":"https:\/\/cambioagropecuario.com\/index.php\/2022\/02\/20\/mosquita-de-la-agalla-una-nueva-especie-que-causa-dano-a-la-soja-en-los-estados-unidos\/","url":"https:\/\/cambioagropecuario.com\/index.php\/2022\/02\/20\/mosquita-de-la-agalla-una-nueva-especie-que-causa-dano-a-la-soja-en-los-estados-unidos\/","name":"Mosquita de la agalla: Una nueva\u00a0especie que causa da\u00f1o a la soja en los Estados Unidos\u00a0 - Cambio Agropecuario","isPartOf":{"@id":"https:\/\/cambioagropecuario.com\/#website"},"datePublished":"2022-02-20T00:05:12+00:00","dateModified":"2022-02-20T00:06:38+00:00","breadcrumb":{"@id":"https:\/\/cambioagropecuario.com\/index.php\/2022\/02\/20\/mosquita-de-la-agalla-una-nueva-especie-que-causa-dano-a-la-soja-en-los-estados-unidos\/#breadcrumb"},"inLanguage":"es","potentialAction":[{"@type":"ReadAction","target":["https:\/\/cambioagropecuario.com\/index.php\/2022\/02\/20\/mosquita-de-la-agalla-una-nueva-especie-que-causa-dano-a-la-soja-en-los-estados-unidos\/"]}]},{"@type":"BreadcrumbList","@id":"https:\/\/cambioagropecuario.com\/index.php\/2022\/02\/20\/mosquita-de-la-agalla-una-nueva-especie-que-causa-dano-a-la-soja-en-los-estados-unidos\/#breadcrumb","itemListElement":[{"@type":"ListItem","position":1,"name":"Portada","item":"https:\/\/cambioagropecuario.com\/"},{"@type":"ListItem","position":2,"name":"Mosquita de la agalla: Una nueva\u00a0especie que causa da\u00f1o a la soja en los Estados Unidos\u00a0"}]},{"@type":"WebSite","@id":"https:\/\/cambioagropecuario.com\/#website","url":"https:\/\/cambioagropecuario.com\/","name":"Cambio Agropecuario","description":"Cambio Agropecuario es un portal de informaci\u00f3n objetiva y veraz del sector Agroproductivo de la Rep\u00fablica Argentina. Lejos de nuestro esp\u00edritu est\u00e1 el hecho de publicar noticias con un sesgo pol\u00edtico que no contribuya a enaltecer el desarrollo de las producciones agr\u00edcolas y pecuarias. Publicamos en libertad, sin presi\u00f3n de corporaci\u00f3n medi\u00e1tica alguna, ni de intereses econ\u00f3micos y pol\u00edticos. Las experiencias productivas ser\u00e1n una constante en este portal, porque nos interesa mostrar las iniciativas que llevan adelante los emprendedores y que son dignas de replicar en alguna latitud de nuestro pa\u00eds.","publisher":{"@id":"https:\/\/cambioagropecuario.com\/#organization"},"potentialAction":[{"@type":"SearchAction","target":{"@type":"EntryPoint","urlTemplate":"https:\/\/cambioagropecuario.com\/?s={search_term_string}"},"query-input":"required name=search_term_string"}],"inLanguage":"es"},{"@type":"Organization","@id":"https:\/\/cambioagropecuario.com\/#organization","name":"Cambio Agropecuario","url":"https:\/\/cambioagropecuario.com\/","logo":{"@type":"ImageObject","inLanguage":"es","@id":"https:\/\/cambioagropecuario.com\/#\/schema\/logo\/image\/","url":"https:\/\/cambioagropecuario.com\/wp-content\/uploads\/2021\/11\/cropped-Sin-titulo-1-1.png","contentUrl":"https:\/\/cambioagropecuario.com\/wp-content\/uploads\/2021\/11\/cropped-Sin-titulo-1-1.png","width":512,"height":512,"caption":"Cambio Agropecuario"},"image":{"@id":"https:\/\/cambioagropecuario.com\/#\/schema\/logo\/image\/"},"sameAs":["https:\/\/www.facebook.com\/cambio.agropecuario","https:\/\/www.youtube.com\/user\/cambioagropecuariotv"]},{"@type":"Person","@id":"https:\/\/cambioagropecuario.com\/#\/schema\/person\/24cfd493eaf12ce5568e4f89cfaa3b8a","name":"Jorge Lopez","image":{"@type":"ImageObject","inLanguage":"es","@id":"https:\/\/cambioagropecuario.com\/#\/schema\/person\/image\/","url":"https:\/\/secure.gravatar.com\/avatar\/775b1c76ac22bc240f9c49041d7dc067?s=96&d=mm&r=g","contentUrl":"https:\/\/secure.gravatar.com\/avatar\/775b1c76ac22bc240f9c49041d7dc067?s=96&d=mm&r=g","caption":"Jorge Lopez"},"url":"https:\/\/cambioagropecuario.com\/index.php\/author\/jorge\/"}]}},"jetpack_sharing_enabled":true,"featured_image_urls":{"full":["https:\/\/i0.wp.com\/cambioagropecuario.com\/wp-content\/uploads\/2022\/02\/6E900ED8-B61E-4FEF-92A8-CE72A4D7F118.jpeg?fit=1300%2C975&ssl=1",1300,975,false],"thumbnail":["https:\/\/i0.wp.com\/cambioagropecuario.com\/wp-content\/uploads\/2022\/02\/6E900ED8-B61E-4FEF-92A8-CE72A4D7F118.jpeg?resize=150%2C150&ssl=1",150,150,true],"medium":["https:\/\/i0.wp.com\/cambioagropecuario.com\/wp-content\/uploads\/2022\/02\/6E900ED8-B61E-4FEF-92A8-CE72A4D7F118.jpeg?fit=300%2C225&ssl=1",300,225,true],"medium_large":["https:\/\/i0.wp.com\/cambioagropecuario.com\/wp-content\/uploads\/2022\/02\/6E900ED8-B61E-4FEF-92A8-CE72A4D7F118.jpeg?fit=768%2C576&ssl=1",768,576,true],"large":["https:\/\/i0.wp.com\/cambioagropecuario.com\/wp-content\/uploads\/2022\/02\/6E900ED8-B61E-4FEF-92A8-CE72A4D7F118.jpeg?fit=800%2C600&ssl=1",800,600,true],"1536x1536":["https:\/\/i0.wp.com\/cambioagropecuario.com\/wp-content\/uploads\/2022\/02\/6E900ED8-B61E-4FEF-92A8-CE72A4D7F118.jpeg?fit=1300%2C975&ssl=1",1300,975,true],"2048x2048":["https:\/\/i0.wp.com\/cambioagropecuario.com\/wp-content\/uploads\/2022\/02\/6E900ED8-B61E-4FEF-92A8-CE72A4D7F118.jpeg?fit=1300%2C975&ssl=1",1300,975,true]},"author_info":{"display_name":"Jorge Lopez","author_link":"https:\/\/cambioagropecuario.com\/index.php\/author\/jorge\/"},"category_info":"<a href=\"https:\/\/cambioagropecuario.com\/index.php\/category\/agricultura\/\" rel=\"category tag\">Agricultura<\/a>","tag_info":"Agricultura","comment_count":"0","jetpack_featured_media_url":"https:\/\/i0.wp.com\/cambioagropecuario.com\/wp-content\/uploads\/2022\/02\/6E900ED8-B61E-4FEF-92A8-CE72A4D7F118.jpeg?fit=1300%2C975&ssl=1","_links":{"self":[{"href":"https:\/\/cambioagropecuario.com\/index.php\/wp-json\/wp\/v2\/posts\/375","targetHints":{"allow":["GET"]}}],"collection":[{"href":"https:\/\/cambioagropecuario.com\/index.php\/wp-json\/wp\/v2\/posts"}],"about":[{"href":"https:\/\/cambioagropecuario.com\/index.php\/wp-json\/wp\/v2\/types\/post"}],"author":[{"embeddable":true,"href":"https:\/\/cambioagropecuario.com\/index.php\/wp-json\/wp\/v2\/users\/2"}],"replies":[{"embeddable":true,"href":"https:\/\/cambioagropecuario.com\/index.php\/wp-json\/wp\/v2\/comments?post=375"}],"version-history":[{"count":1,"href":"https:\/\/cambioagropecuario.com\/index.php\/wp-json\/wp\/v2\/posts\/375\/revisions"}],"predecessor-version":[{"id":379,"href":"https:\/\/cambioagropecuario.com\/index.php\/wp-json\/wp\/v2\/posts\/375\/revisions\/379"}],"wp:featuredmedia":[{"embeddable":true,"href":"https:\/\/cambioagropecuario.com\/index.php\/wp-json\/wp\/v2\/media\/377"}],"wp:attachment":[{"href":"https:\/\/cambioagropecuario.com\/index.php\/wp-json\/wp\/v2\/media?parent=375"}],"wp:term":[{"taxonomy":"category","embeddable":true,"href":"https:\/\/cambioagropecuario.com\/index.php\/wp-json\/wp\/v2\/categories?post=375"},{"taxonomy":"post_tag","embeddable":true,"href":"https:\/\/cambioagropecuario.com\/index.php\/wp-json\/wp\/v2\/tags?post=375"}],"curies":[{"name":"wp","href":"https:\/\/api.w.org\/{rel}","templated":true}]}}