{"id":371,"date":"2022-02-19T14:14:25","date_gmt":"2022-02-19T14:14:25","guid":{"rendered":"https:\/\/cambioagropecuario.com\/?p=371"},"modified":"2022-02-19T14:14:26","modified_gmt":"2022-02-19T14:14:26","slug":"las-nuevas-autoridades-designadas-asumieron-sus-cargos-al-frente-del-senasa","status":"publish","type":"post","link":"https:\/\/cambioagropecuario.com\/index.php\/2022\/02\/19\/las-nuevas-autoridades-designadas-asumieron-sus-cargos-al-frente-del-senasa\/","title":{"rendered":"Las nuevas autoridades designadas asumieron sus cargos al frente del Senasa"},"content":{"rendered":"\n<p>Diana Guill\u00e9n y Rodolfo Acerbi fueron designados presidenta y vicepresidente, mediante el Decreto 80\/2022 publicado hoy en el Bolet\u00edn Oficial.<\/p>\n\n\n\n<p>En un encuentro de presentaci\u00f3n, realizado en la sede central del Organismo con directores nacionales, regionales y coordinadores&nbsp;<strong>manifestaron su convicci\u00f3n de trabajar por un Senasa del siglo XXI.<\/strong><\/p>\n\n\n\n<p>\u201cLa idea es profundizar el trabajo en equipo e impulsar la articulaci\u00f3n entre las distintas \u00e1reas del Senasa e inclusive con otros organismos del Estado y de la actividad privada para dar respuesta a las necesidades de los distintos actores que integran el sector agropecuario\u201d,&nbsp;<strong>se\u00f1al\u00f3 Guill\u00e9n.<\/strong><\/p>\n\n\n\n<p>Por su parte,&nbsp;<strong>Acerbi record\u00f3<\/strong>&nbsp;su anterior paso por el Servicio y remarc\u00f3 que \u201cel compromiso asumido es por el respeto que tengo hacia el Organismo\u201d. Y agreg\u00f3 que \u201cel Senasa es clave para mantener la sanidad animal, la protecci\u00f3n vegetal y la inocuidad de los alimentos\u201d. Para eso, sostuvo que \u201ctenemos que ser \u00e1giles e inteligentes\u201d.<\/p>\n","protected":false},"excerpt":{"rendered":"<p>Diana Guill\u00e9n y Rodolfo Acerbi fueron designados presidenta y vicepresidente, mediante el Decreto 80\/2022 publicado hoy en el Bolet\u00edn Oficial. En un encuentro de presentaci\u00f3n, realizado en la sede central del Organismo con directores nacionales, regionales y coordinadores&nbsp;manifestaron su convicci\u00f3n de trabajar por un Senasa del siglo XXI. \u201cLa idea es profundizar el trabajo en [&hellip;]<\/p>\n","protected":false},"author":2,"featured_media":372,"comment_status":"closed","ping_status":"open","sticky":false,"template":"","format":"standard","meta":{"footnotes":""},"categories":[18],"tags":[],"class_list":["post-371","post","type-post","status-publish","format-standard","has-post-thumbnail","hentry","category-noticias"],"yoast_head":"<!-- This site is optimized with the Yoast SEO plugin v21.6 - https:\/\/yoast.com\/wordpress\/plugins\/seo\/ -->\n<title>Las nuevas autoridades designadas asumieron sus cargos al frente del Senasa - Cambio Agropecuario<\/title>\n<meta name=\"robots\" content=\"index, follow, max-snippet:-1, max-image-preview:large, max-video-preview:-1\" \/>\n<link rel=\"canonical\" href=\"https:\/\/cambioagropecuario.com\/index.php\/2022\/02\/19\/las-nuevas-autoridades-designadas-asumieron-sus-cargos-al-frente-del-senasa\/\" \/>\n<meta property=\"og:locale\" content=\"es_ES\" \/>\n<meta property=\"og:type\" content=\"article\" \/>\n<meta property=\"og:title\" content=\"Las nuevas autoridades designadas asumieron sus cargos al frente del Senasa - Cambio Agropecuario\" \/>\n<meta property=\"og:description\" content=\"Diana Guill\u00e9n y Rodolfo Acerbi fueron designados presidenta y vicepresidente, mediante el Decreto 80\/2022 publicado hoy en el Bolet\u00edn Oficial. En un encuentro de presentaci\u00f3n, realizado en la sede central del Organismo con directores nacionales, regionales y coordinadores&nbsp;manifestaron su convicci\u00f3n de trabajar por un Senasa del siglo XXI. \u201cLa idea es profundizar el trabajo en [&hellip;]\" \/>\n<meta property=\"og:url\" content=\"https:\/\/cambioagropecuario.com\/index.php\/2022\/02\/19\/las-nuevas-autoridades-designadas-asumieron-sus-cargos-al-frente-del-senasa\/\" \/>\n<meta property=\"og:site_name\" content=\"Cambio Agropecuario\" \/>\n<meta property=\"article:publisher\" content=\"https:\/\/www.facebook.com\/cambio.agropecuario\" \/>\n<meta property=\"article:published_time\" content=\"2022-02-19T14:14:25+00:00\" \/>\n<meta property=\"article:modified_time\" content=\"2022-02-19T14:14:26+00:00\" \/>\n<meta property=\"og:image\" content=\"https:\/\/cambioagropecuario.com\/wp-content\/uploads\/2022\/02\/img-20220218-wa0021.jpg\" \/>\n\t<meta property=\"og:image:width\" content=\"1280\" \/>\n\t<meta property=\"og:image:height\" content=\"777\" \/>\n\t<meta property=\"og:image:type\" content=\"image\/jpeg\" \/>\n<meta name=\"author\" content=\"Jorge Lopez\" \/>\n<meta name=\"twitter:card\" content=\"summary_large_image\" \/>\n<meta name=\"twitter:label1\" content=\"Escrito por\" \/>\n\t<meta name=\"twitter:data1\" content=\"Jorge Lopez\" \/>\n\t<meta name=\"twitter:label2\" content=\"Tiempo de lectura\" \/>\n\t<meta name=\"twitter:data2\" content=\"1 minuto\" \/>\n<script type=\"application\/ld+json\" class=\"yoast-schema-graph\">{\"@context\":\"https:\/\/schema.org\",\"@graph\":[{\"@type\":\"Article\",\"@id\":\"https:\/\/cambioagropecuario.com\/index.php\/2022\/02\/19\/las-nuevas-autoridades-designadas-asumieron-sus-cargos-al-frente-del-senasa\/#article\",\"isPartOf\":{\"@id\":\"https:\/\/cambioagropecuario.com\/index.php\/2022\/02\/19\/las-nuevas-autoridades-designadas-asumieron-sus-cargos-al-frente-del-senasa\/\"},\"author\":{\"name\":\"Jorge Lopez\",\"@id\":\"https:\/\/cambioagropecuario.com\/#\/schema\/person\/24cfd493eaf12ce5568e4f89cfaa3b8a\"},\"headline\":\"Las nuevas autoridades designadas asumieron sus cargos al frente del Senasa\",\"datePublished\":\"2022-02-19T14:14:25+00:00\",\"dateModified\":\"2022-02-19T14:14:26+00:00\",\"mainEntityOfPage\":{\"@id\":\"https:\/\/cambioagropecuario.com\/index.php\/2022\/02\/19\/las-nuevas-autoridades-designadas-asumieron-sus-cargos-al-frente-del-senasa\/\"},\"wordCount\":175,\"publisher\":{\"@id\":\"https:\/\/cambioagropecuario.com\/#organization\"},\"articleSection\":[\"Noticias\"],\"inLanguage\":\"es\"},{\"@type\":\"WebPage\",\"@id\":\"https:\/\/cambioagropecuario.com\/index.php\/2022\/02\/19\/las-nuevas-autoridades-designadas-asumieron-sus-cargos-al-frente-del-senasa\/\",\"url\":\"https:\/\/cambioagropecuario.com\/index.php\/2022\/02\/19\/las-nuevas-autoridades-designadas-asumieron-sus-cargos-al-frente-del-senasa\/\",\"name\":\"Las nuevas autoridades designadas asumieron sus cargos al frente del Senasa - Cambio Agropecuario\",\"isPartOf\":{\"@id\":\"https:\/\/cambioagropecuario.com\/#website\"},\"datePublished\":\"2022-02-19T14:14:25+00:00\",\"dateModified\":\"2022-02-19T14:14:26+00:00\",\"breadcrumb\":{\"@id\":\"https:\/\/cambioagropecuario.com\/index.php\/2022\/02\/19\/las-nuevas-autoridades-designadas-asumieron-sus-cargos-al-frente-del-senasa\/#breadcrumb\"},\"inLanguage\":\"es\",\"potentialAction\":[{\"@type\":\"ReadAction\",\"target\":[\"https:\/\/cambioagropecuario.com\/index.php\/2022\/02\/19\/las-nuevas-autoridades-designadas-asumieron-sus-cargos-al-frente-del-senasa\/\"]}]},{\"@type\":\"BreadcrumbList\",\"@id\":\"https:\/\/cambioagropecuario.com\/index.php\/2022\/02\/19\/las-nuevas-autoridades-designadas-asumieron-sus-cargos-al-frente-del-senasa\/#breadcrumb\",\"itemListElement\":[{\"@type\":\"ListItem\",\"position\":1,\"name\":\"Portada\",\"item\":\"https:\/\/cambioagropecuario.com\/\"},{\"@type\":\"ListItem\",\"position\":2,\"name\":\"Las nuevas autoridades designadas asumieron sus cargos al frente del Senasa\"}]},{\"@type\":\"WebSite\",\"@id\":\"https:\/\/cambioagropecuario.com\/#website\",\"url\":\"https:\/\/cambioagropecuario.com\/\",\"name\":\"Cambio Agropecuario\",\"description\":\"Cambio Agropecuario es un portal de informaci\u00f3n objetiva y veraz del sector Agroproductivo de la Rep\u00fablica Argentina. Lejos de nuestro esp\u00edritu est\u00e1 el hecho de publicar noticias con un sesgo pol\u00edtico que no contribuya a enaltecer el desarrollo de las producciones agr\u00edcolas y pecuarias. Publicamos en libertad, sin presi\u00f3n de corporaci\u00f3n medi\u00e1tica alguna, ni de intereses econ\u00f3micos y pol\u00edticos. Las experiencias productivas ser\u00e1n una constante en este portal, porque nos interesa mostrar las iniciativas que llevan adelante los emprendedores y que son dignas de replicar en alguna latitud de nuestro pa\u00eds.\",\"publisher\":{\"@id\":\"https:\/\/cambioagropecuario.com\/#organization\"},\"potentialAction\":[{\"@type\":\"SearchAction\",\"target\":{\"@type\":\"EntryPoint\",\"urlTemplate\":\"https:\/\/cambioagropecuario.com\/?s={search_term_string}\"},\"query-input\":\"required name=search_term_string\"}],\"inLanguage\":\"es\"},{\"@type\":\"Organization\",\"@id\":\"https:\/\/cambioagropecuario.com\/#organization\",\"name\":\"Cambio Agropecuario\",\"url\":\"https:\/\/cambioagropecuario.com\/\",\"logo\":{\"@type\":\"ImageObject\",\"inLanguage\":\"es\",\"@id\":\"https:\/\/cambioagropecuario.com\/#\/schema\/logo\/image\/\",\"url\":\"https:\/\/cambioagropecuario.com\/wp-content\/uploads\/2021\/11\/cropped-Sin-titulo-1-1.png\",\"contentUrl\":\"https:\/\/cambioagropecuario.com\/wp-content\/uploads\/2021\/11\/cropped-Sin-titulo-1-1.png\",\"width\":512,\"height\":512,\"caption\":\"Cambio Agropecuario\"},\"image\":{\"@id\":\"https:\/\/cambioagropecuario.com\/#\/schema\/logo\/image\/\"},\"sameAs\":[\"https:\/\/www.facebook.com\/cambio.agropecuario\",\"https:\/\/www.youtube.com\/user\/cambioagropecuariotv\"]},{\"@type\":\"Person\",\"@id\":\"https:\/\/cambioagropecuario.com\/#\/schema\/person\/24cfd493eaf12ce5568e4f89cfaa3b8a\",\"name\":\"Jorge Lopez\",\"image\":{\"@type\":\"ImageObject\",\"inLanguage\":\"es\",\"@id\":\"https:\/\/cambioagropecuario.com\/#\/schema\/person\/image\/\",\"url\":\"https:\/\/secure.gravatar.com\/avatar\/775b1c76ac22bc240f9c49041d7dc067?s=96&d=mm&r=g\",\"contentUrl\":\"https:\/\/secure.gravatar.com\/avatar\/775b1c76ac22bc240f9c49041d7dc067?s=96&d=mm&r=g\",\"caption\":\"Jorge Lopez\"},\"url\":\"https:\/\/cambioagropecuario.com\/index.php\/author\/jorge\/\"}]}<\/script>\n<!-- \/ Yoast SEO plugin. -->","yoast_head_json":{"title":"Las nuevas autoridades designadas asumieron sus cargos al frente del Senasa - Cambio Agropecuario","robots":{"index":"index","follow":"follow","max-snippet":"max-snippet:-1","max-image-preview":"max-image-preview:large","max-video-preview":"max-video-preview:-1"},"canonical":"https:\/\/cambioagropecuario.com\/index.php\/2022\/02\/19\/las-nuevas-autoridades-designadas-asumieron-sus-cargos-al-frente-del-senasa\/","og_locale":"es_ES","og_type":"article","og_title":"Las nuevas autoridades designadas asumieron sus cargos al frente del Senasa - Cambio Agropecuario","og_description":"Diana Guill\u00e9n y Rodolfo Acerbi fueron designados presidenta y vicepresidente, mediante el Decreto 80\/2022 publicado hoy en el Bolet\u00edn Oficial. En un encuentro de presentaci\u00f3n, realizado en la sede central del Organismo con directores nacionales, regionales y coordinadores&nbsp;manifestaron su convicci\u00f3n de trabajar por un Senasa del siglo XXI. \u201cLa idea es profundizar el trabajo en [&hellip;]","og_url":"https:\/\/cambioagropecuario.com\/index.php\/2022\/02\/19\/las-nuevas-autoridades-designadas-asumieron-sus-cargos-al-frente-del-senasa\/","og_site_name":"Cambio Agropecuario","article_publisher":"https:\/\/www.facebook.com\/cambio.agropecuario","article_published_time":"2022-02-19T14:14:25+00:00","article_modified_time":"2022-02-19T14:14:26+00:00","og_image":[{"width":1280,"height":777,"url":"https:\/\/cambioagropecuario.com\/wp-content\/uploads\/2022\/02\/img-20220218-wa0021.jpg","type":"image\/jpeg"}],"author":"Jorge Lopez","twitter_card":"summary_large_image","twitter_misc":{"Escrito por":"Jorge Lopez","Tiempo de lectura":"1 minuto"},"schema":{"@context":"https:\/\/schema.org","@graph":[{"@type":"Article","@id":"https:\/\/cambioagropecuario.com\/index.php\/2022\/02\/19\/las-nuevas-autoridades-designadas-asumieron-sus-cargos-al-frente-del-senasa\/#article","isPartOf":{"@id":"https:\/\/cambioagropecuario.com\/index.php\/2022\/02\/19\/las-nuevas-autoridades-designadas-asumieron-sus-cargos-al-frente-del-senasa\/"},"author":{"name":"Jorge Lopez","@id":"https:\/\/cambioagropecuario.com\/#\/schema\/person\/24cfd493eaf12ce5568e4f89cfaa3b8a"},"headline":"Las nuevas autoridades designadas asumieron sus cargos al frente del Senasa","datePublished":"2022-02-19T14:14:25+00:00","dateModified":"2022-02-19T14:14:26+00:00","mainEntityOfPage":{"@id":"https:\/\/cambioagropecuario.com\/index.php\/2022\/02\/19\/las-nuevas-autoridades-designadas-asumieron-sus-cargos-al-frente-del-senasa\/"},"wordCount":175,"publisher":{"@id":"https:\/\/cambioagropecuario.com\/#organization"},"articleSection":["Noticias"],"inLanguage":"es"},{"@type":"WebPage","@id":"https:\/\/cambioagropecuario.com\/index.php\/2022\/02\/19\/las-nuevas-autoridades-designadas-asumieron-sus-cargos-al-frente-del-senasa\/","url":"https:\/\/cambioagropecuario.com\/index.php\/2022\/02\/19\/las-nuevas-autoridades-designadas-asumieron-sus-cargos-al-frente-del-senasa\/","name":"Las nuevas autoridades designadas asumieron sus cargos al frente del Senasa - Cambio Agropecuario","isPartOf":{"@id":"https:\/\/cambioagropecuario.com\/#website"},"datePublished":"2022-02-19T14:14:25+00:00","dateModified":"2022-02-19T14:14:26+00:00","breadcrumb":{"@id":"https:\/\/cambioagropecuario.com\/index.php\/2022\/02\/19\/las-nuevas-autoridades-designadas-asumieron-sus-cargos-al-frente-del-senasa\/#breadcrumb"},"inLanguage":"es","potentialAction":[{"@type":"ReadAction","target":["https:\/\/cambioagropecuario.com\/index.php\/2022\/02\/19\/las-nuevas-autoridades-designadas-asumieron-sus-cargos-al-frente-del-senasa\/"]}]},{"@type":"BreadcrumbList","@id":"https:\/\/cambioagropecuario.com\/index.php\/2022\/02\/19\/las-nuevas-autoridades-designadas-asumieron-sus-cargos-al-frente-del-senasa\/#breadcrumb","itemListElement":[{"@type":"ListItem","position":1,"name":"Portada","item":"https:\/\/cambioagropecuario.com\/"},{"@type":"ListItem","position":2,"name":"Las nuevas autoridades designadas asumieron sus cargos al frente del Senasa"}]},{"@type":"WebSite","@id":"https:\/\/cambioagropecuario.com\/#website","url":"https:\/\/cambioagropecuario.com\/","name":"Cambio Agropecuario","description":"Cambio Agropecuario es un portal de informaci\u00f3n objetiva y veraz del sector Agroproductivo de la Rep\u00fablica Argentina. Lejos de nuestro esp\u00edritu est\u00e1 el hecho de publicar noticias con un sesgo pol\u00edtico que no contribuya a enaltecer el desarrollo de las producciones agr\u00edcolas y pecuarias. Publicamos en libertad, sin presi\u00f3n de corporaci\u00f3n medi\u00e1tica alguna, ni de intereses econ\u00f3micos y pol\u00edticos. Las experiencias productivas ser\u00e1n una constante en este portal, porque nos interesa mostrar las iniciativas que llevan adelante los emprendedores y que son dignas de replicar en alguna latitud de nuestro pa\u00eds.","publisher":{"@id":"https:\/\/cambioagropecuario.com\/#organization"},"potentialAction":[{"@type":"SearchAction","target":{"@type":"EntryPoint","urlTemplate":"https:\/\/cambioagropecuario.com\/?s={search_term_string}"},"query-input":"required name=search_term_string"}],"inLanguage":"es"},{"@type":"Organization","@id":"https:\/\/cambioagropecuario.com\/#organization","name":"Cambio Agropecuario","url":"https:\/\/cambioagropecuario.com\/","logo":{"@type":"ImageObject","inLanguage":"es","@id":"https:\/\/cambioagropecuario.com\/#\/schema\/logo\/image\/","url":"https:\/\/cambioagropecuario.com\/wp-content\/uploads\/2021\/11\/cropped-Sin-titulo-1-1.png","contentUrl":"https:\/\/cambioagropecuario.com\/wp-content\/uploads\/2021\/11\/cropped-Sin-titulo-1-1.png","width":512,"height":512,"caption":"Cambio Agropecuario"},"image":{"@id":"https:\/\/cambioagropecuario.com\/#\/schema\/logo\/image\/"},"sameAs":["https:\/\/www.facebook.com\/cambio.agropecuario","https:\/\/www.youtube.com\/user\/cambioagropecuariotv"]},{"@type":"Person","@id":"https:\/\/cambioagropecuario.com\/#\/schema\/person\/24cfd493eaf12ce5568e4f89cfaa3b8a","name":"Jorge Lopez","image":{"@type":"ImageObject","inLanguage":"es","@id":"https:\/\/cambioagropecuario.com\/#\/schema\/person\/image\/","url":"https:\/\/secure.gravatar.com\/avatar\/775b1c76ac22bc240f9c49041d7dc067?s=96&d=mm&r=g","contentUrl":"https:\/\/secure.gravatar.com\/avatar\/775b1c76ac22bc240f9c49041d7dc067?s=96&d=mm&r=g","caption":"Jorge Lopez"},"url":"https:\/\/cambioagropecuario.com\/index.php\/author\/jorge\/"}]}},"jetpack_sharing_enabled":true,"featured_image_urls":{"full":["https:\/\/i0.wp.com\/cambioagropecuario.com\/wp-content\/uploads\/2022\/02\/img-20220218-wa0021.jpg?fit=1280%2C777&ssl=1",1280,777,false],"thumbnail":["https:\/\/i0.wp.com\/cambioagropecuario.com\/wp-content\/uploads\/2022\/02\/img-20220218-wa0021.jpg?resize=150%2C150&ssl=1",150,150,true],"medium":["https:\/\/i0.wp.com\/cambioagropecuario.com\/wp-content\/uploads\/2022\/02\/img-20220218-wa0021.jpg?fit=300%2C182&ssl=1",300,182,true],"medium_large":["https:\/\/i0.wp.com\/cambioagropecuario.com\/wp-content\/uploads\/2022\/02\/img-20220218-wa0021.jpg?fit=768%2C466&ssl=1",768,466,true],"large":["https:\/\/i0.wp.com\/cambioagropecuario.com\/wp-content\/uploads\/2022\/02\/img-20220218-wa0021.jpg?fit=800%2C486&ssl=1",800,486,true],"1536x1536":["https:\/\/i0.wp.com\/cambioagropecuario.com\/wp-content\/uploads\/2022\/02\/img-20220218-wa0021.jpg?fit=1280%2C777&ssl=1",1280,777,true],"2048x2048":["https:\/\/i0.wp.com\/cambioagropecuario.com\/wp-content\/uploads\/2022\/02\/img-20220218-wa0021.jpg?fit=1280%2C777&ssl=1",1280,777,true]},"author_info":{"display_name":"Jorge Lopez","author_link":"https:\/\/cambioagropecuario.com\/index.php\/author\/jorge\/"},"category_info":"<a href=\"https:\/\/cambioagropecuario.com\/index.php\/category\/noticias\/\" rel=\"category tag\">Noticias<\/a>","tag_info":"Noticias","comment_count":"0","jetpack_featured_media_url":"https:\/\/i0.wp.com\/cambioagropecuario.com\/wp-content\/uploads\/2022\/02\/img-20220218-wa0021.jpg?fit=1280%2C777&ssl=1","_links":{"self":[{"href":"https:\/\/cambioagropecuario.com\/index.php\/wp-json\/wp\/v2\/posts\/371","targetHints":{"allow":["GET"]}}],"collection":[{"href":"https:\/\/cambioagropecuario.com\/index.php\/wp-json\/wp\/v2\/posts"}],"about":[{"href":"https:\/\/cambioagropecuario.com\/index.php\/wp-json\/wp\/v2\/types\/post"}],"author":[{"embeddable":true,"href":"https:\/\/cambioagropecuario.com\/index.php\/wp-json\/wp\/v2\/users\/2"}],"replies":[{"embeddable":true,"href":"https:\/\/cambioagropecuario.com\/index.php\/wp-json\/wp\/v2\/comments?post=371"}],"version-history":[{"count":1,"href":"https:\/\/cambioagropecuario.com\/index.php\/wp-json\/wp\/v2\/posts\/371\/revisions"}],"predecessor-version":[{"id":373,"href":"https:\/\/cambioagropecuario.com\/index.php\/wp-json\/wp\/v2\/posts\/371\/revisions\/373"}],"wp:featuredmedia":[{"embeddable":true,"href":"https:\/\/cambioagropecuario.com\/index.php\/wp-json\/wp\/v2\/media\/372"}],"wp:attachment":[{"href":"https:\/\/cambioagropecuario.com\/index.php\/wp-json\/wp\/v2\/media?parent=371"}],"wp:term":[{"taxonomy":"category","embeddable":true,"href":"https:\/\/cambioagropecuario.com\/index.php\/wp-json\/wp\/v2\/categories?post=371"},{"taxonomy":"post_tag","embeddable":true,"href":"https:\/\/cambioagropecuario.com\/index.php\/wp-json\/wp\/v2\/tags?post=371"}],"curies":[{"name":"wp","href":"https:\/\/api.w.org\/{rel}","templated":true}]}}