{"id":364,"date":"2022-02-19T14:11:09","date_gmt":"2022-02-19T14:11:09","guid":{"rendered":"https:\/\/cambioagropecuario.com\/?p=364"},"modified":"2022-02-19T14:11:10","modified_gmt":"2022-02-19T14:11:10","slug":"julian-dominguez-junto-a-productores-de-mani-de-cordoba-estamos-acompanando-el-espiritu-emprendedor-de-la-argentina","status":"publish","type":"post","link":"https:\/\/cambioagropecuario.com\/index.php\/2022\/02\/19\/julian-dominguez-junto-a-productores-de-mani-de-cordoba-estamos-acompanando-el-espiritu-emprendedor-de-la-argentina\/","title":{"rendered":"Juli\u00e1n Dom\u00ednguez, junto a productores de man\u00ed de C\u00f3rdoba: \u00abEstamos acompa\u00f1ando el esp\u00edritu emprendedor de la Argentina\u00bb"},"content":{"rendered":"\n<p>El titular de la cartera agropecuaria estuvo en la Provincia de C\u00f3rdoba, donde dialog\u00f3 con productores del man\u00ed de esa regi\u00f3n y con representantes de la cadena de valor. Participaron, adem\u00e1s, intendentes de la regi\u00f3n. M\u00e1s tarde, visit\u00f3 el predio de una empresa dedicada a la fabricaci\u00f3n de cosechadoras y arrancadoras de man\u00ed<\/p>\n\n\n\n<p>El ministro de Agricultura, Ganader\u00eda y Pesca de la Naci\u00f3n, Juli\u00e1n Dom\u00ednguez, afirm\u00f3 que \u00abdesde el gobierno nacional estamos acompa\u00f1ando al esp\u00edritu emprendedor de la Argentina, al pa\u00eds que investiga, que genera industrializaci\u00f3n y valor agregado\u00bb. As\u00ed lo expres\u00f3 desde la ciudad de General Deheza, Provincia de C\u00f3rdoba, junto al ministro de Agricultura y Ganader\u00eda provincial, Sergio Busso, y del intendente Franco Morra, tras un encuentro con productores y empresarios de la cadena del man\u00ed.<\/p>\n\n\n\n<p>\u00abEse es el modelo de pa\u00eds por el que trabajamos todos los d\u00edas desde cada uno de los ministerios que nos encomend\u00f3 el Presidente Alberto Fern\u00e1ndez\u00bb, expres\u00f3 durante una jornada en donde, adem\u00e1s, encabez\u00f3 una reuni\u00f3n con jefes municipales de la regi\u00f3n.<\/p>\n\n\n\n<p>En ese sentido, Juli\u00e1n Dom\u00ednguez destac\u00f3 que \u00abla provincia de C\u00f3rdoba est\u00e1 liderando el fen\u00f3meno comercial, econ\u00f3mico, productivo e industrial que representa la industria del man\u00ed\u00bb. \u00abLa provincia gener\u00f3 valor agregado; se industrializ\u00f3; est\u00e1 exportando a los mercados m\u00e1s os del mundo. Por eso, los productores de muchas zonas est\u00e1n despertando a este fen\u00f3meno. Desde C\u00f3rdoba se est\u00e1 expandiendo al resto del pa\u00eds porque es un sector que tiene futuro\u00bb, continu\u00f3.<\/p>\n\n\n\n<p>Tambi\u00e9n el titular de la cartera agropecuaria exhort\u00f3 a \u00abtener una mirada de conjunto\u00bb en materia productiva. \u00abA nosotros nos va bien cuando tenemos un proyecto de pa\u00eds que permite que el campo se desarrolle. La Argentina es una sola y entre todos tenemos que hacer una Argentina m\u00e1s arm\u00f3nica. El pa\u00eds necesita de todos\u00bb, complet\u00f3 al respecto.<\/p>\n\n\n\n<p>En ese sentido, Juli\u00e1n Dom\u00ednguez le agradeci\u00f3 al ministro de Agricultura y Ganader\u00eda de C\u00f3rdoba, Sergio Busso, por \u00abcompartir el plan ganadero\u00bb y \u00abempezar un camino de trabajo compartido\u00bb.<\/p>\n\n\n\n<p>Participaron del encuentro con el ministro nacional la presidenta de la C\u00e1mara Argentina del Man\u00ed, Ivana Cavigliasso; el titular de la Fundaci\u00f3n Man\u00ed Argentino, Claudio Urquiza. Tambi\u00e9n estuvieron Javier Martinetti de Aceitera General Deheza (AGD); Nicol\u00e1s Cantoro de OLEGA; Javier Giraudo de CTA; Axel Gerbaudo de Manisur; Sara Soave del Criadero El Carmen; Claudio Monti de Lorenzati Ruetsch y Cia; Erwin Eyherabide de Morel Vulliez; Mariano Birri del Centro de Ingenieros Agr\u00f3nomos de Cabrera; Nicol\u00e1s Sandrini de JLA; Ricardo Ti\u00f3n de Trust Control; Analia Estavilla de SGS; Marcelo Garc\u00eda de Insuter; y Hern\u00e1n del Pont de Green Trade.<\/p>\n\n\n\n<p>A su vez, estuvieron el intendente de General Cabrera, Guillermo Cavigliasso; de Villa Mar\u00eda, Mart\u00edn Gill; de Carnerillo, Iv\u00e1n Galfr\u00e9; de Ticino, Liliana Ruetsch; de Hernando, Gustavo Botasso; y de Las Perdices, Sergio Avalis. Adem\u00e1s, del titular del INAES, Alexandre Roig; y los subsecretarios de la cartera agropecuaria Delfo Buchaillot (Agricultura) y Javier Preciado Pati\u00f1o (Mercados Agropecuarios).<\/p>\n\n\n\n<figure class=\"wp-block-image\"><img decoding=\"async\" src=\"https:\/\/i0.wp.com\/www.argentina.gob.ar\/sites\/default\/files\/julian_dominguez_junto_a_productores_de_mani_de_cordoba_220217153339_original.jpg?w=800&#038;ssl=1\" alt=\"\" data-recalc-dims=\"1\"\/><\/figure>\n\n\n\n<p>En General Deheza, adem\u00e1s, Juli\u00e1n Dom\u00ednguez recorri\u00f3 las instalaciones de la Empresa CyS Agro, dedicada a la producci\u00f3n y comercializaci\u00f3n de maquinaria de recolecci\u00f3n (trilla) para el sector del man\u00ed. All\u00ed, el ministro nacional dialog\u00f3 con el directivo Jos\u00e9 Cerutti y el gerente de f\u00e1brica, Guillermo Figueroa.<\/p>\n\n\n\n<p><strong>Informaci\u00f3n del sector<\/strong><\/p>\n\n\n\n<p>En las \u00faltimas cinco campa\u00f1as, el man\u00ed ocup\u00f3 entre 350.000 y 440.000 has. En tanto, en la campa\u00f1a 20\/21 se sembraron 420.000 has con una producci\u00f3n de 1,3 millones Tn man\u00ed caja.<\/p>\n\n\n\n<p>La actividad emplea a unos 1.070 productores y la principal provincia productora es C\u00f3rdoba con el 80% de la superficie sembrada. En las \u00faltimas tres campa\u00f1as Buenos Aires increment\u00f3 su participaci\u00f3n nacional en 6 puntos y tambi\u00e9n crecieron La Pampa y Santa Fe.<\/p>\n\n\n\n<p>El sector ingres\u00f3 u$s 947,7 millones en divisas durante 2021. Las exportaciones son principalmente de man\u00ed blancheado, aceite, man\u00ed entero\/partido y preparados.<\/p>\n\n\n\n<p>El Decreto 851\/2021 estableci\u00f3 que a partir del 1\u00b0 de enero de 2022, los derechos de exportaci\u00f3n del man\u00ed para siembra, el man\u00ed tostado y la manteca de man\u00ed ser\u00e1n del 0%; tambi\u00e9n ser\u00e1 del 0% para el man\u00ed con c\u00e1scara en envases de hasta 2 kilos y del 4,5% para envases que tengan un peso superior. Igual al\u00edcuota tendr\u00e1 el man\u00ed confiter\u00eda sin c\u00e1scara y el man\u00ed partido.<\/p>\n","protected":false},"excerpt":{"rendered":"<p>El titular de la cartera agropecuaria estuvo en la Provincia de C\u00f3rdoba, donde dialog\u00f3 con productores del man\u00ed de esa regi\u00f3n y con representantes de la cadena de valor. Participaron, adem\u00e1s, intendentes de la regi\u00f3n. M\u00e1s tarde, visit\u00f3 el predio de una empresa dedicada a la fabricaci\u00f3n de cosechadoras y arrancadoras de man\u00ed El ministro [&hellip;]<\/p>\n","protected":false},"author":2,"featured_media":365,"comment_status":"closed","ping_status":"open","sticky":false,"template":"","format":"standard","meta":{"footnotes":""},"categories":[18],"tags":[],"class_list":["post-364","post","type-post","status-publish","format-standard","has-post-thumbnail","hentry","category-noticias"],"yoast_head":"<!-- This site is optimized with the Yoast SEO plugin v21.6 - https:\/\/yoast.com\/wordpress\/plugins\/seo\/ -->\n<title>Juli\u00e1n Dom\u00ednguez, junto a productores de man\u00ed de C\u00f3rdoba: &quot;Estamos acompa\u00f1ando el esp\u00edritu emprendedor de la Argentina&quot; - Cambio Agropecuario<\/title>\n<meta name=\"robots\" content=\"index, follow, max-snippet:-1, max-image-preview:large, max-video-preview:-1\" \/>\n<link rel=\"canonical\" href=\"https:\/\/cambioagropecuario.com\/index.php\/2022\/02\/19\/julian-dominguez-junto-a-productores-de-mani-de-cordoba-estamos-acompanando-el-espiritu-emprendedor-de-la-argentina\/\" \/>\n<meta property=\"og:locale\" content=\"es_ES\" \/>\n<meta property=\"og:type\" content=\"article\" \/>\n<meta property=\"og:title\" content=\"Juli\u00e1n Dom\u00ednguez, junto a productores de man\u00ed de C\u00f3rdoba: &quot;Estamos acompa\u00f1ando el esp\u00edritu emprendedor de la Argentina&quot; - Cambio Agropecuario\" \/>\n<meta property=\"og:description\" content=\"El titular de la cartera agropecuaria estuvo en la Provincia de C\u00f3rdoba, donde dialog\u00f3 con productores del man\u00ed de esa regi\u00f3n y con representantes de la cadena de valor. Participaron, adem\u00e1s, intendentes de la regi\u00f3n. M\u00e1s tarde, visit\u00f3 el predio de una empresa dedicada a la fabricaci\u00f3n de cosechadoras y arrancadoras de man\u00ed El ministro [&hellip;]\" \/>\n<meta property=\"og:url\" content=\"https:\/\/cambioagropecuario.com\/index.php\/2022\/02\/19\/julian-dominguez-junto-a-productores-de-mani-de-cordoba-estamos-acompanando-el-espiritu-emprendedor-de-la-argentina\/\" \/>\n<meta property=\"og:site_name\" content=\"Cambio Agropecuario\" \/>\n<meta property=\"article:publisher\" content=\"https:\/\/www.facebook.com\/cambio.agropecuario\" \/>\n<meta property=\"article:published_time\" content=\"2022-02-19T14:11:09+00:00\" \/>\n<meta property=\"article:modified_time\" content=\"2022-02-19T14:11:10+00:00\" \/>\n<meta property=\"og:image\" content=\"https:\/\/cambioagropecuario.com\/wp-content\/uploads\/2022\/02\/julian_dominguez_junto_a_productores_de_mani_de_cordoba_220217153359_original.jpg\" \/>\n\t<meta property=\"og:image:width\" content=\"1280\" \/>\n\t<meta property=\"og:image:height\" content=\"853\" \/>\n\t<meta property=\"og:image:type\" content=\"image\/jpeg\" \/>\n<meta name=\"author\" content=\"Jorge Lopez\" \/>\n<meta name=\"twitter:card\" content=\"summary_large_image\" \/>\n<meta name=\"twitter:label1\" content=\"Escrito por\" \/>\n\t<meta name=\"twitter:data1\" content=\"Jorge Lopez\" \/>\n\t<meta name=\"twitter:label2\" content=\"Tiempo de lectura\" \/>\n\t<meta name=\"twitter:data2\" content=\"4 minutos\" \/>\n<script type=\"application\/ld+json\" class=\"yoast-schema-graph\">{\"@context\":\"https:\/\/schema.org\",\"@graph\":[{\"@type\":\"Article\",\"@id\":\"https:\/\/cambioagropecuario.com\/index.php\/2022\/02\/19\/julian-dominguez-junto-a-productores-de-mani-de-cordoba-estamos-acompanando-el-espiritu-emprendedor-de-la-argentina\/#article\",\"isPartOf\":{\"@id\":\"https:\/\/cambioagropecuario.com\/index.php\/2022\/02\/19\/julian-dominguez-junto-a-productores-de-mani-de-cordoba-estamos-acompanando-el-espiritu-emprendedor-de-la-argentina\/\"},\"author\":{\"name\":\"Jorge Lopez\",\"@id\":\"https:\/\/cambioagropecuario.com\/#\/schema\/person\/24cfd493eaf12ce5568e4f89cfaa3b8a\"},\"headline\":\"Juli\u00e1n Dom\u00ednguez, junto a productores de man\u00ed de C\u00f3rdoba: \u00abEstamos acompa\u00f1ando el esp\u00edritu emprendedor de la Argentina\u00bb\",\"datePublished\":\"2022-02-19T14:11:09+00:00\",\"dateModified\":\"2022-02-19T14:11:10+00:00\",\"mainEntityOfPage\":{\"@id\":\"https:\/\/cambioagropecuario.com\/index.php\/2022\/02\/19\/julian-dominguez-junto-a-productores-de-mani-de-cordoba-estamos-acompanando-el-espiritu-emprendedor-de-la-argentina\/\"},\"wordCount\":783,\"publisher\":{\"@id\":\"https:\/\/cambioagropecuario.com\/#organization\"},\"articleSection\":[\"Noticias\"],\"inLanguage\":\"es\"},{\"@type\":\"WebPage\",\"@id\":\"https:\/\/cambioagropecuario.com\/index.php\/2022\/02\/19\/julian-dominguez-junto-a-productores-de-mani-de-cordoba-estamos-acompanando-el-espiritu-emprendedor-de-la-argentina\/\",\"url\":\"https:\/\/cambioagropecuario.com\/index.php\/2022\/02\/19\/julian-dominguez-junto-a-productores-de-mani-de-cordoba-estamos-acompanando-el-espiritu-emprendedor-de-la-argentina\/\",\"name\":\"Juli\u00e1n Dom\u00ednguez, junto a productores de man\u00ed de C\u00f3rdoba: \\\"Estamos acompa\u00f1ando el esp\u00edritu emprendedor de la Argentina\\\" - Cambio Agropecuario\",\"isPartOf\":{\"@id\":\"https:\/\/cambioagropecuario.com\/#website\"},\"datePublished\":\"2022-02-19T14:11:09+00:00\",\"dateModified\":\"2022-02-19T14:11:10+00:00\",\"breadcrumb\":{\"@id\":\"https:\/\/cambioagropecuario.com\/index.php\/2022\/02\/19\/julian-dominguez-junto-a-productores-de-mani-de-cordoba-estamos-acompanando-el-espiritu-emprendedor-de-la-argentina\/#breadcrumb\"},\"inLanguage\":\"es\",\"potentialAction\":[{\"@type\":\"ReadAction\",\"target\":[\"https:\/\/cambioagropecuario.com\/index.php\/2022\/02\/19\/julian-dominguez-junto-a-productores-de-mani-de-cordoba-estamos-acompanando-el-espiritu-emprendedor-de-la-argentina\/\"]}]},{\"@type\":\"BreadcrumbList\",\"@id\":\"https:\/\/cambioagropecuario.com\/index.php\/2022\/02\/19\/julian-dominguez-junto-a-productores-de-mani-de-cordoba-estamos-acompanando-el-espiritu-emprendedor-de-la-argentina\/#breadcrumb\",\"itemListElement\":[{\"@type\":\"ListItem\",\"position\":1,\"name\":\"Portada\",\"item\":\"https:\/\/cambioagropecuario.com\/\"},{\"@type\":\"ListItem\",\"position\":2,\"name\":\"Juli\u00e1n Dom\u00ednguez, junto a productores de man\u00ed de C\u00f3rdoba: \u00abEstamos acompa\u00f1ando el esp\u00edritu emprendedor de la Argentina\u00bb\"}]},{\"@type\":\"WebSite\",\"@id\":\"https:\/\/cambioagropecuario.com\/#website\",\"url\":\"https:\/\/cambioagropecuario.com\/\",\"name\":\"Cambio Agropecuario\",\"description\":\"Cambio Agropecuario es un portal de informaci\u00f3n objetiva y veraz del sector Agroproductivo de la Rep\u00fablica Argentina. Lejos de nuestro esp\u00edritu est\u00e1 el hecho de publicar noticias con un sesgo pol\u00edtico que no contribuya a enaltecer el desarrollo de las producciones agr\u00edcolas y pecuarias. Publicamos en libertad, sin presi\u00f3n de corporaci\u00f3n medi\u00e1tica alguna, ni de intereses econ\u00f3micos y pol\u00edticos. Las experiencias productivas ser\u00e1n una constante en este portal, porque nos interesa mostrar las iniciativas que llevan adelante los emprendedores y que son dignas de replicar en alguna latitud de nuestro pa\u00eds.\",\"publisher\":{\"@id\":\"https:\/\/cambioagropecuario.com\/#organization\"},\"potentialAction\":[{\"@type\":\"SearchAction\",\"target\":{\"@type\":\"EntryPoint\",\"urlTemplate\":\"https:\/\/cambioagropecuario.com\/?s={search_term_string}\"},\"query-input\":\"required name=search_term_string\"}],\"inLanguage\":\"es\"},{\"@type\":\"Organization\",\"@id\":\"https:\/\/cambioagropecuario.com\/#organization\",\"name\":\"Cambio Agropecuario\",\"url\":\"https:\/\/cambioagropecuario.com\/\",\"logo\":{\"@type\":\"ImageObject\",\"inLanguage\":\"es\",\"@id\":\"https:\/\/cambioagropecuario.com\/#\/schema\/logo\/image\/\",\"url\":\"https:\/\/cambioagropecuario.com\/wp-content\/uploads\/2021\/11\/cropped-Sin-titulo-1-1.png\",\"contentUrl\":\"https:\/\/cambioagropecuario.com\/wp-content\/uploads\/2021\/11\/cropped-Sin-titulo-1-1.png\",\"width\":512,\"height\":512,\"caption\":\"Cambio Agropecuario\"},\"image\":{\"@id\":\"https:\/\/cambioagropecuario.com\/#\/schema\/logo\/image\/\"},\"sameAs\":[\"https:\/\/www.facebook.com\/cambio.agropecuario\",\"https:\/\/www.youtube.com\/user\/cambioagropecuariotv\"]},{\"@type\":\"Person\",\"@id\":\"https:\/\/cambioagropecuario.com\/#\/schema\/person\/24cfd493eaf12ce5568e4f89cfaa3b8a\",\"name\":\"Jorge Lopez\",\"image\":{\"@type\":\"ImageObject\",\"inLanguage\":\"es\",\"@id\":\"https:\/\/cambioagropecuario.com\/#\/schema\/person\/image\/\",\"url\":\"https:\/\/secure.gravatar.com\/avatar\/775b1c76ac22bc240f9c49041d7dc067?s=96&d=mm&r=g\",\"contentUrl\":\"https:\/\/secure.gravatar.com\/avatar\/775b1c76ac22bc240f9c49041d7dc067?s=96&d=mm&r=g\",\"caption\":\"Jorge Lopez\"},\"url\":\"https:\/\/cambioagropecuario.com\/index.php\/author\/jorge\/\"}]}<\/script>\n<!-- \/ Yoast SEO plugin. -->","yoast_head_json":{"title":"Juli\u00e1n Dom\u00ednguez, junto a productores de man\u00ed de C\u00f3rdoba: \"Estamos acompa\u00f1ando el esp\u00edritu emprendedor de la Argentina\" - Cambio Agropecuario","robots":{"index":"index","follow":"follow","max-snippet":"max-snippet:-1","max-image-preview":"max-image-preview:large","max-video-preview":"max-video-preview:-1"},"canonical":"https:\/\/cambioagropecuario.com\/index.php\/2022\/02\/19\/julian-dominguez-junto-a-productores-de-mani-de-cordoba-estamos-acompanando-el-espiritu-emprendedor-de-la-argentina\/","og_locale":"es_ES","og_type":"article","og_title":"Juli\u00e1n Dom\u00ednguez, junto a productores de man\u00ed de C\u00f3rdoba: \"Estamos acompa\u00f1ando el esp\u00edritu emprendedor de la Argentina\" - Cambio Agropecuario","og_description":"El titular de la cartera agropecuaria estuvo en la Provincia de C\u00f3rdoba, donde dialog\u00f3 con productores del man\u00ed de esa regi\u00f3n y con representantes de la cadena de valor. Participaron, adem\u00e1s, intendentes de la regi\u00f3n. M\u00e1s tarde, visit\u00f3 el predio de una empresa dedicada a la fabricaci\u00f3n de cosechadoras y arrancadoras de man\u00ed El ministro [&hellip;]","og_url":"https:\/\/cambioagropecuario.com\/index.php\/2022\/02\/19\/julian-dominguez-junto-a-productores-de-mani-de-cordoba-estamos-acompanando-el-espiritu-emprendedor-de-la-argentina\/","og_site_name":"Cambio Agropecuario","article_publisher":"https:\/\/www.facebook.com\/cambio.agropecuario","article_published_time":"2022-02-19T14:11:09+00:00","article_modified_time":"2022-02-19T14:11:10+00:00","og_image":[{"width":1280,"height":853,"url":"https:\/\/cambioagropecuario.com\/wp-content\/uploads\/2022\/02\/julian_dominguez_junto_a_productores_de_mani_de_cordoba_220217153359_original.jpg","type":"image\/jpeg"}],"author":"Jorge Lopez","twitter_card":"summary_large_image","twitter_misc":{"Escrito por":"Jorge Lopez","Tiempo de lectura":"4 minutos"},"schema":{"@context":"https:\/\/schema.org","@graph":[{"@type":"Article","@id":"https:\/\/cambioagropecuario.com\/index.php\/2022\/02\/19\/julian-dominguez-junto-a-productores-de-mani-de-cordoba-estamos-acompanando-el-espiritu-emprendedor-de-la-argentina\/#article","isPartOf":{"@id":"https:\/\/cambioagropecuario.com\/index.php\/2022\/02\/19\/julian-dominguez-junto-a-productores-de-mani-de-cordoba-estamos-acompanando-el-espiritu-emprendedor-de-la-argentina\/"},"author":{"name":"Jorge Lopez","@id":"https:\/\/cambioagropecuario.com\/#\/schema\/person\/24cfd493eaf12ce5568e4f89cfaa3b8a"},"headline":"Juli\u00e1n Dom\u00ednguez, junto a productores de man\u00ed de C\u00f3rdoba: \u00abEstamos acompa\u00f1ando el esp\u00edritu emprendedor de la Argentina\u00bb","datePublished":"2022-02-19T14:11:09+00:00","dateModified":"2022-02-19T14:11:10+00:00","mainEntityOfPage":{"@id":"https:\/\/cambioagropecuario.com\/index.php\/2022\/02\/19\/julian-dominguez-junto-a-productores-de-mani-de-cordoba-estamos-acompanando-el-espiritu-emprendedor-de-la-argentina\/"},"wordCount":783,"publisher":{"@id":"https:\/\/cambioagropecuario.com\/#organization"},"articleSection":["Noticias"],"inLanguage":"es"},{"@type":"WebPage","@id":"https:\/\/cambioagropecuario.com\/index.php\/2022\/02\/19\/julian-dominguez-junto-a-productores-de-mani-de-cordoba-estamos-acompanando-el-espiritu-emprendedor-de-la-argentina\/","url":"https:\/\/cambioagropecuario.com\/index.php\/2022\/02\/19\/julian-dominguez-junto-a-productores-de-mani-de-cordoba-estamos-acompanando-el-espiritu-emprendedor-de-la-argentina\/","name":"Juli\u00e1n Dom\u00ednguez, junto a productores de man\u00ed de C\u00f3rdoba: \"Estamos acompa\u00f1ando el esp\u00edritu emprendedor de la Argentina\" - Cambio Agropecuario","isPartOf":{"@id":"https:\/\/cambioagropecuario.com\/#website"},"datePublished":"2022-02-19T14:11:09+00:00","dateModified":"2022-02-19T14:11:10+00:00","breadcrumb":{"@id":"https:\/\/cambioagropecuario.com\/index.php\/2022\/02\/19\/julian-dominguez-junto-a-productores-de-mani-de-cordoba-estamos-acompanando-el-espiritu-emprendedor-de-la-argentina\/#breadcrumb"},"inLanguage":"es","potentialAction":[{"@type":"ReadAction","target":["https:\/\/cambioagropecuario.com\/index.php\/2022\/02\/19\/julian-dominguez-junto-a-productores-de-mani-de-cordoba-estamos-acompanando-el-espiritu-emprendedor-de-la-argentina\/"]}]},{"@type":"BreadcrumbList","@id":"https:\/\/cambioagropecuario.com\/index.php\/2022\/02\/19\/julian-dominguez-junto-a-productores-de-mani-de-cordoba-estamos-acompanando-el-espiritu-emprendedor-de-la-argentina\/#breadcrumb","itemListElement":[{"@type":"ListItem","position":1,"name":"Portada","item":"https:\/\/cambioagropecuario.com\/"},{"@type":"ListItem","position":2,"name":"Juli\u00e1n Dom\u00ednguez, junto a productores de man\u00ed de C\u00f3rdoba: \u00abEstamos acompa\u00f1ando el esp\u00edritu emprendedor de la Argentina\u00bb"}]},{"@type":"WebSite","@id":"https:\/\/cambioagropecuario.com\/#website","url":"https:\/\/cambioagropecuario.com\/","name":"Cambio Agropecuario","description":"Cambio Agropecuario es un portal de informaci\u00f3n objetiva y veraz del sector Agroproductivo de la Rep\u00fablica Argentina. Lejos de nuestro esp\u00edritu est\u00e1 el hecho de publicar noticias con un sesgo pol\u00edtico que no contribuya a enaltecer el desarrollo de las producciones agr\u00edcolas y pecuarias. Publicamos en libertad, sin presi\u00f3n de corporaci\u00f3n medi\u00e1tica alguna, ni de intereses econ\u00f3micos y pol\u00edticos. Las experiencias productivas ser\u00e1n una constante en este portal, porque nos interesa mostrar las iniciativas que llevan adelante los emprendedores y que son dignas de replicar en alguna latitud de nuestro pa\u00eds.","publisher":{"@id":"https:\/\/cambioagropecuario.com\/#organization"},"potentialAction":[{"@type":"SearchAction","target":{"@type":"EntryPoint","urlTemplate":"https:\/\/cambioagropecuario.com\/?s={search_term_string}"},"query-input":"required name=search_term_string"}],"inLanguage":"es"},{"@type":"Organization","@id":"https:\/\/cambioagropecuario.com\/#organization","name":"Cambio Agropecuario","url":"https:\/\/cambioagropecuario.com\/","logo":{"@type":"ImageObject","inLanguage":"es","@id":"https:\/\/cambioagropecuario.com\/#\/schema\/logo\/image\/","url":"https:\/\/cambioagropecuario.com\/wp-content\/uploads\/2021\/11\/cropped-Sin-titulo-1-1.png","contentUrl":"https:\/\/cambioagropecuario.com\/wp-content\/uploads\/2021\/11\/cropped-Sin-titulo-1-1.png","width":512,"height":512,"caption":"Cambio Agropecuario"},"image":{"@id":"https:\/\/cambioagropecuario.com\/#\/schema\/logo\/image\/"},"sameAs":["https:\/\/www.facebook.com\/cambio.agropecuario","https:\/\/www.youtube.com\/user\/cambioagropecuariotv"]},{"@type":"Person","@id":"https:\/\/cambioagropecuario.com\/#\/schema\/person\/24cfd493eaf12ce5568e4f89cfaa3b8a","name":"Jorge Lopez","image":{"@type":"ImageObject","inLanguage":"es","@id":"https:\/\/cambioagropecuario.com\/#\/schema\/person\/image\/","url":"https:\/\/secure.gravatar.com\/avatar\/775b1c76ac22bc240f9c49041d7dc067?s=96&d=mm&r=g","contentUrl":"https:\/\/secure.gravatar.com\/avatar\/775b1c76ac22bc240f9c49041d7dc067?s=96&d=mm&r=g","caption":"Jorge Lopez"},"url":"https:\/\/cambioagropecuario.com\/index.php\/author\/jorge\/"}]}},"jetpack_sharing_enabled":true,"featured_image_urls":{"full":["https:\/\/i0.wp.com\/cambioagropecuario.com\/wp-content\/uploads\/2022\/02\/julian_dominguez_junto_a_productores_de_mani_de_cordoba_220217153359_original.jpg?fit=1280%2C853&ssl=1",1280,853,false],"thumbnail":["https:\/\/i0.wp.com\/cambioagropecuario.com\/wp-content\/uploads\/2022\/02\/julian_dominguez_junto_a_productores_de_mani_de_cordoba_220217153359_original.jpg?resize=150%2C150&ssl=1",150,150,true],"medium":["https:\/\/i0.wp.com\/cambioagropecuario.com\/wp-content\/uploads\/2022\/02\/julian_dominguez_junto_a_productores_de_mani_de_cordoba_220217153359_original.jpg?fit=300%2C200&ssl=1",300,200,true],"medium_large":["https:\/\/i0.wp.com\/cambioagropecuario.com\/wp-content\/uploads\/2022\/02\/julian_dominguez_junto_a_productores_de_mani_de_cordoba_220217153359_original.jpg?fit=768%2C512&ssl=1",768,512,true],"large":["https:\/\/i0.wp.com\/cambioagropecuario.com\/wp-content\/uploads\/2022\/02\/julian_dominguez_junto_a_productores_de_mani_de_cordoba_220217153359_original.jpg?fit=800%2C533&ssl=1",800,533,true],"1536x1536":["https:\/\/i0.wp.com\/cambioagropecuario.com\/wp-content\/uploads\/2022\/02\/julian_dominguez_junto_a_productores_de_mani_de_cordoba_220217153359_original.jpg?fit=1280%2C853&ssl=1",1280,853,true],"2048x2048":["https:\/\/i0.wp.com\/cambioagropecuario.com\/wp-content\/uploads\/2022\/02\/julian_dominguez_junto_a_productores_de_mani_de_cordoba_220217153359_original.jpg?fit=1280%2C853&ssl=1",1280,853,true]},"author_info":{"display_name":"Jorge Lopez","author_link":"https:\/\/cambioagropecuario.com\/index.php\/author\/jorge\/"},"category_info":"<a href=\"https:\/\/cambioagropecuario.com\/index.php\/category\/noticias\/\" rel=\"category tag\">Noticias<\/a>","tag_info":"Noticias","comment_count":"0","jetpack_featured_media_url":"https:\/\/i0.wp.com\/cambioagropecuario.com\/wp-content\/uploads\/2022\/02\/julian_dominguez_junto_a_productores_de_mani_de_cordoba_220217153359_original.jpg?fit=1280%2C853&ssl=1","_links":{"self":[{"href":"https:\/\/cambioagropecuario.com\/index.php\/wp-json\/wp\/v2\/posts\/364","targetHints":{"allow":["GET"]}}],"collection":[{"href":"https:\/\/cambioagropecuario.com\/index.php\/wp-json\/wp\/v2\/posts"}],"about":[{"href":"https:\/\/cambioagropecuario.com\/index.php\/wp-json\/wp\/v2\/types\/post"}],"author":[{"embeddable":true,"href":"https:\/\/cambioagropecuario.com\/index.php\/wp-json\/wp\/v2\/users\/2"}],"replies":[{"embeddable":true,"href":"https:\/\/cambioagropecuario.com\/index.php\/wp-json\/wp\/v2\/comments?post=364"}],"version-history":[{"count":1,"href":"https:\/\/cambioagropecuario.com\/index.php\/wp-json\/wp\/v2\/posts\/364\/revisions"}],"predecessor-version":[{"id":366,"href":"https:\/\/cambioagropecuario.com\/index.php\/wp-json\/wp\/v2\/posts\/364\/revisions\/366"}],"wp:featuredmedia":[{"embeddable":true,"href":"https:\/\/cambioagropecuario.com\/index.php\/wp-json\/wp\/v2\/media\/365"}],"wp:attachment":[{"href":"https:\/\/cambioagropecuario.com\/index.php\/wp-json\/wp\/v2\/media?parent=364"}],"wp:term":[{"taxonomy":"category","embeddable":true,"href":"https:\/\/cambioagropecuario.com\/index.php\/wp-json\/wp\/v2\/categories?post=364"},{"taxonomy":"post_tag","embeddable":true,"href":"https:\/\/cambioagropecuario.com\/index.php\/wp-json\/wp\/v2\/tags?post=364"}],"curies":[{"name":"wp","href":"https:\/\/api.w.org\/{rel}","templated":true}]}}