{"id":361,"date":"2022-02-19T13:49:16","date_gmt":"2022-02-19T13:49:16","guid":{"rendered":"https:\/\/cambioagropecuario.com\/?p=361"},"modified":"2022-02-19T13:49:17","modified_gmt":"2022-02-19T13:49:17","slug":"se-agiliza-el-movimiento-de-hacienda-en-las-zonas-de-emergencia-agropecuaria","status":"publish","type":"post","link":"https:\/\/cambioagropecuario.com\/index.php\/2022\/02\/19\/se-agiliza-el-movimiento-de-hacienda-en-las-zonas-de-emergencia-agropecuaria\/","title":{"rendered":"Se agiliza el movimiento de hacienda en las zonas de emergencia agropecuaria"},"content":{"rendered":"\n<p>El Senasa dispuso una serie de medidas para dar respuestas en las provincias de Corrientes, Misiones, Chaco, Formosa, y Entre R\u00edos.<\/p>\n\n\n\n<p>Las medidas alcanzan a las oficinas del Senasa en las&nbsp;<strong>provincias de Corrientes, Misiones, Chaco, Formosa<\/strong>&nbsp;y&nbsp;<strong>Entre R\u00edos<\/strong>&nbsp;y ser\u00e1n aplicadas acorde a la situaci\u00f3n emergencial en cada una de ellas. De esta forma, las autoridades nacionales del Senasa dispusieron que el personal est\u00e9 disponible para la emisi\u00f3n del&nbsp;<strong>Documento de Tr\u00e1nsito electr\u00f3nico (DT-e)<\/strong>&nbsp;o&nbsp;<strong>Documento \u00danico de Tr\u00e1nsito (DUT)<\/strong>.<\/p>\n\n\n\n<p>Se colabora con el Comit\u00e9 de emergencia que trabaja con ministerios, fuerzas vivas de los municipios afectados y Ej\u00e9rcito Argentino aportando, en los casos que se puede, log\u00edstica para proveer a los bomberos de agua para beber, hielo, comida y ropa.<\/p>\n\n\n\n<p>Aprovechando el sistema de geo-referencia de campos que posee el Senasa, se enviaron los archivos de datos a las autoridades provinciales para ubicar y combatir los incendios.<\/p>\n\n\n\n<p>Adem\u00e1s, el personal de cada oficina del Senasa trabaja en concordancia con los municipios, provincias y fuerzas vivas en la atenci\u00f3n de animales afectados por el fuego.<\/p>\n\n\n\n<p>En este mismo sentido, el Senasa evaluar\u00e1 la implementaci\u00f3n de nuevas medidas sanitarias adicionales tendientes a facilitar el movimiento de animales en las zonas afectadas, conforme sean necesarias, remarcando que las mismas se realizar\u00e1n dando las adecuadas garant\u00edas sanitarias para no generar impacto en los objetivos ni en los estatus sanitarios alcanzados, y preservando el bienestar animal.<\/p>\n","protected":false},"excerpt":{"rendered":"<p>El Senasa dispuso una serie de medidas para dar respuestas en las provincias de Corrientes, Misiones, Chaco, Formosa, y Entre R\u00edos. Las medidas alcanzan a las oficinas del Senasa en las&nbsp;provincias de Corrientes, Misiones, Chaco, Formosa&nbsp;y&nbsp;Entre R\u00edos&nbsp;y ser\u00e1n aplicadas acorde a la situaci\u00f3n emergencial en cada una de ellas. De esta forma, las autoridades nacionales [&hellip;]<\/p>\n","protected":false},"author":2,"featured_media":362,"comment_status":"closed","ping_status":"open","sticky":false,"template":"","format":"standard","meta":{"footnotes":""},"categories":[18],"tags":[],"class_list":["post-361","post","type-post","status-publish","format-standard","has-post-thumbnail","hentry","category-noticias"],"yoast_head":"<!-- This site is optimized with the Yoast SEO plugin v21.6 - https:\/\/yoast.com\/wordpress\/plugins\/seo\/ -->\n<title>Se agiliza el movimiento de hacienda en las zonas de emergencia agropecuaria - Cambio Agropecuario<\/title>\n<meta name=\"robots\" content=\"index, follow, max-snippet:-1, max-image-preview:large, max-video-preview:-1\" \/>\n<link rel=\"canonical\" href=\"https:\/\/cambioagropecuario.com\/index.php\/2022\/02\/19\/se-agiliza-el-movimiento-de-hacienda-en-las-zonas-de-emergencia-agropecuaria\/\" \/>\n<meta property=\"og:locale\" content=\"es_ES\" \/>\n<meta property=\"og:type\" content=\"article\" \/>\n<meta property=\"og:title\" content=\"Se agiliza el movimiento de hacienda en las zonas de emergencia agropecuaria - Cambio Agropecuario\" \/>\n<meta property=\"og:description\" content=\"El Senasa dispuso una serie de medidas para dar respuestas en las provincias de Corrientes, Misiones, Chaco, Formosa, y Entre R\u00edos. Las medidas alcanzan a las oficinas del Senasa en las&nbsp;provincias de Corrientes, Misiones, Chaco, Formosa&nbsp;y&nbsp;Entre R\u00edos&nbsp;y ser\u00e1n aplicadas acorde a la situaci\u00f3n emergencial en cada una de ellas. De esta forma, las autoridades nacionales [&hellip;]\" \/>\n<meta property=\"og:url\" content=\"https:\/\/cambioagropecuario.com\/index.php\/2022\/02\/19\/se-agiliza-el-movimiento-de-hacienda-en-las-zonas-de-emergencia-agropecuaria\/\" \/>\n<meta property=\"og:site_name\" content=\"Cambio Agropecuario\" \/>\n<meta property=\"article:publisher\" content=\"https:\/\/www.facebook.com\/cambio.agropecuario\" \/>\n<meta property=\"article:published_time\" content=\"2022-02-19T13:49:16+00:00\" \/>\n<meta property=\"article:modified_time\" content=\"2022-02-19T13:49:17+00:00\" \/>\n<meta property=\"og:image\" content=\"https:\/\/cambioagropecuario.com\/wp-content\/uploads\/2022\/02\/incendios-en-la-provincia-de___5BBsktWQs_1256x620__1.jpg\" \/>\n\t<meta property=\"og:image:width\" content=\"1256\" \/>\n\t<meta property=\"og:image:height\" content=\"620\" \/>\n\t<meta property=\"og:image:type\" content=\"image\/jpeg\" \/>\n<meta name=\"author\" content=\"Jorge Lopez\" \/>\n<meta name=\"twitter:card\" content=\"summary_large_image\" \/>\n<meta name=\"twitter:label1\" content=\"Escrito por\" \/>\n\t<meta name=\"twitter:data1\" content=\"Jorge Lopez\" \/>\n\t<meta name=\"twitter:label2\" content=\"Tiempo de lectura\" \/>\n\t<meta name=\"twitter:data2\" content=\"1 minuto\" \/>\n<script type=\"application\/ld+json\" class=\"yoast-schema-graph\">{\"@context\":\"https:\/\/schema.org\",\"@graph\":[{\"@type\":\"Article\",\"@id\":\"https:\/\/cambioagropecuario.com\/index.php\/2022\/02\/19\/se-agiliza-el-movimiento-de-hacienda-en-las-zonas-de-emergencia-agropecuaria\/#article\",\"isPartOf\":{\"@id\":\"https:\/\/cambioagropecuario.com\/index.php\/2022\/02\/19\/se-agiliza-el-movimiento-de-hacienda-en-las-zonas-de-emergencia-agropecuaria\/\"},\"author\":{\"name\":\"Jorge Lopez\",\"@id\":\"https:\/\/cambioagropecuario.com\/#\/schema\/person\/24cfd493eaf12ce5568e4f89cfaa3b8a\"},\"headline\":\"Se agiliza el movimiento de hacienda en las zonas de emergencia agropecuaria\",\"datePublished\":\"2022-02-19T13:49:16+00:00\",\"dateModified\":\"2022-02-19T13:49:17+00:00\",\"mainEntityOfPage\":{\"@id\":\"https:\/\/cambioagropecuario.com\/index.php\/2022\/02\/19\/se-agiliza-el-movimiento-de-hacienda-en-las-zonas-de-emergencia-agropecuaria\/\"},\"wordCount\":268,\"publisher\":{\"@id\":\"https:\/\/cambioagropecuario.com\/#organization\"},\"articleSection\":[\"Noticias\"],\"inLanguage\":\"es\"},{\"@type\":\"WebPage\",\"@id\":\"https:\/\/cambioagropecuario.com\/index.php\/2022\/02\/19\/se-agiliza-el-movimiento-de-hacienda-en-las-zonas-de-emergencia-agropecuaria\/\",\"url\":\"https:\/\/cambioagropecuario.com\/index.php\/2022\/02\/19\/se-agiliza-el-movimiento-de-hacienda-en-las-zonas-de-emergencia-agropecuaria\/\",\"name\":\"Se agiliza el movimiento de hacienda en las zonas de emergencia agropecuaria - Cambio Agropecuario\",\"isPartOf\":{\"@id\":\"https:\/\/cambioagropecuario.com\/#website\"},\"datePublished\":\"2022-02-19T13:49:16+00:00\",\"dateModified\":\"2022-02-19T13:49:17+00:00\",\"breadcrumb\":{\"@id\":\"https:\/\/cambioagropecuario.com\/index.php\/2022\/02\/19\/se-agiliza-el-movimiento-de-hacienda-en-las-zonas-de-emergencia-agropecuaria\/#breadcrumb\"},\"inLanguage\":\"es\",\"potentialAction\":[{\"@type\":\"ReadAction\",\"target\":[\"https:\/\/cambioagropecuario.com\/index.php\/2022\/02\/19\/se-agiliza-el-movimiento-de-hacienda-en-las-zonas-de-emergencia-agropecuaria\/\"]}]},{\"@type\":\"BreadcrumbList\",\"@id\":\"https:\/\/cambioagropecuario.com\/index.php\/2022\/02\/19\/se-agiliza-el-movimiento-de-hacienda-en-las-zonas-de-emergencia-agropecuaria\/#breadcrumb\",\"itemListElement\":[{\"@type\":\"ListItem\",\"position\":1,\"name\":\"Portada\",\"item\":\"https:\/\/cambioagropecuario.com\/\"},{\"@type\":\"ListItem\",\"position\":2,\"name\":\"Se agiliza el movimiento de hacienda en las zonas de emergencia agropecuaria\"}]},{\"@type\":\"WebSite\",\"@id\":\"https:\/\/cambioagropecuario.com\/#website\",\"url\":\"https:\/\/cambioagropecuario.com\/\",\"name\":\"Cambio Agropecuario\",\"description\":\"Cambio Agropecuario es un portal de informaci\u00f3n objetiva y veraz del sector Agroproductivo de la Rep\u00fablica Argentina. Lejos de nuestro esp\u00edritu est\u00e1 el hecho de publicar noticias con un sesgo pol\u00edtico que no contribuya a enaltecer el desarrollo de las producciones agr\u00edcolas y pecuarias. Publicamos en libertad, sin presi\u00f3n de corporaci\u00f3n medi\u00e1tica alguna, ni de intereses econ\u00f3micos y pol\u00edticos. Las experiencias productivas ser\u00e1n una constante en este portal, porque nos interesa mostrar las iniciativas que llevan adelante los emprendedores y que son dignas de replicar en alguna latitud de nuestro pa\u00eds.\",\"publisher\":{\"@id\":\"https:\/\/cambioagropecuario.com\/#organization\"},\"potentialAction\":[{\"@type\":\"SearchAction\",\"target\":{\"@type\":\"EntryPoint\",\"urlTemplate\":\"https:\/\/cambioagropecuario.com\/?s={search_term_string}\"},\"query-input\":\"required name=search_term_string\"}],\"inLanguage\":\"es\"},{\"@type\":\"Organization\",\"@id\":\"https:\/\/cambioagropecuario.com\/#organization\",\"name\":\"Cambio Agropecuario\",\"url\":\"https:\/\/cambioagropecuario.com\/\",\"logo\":{\"@type\":\"ImageObject\",\"inLanguage\":\"es\",\"@id\":\"https:\/\/cambioagropecuario.com\/#\/schema\/logo\/image\/\",\"url\":\"https:\/\/cambioagropecuario.com\/wp-content\/uploads\/2021\/11\/cropped-Sin-titulo-1-1.png\",\"contentUrl\":\"https:\/\/cambioagropecuario.com\/wp-content\/uploads\/2021\/11\/cropped-Sin-titulo-1-1.png\",\"width\":512,\"height\":512,\"caption\":\"Cambio Agropecuario\"},\"image\":{\"@id\":\"https:\/\/cambioagropecuario.com\/#\/schema\/logo\/image\/\"},\"sameAs\":[\"https:\/\/www.facebook.com\/cambio.agropecuario\",\"https:\/\/www.youtube.com\/user\/cambioagropecuariotv\"]},{\"@type\":\"Person\",\"@id\":\"https:\/\/cambioagropecuario.com\/#\/schema\/person\/24cfd493eaf12ce5568e4f89cfaa3b8a\",\"name\":\"Jorge Lopez\",\"image\":{\"@type\":\"ImageObject\",\"inLanguage\":\"es\",\"@id\":\"https:\/\/cambioagropecuario.com\/#\/schema\/person\/image\/\",\"url\":\"https:\/\/secure.gravatar.com\/avatar\/775b1c76ac22bc240f9c49041d7dc067?s=96&d=mm&r=g\",\"contentUrl\":\"https:\/\/secure.gravatar.com\/avatar\/775b1c76ac22bc240f9c49041d7dc067?s=96&d=mm&r=g\",\"caption\":\"Jorge Lopez\"},\"url\":\"https:\/\/cambioagropecuario.com\/index.php\/author\/jorge\/\"}]}<\/script>\n<!-- \/ Yoast SEO plugin. -->","yoast_head_json":{"title":"Se agiliza el movimiento de hacienda en las zonas de emergencia agropecuaria - Cambio Agropecuario","robots":{"index":"index","follow":"follow","max-snippet":"max-snippet:-1","max-image-preview":"max-image-preview:large","max-video-preview":"max-video-preview:-1"},"canonical":"https:\/\/cambioagropecuario.com\/index.php\/2022\/02\/19\/se-agiliza-el-movimiento-de-hacienda-en-las-zonas-de-emergencia-agropecuaria\/","og_locale":"es_ES","og_type":"article","og_title":"Se agiliza el movimiento de hacienda en las zonas de emergencia agropecuaria - Cambio Agropecuario","og_description":"El Senasa dispuso una serie de medidas para dar respuestas en las provincias de Corrientes, Misiones, Chaco, Formosa, y Entre R\u00edos. Las medidas alcanzan a las oficinas del Senasa en las&nbsp;provincias de Corrientes, Misiones, Chaco, Formosa&nbsp;y&nbsp;Entre R\u00edos&nbsp;y ser\u00e1n aplicadas acorde a la situaci\u00f3n emergencial en cada una de ellas. De esta forma, las autoridades nacionales [&hellip;]","og_url":"https:\/\/cambioagropecuario.com\/index.php\/2022\/02\/19\/se-agiliza-el-movimiento-de-hacienda-en-las-zonas-de-emergencia-agropecuaria\/","og_site_name":"Cambio Agropecuario","article_publisher":"https:\/\/www.facebook.com\/cambio.agropecuario","article_published_time":"2022-02-19T13:49:16+00:00","article_modified_time":"2022-02-19T13:49:17+00:00","og_image":[{"width":1256,"height":620,"url":"https:\/\/cambioagropecuario.com\/wp-content\/uploads\/2022\/02\/incendios-en-la-provincia-de___5BBsktWQs_1256x620__1.jpg","type":"image\/jpeg"}],"author":"Jorge Lopez","twitter_card":"summary_large_image","twitter_misc":{"Escrito por":"Jorge Lopez","Tiempo de lectura":"1 minuto"},"schema":{"@context":"https:\/\/schema.org","@graph":[{"@type":"Article","@id":"https:\/\/cambioagropecuario.com\/index.php\/2022\/02\/19\/se-agiliza-el-movimiento-de-hacienda-en-las-zonas-de-emergencia-agropecuaria\/#article","isPartOf":{"@id":"https:\/\/cambioagropecuario.com\/index.php\/2022\/02\/19\/se-agiliza-el-movimiento-de-hacienda-en-las-zonas-de-emergencia-agropecuaria\/"},"author":{"name":"Jorge Lopez","@id":"https:\/\/cambioagropecuario.com\/#\/schema\/person\/24cfd493eaf12ce5568e4f89cfaa3b8a"},"headline":"Se agiliza el movimiento de hacienda en las zonas de emergencia agropecuaria","datePublished":"2022-02-19T13:49:16+00:00","dateModified":"2022-02-19T13:49:17+00:00","mainEntityOfPage":{"@id":"https:\/\/cambioagropecuario.com\/index.php\/2022\/02\/19\/se-agiliza-el-movimiento-de-hacienda-en-las-zonas-de-emergencia-agropecuaria\/"},"wordCount":268,"publisher":{"@id":"https:\/\/cambioagropecuario.com\/#organization"},"articleSection":["Noticias"],"inLanguage":"es"},{"@type":"WebPage","@id":"https:\/\/cambioagropecuario.com\/index.php\/2022\/02\/19\/se-agiliza-el-movimiento-de-hacienda-en-las-zonas-de-emergencia-agropecuaria\/","url":"https:\/\/cambioagropecuario.com\/index.php\/2022\/02\/19\/se-agiliza-el-movimiento-de-hacienda-en-las-zonas-de-emergencia-agropecuaria\/","name":"Se agiliza el movimiento de hacienda en las zonas de emergencia agropecuaria - Cambio Agropecuario","isPartOf":{"@id":"https:\/\/cambioagropecuario.com\/#website"},"datePublished":"2022-02-19T13:49:16+00:00","dateModified":"2022-02-19T13:49:17+00:00","breadcrumb":{"@id":"https:\/\/cambioagropecuario.com\/index.php\/2022\/02\/19\/se-agiliza-el-movimiento-de-hacienda-en-las-zonas-de-emergencia-agropecuaria\/#breadcrumb"},"inLanguage":"es","potentialAction":[{"@type":"ReadAction","target":["https:\/\/cambioagropecuario.com\/index.php\/2022\/02\/19\/se-agiliza-el-movimiento-de-hacienda-en-las-zonas-de-emergencia-agropecuaria\/"]}]},{"@type":"BreadcrumbList","@id":"https:\/\/cambioagropecuario.com\/index.php\/2022\/02\/19\/se-agiliza-el-movimiento-de-hacienda-en-las-zonas-de-emergencia-agropecuaria\/#breadcrumb","itemListElement":[{"@type":"ListItem","position":1,"name":"Portada","item":"https:\/\/cambioagropecuario.com\/"},{"@type":"ListItem","position":2,"name":"Se agiliza el movimiento de hacienda en las zonas de emergencia agropecuaria"}]},{"@type":"WebSite","@id":"https:\/\/cambioagropecuario.com\/#website","url":"https:\/\/cambioagropecuario.com\/","name":"Cambio Agropecuario","description":"Cambio Agropecuario es un portal de informaci\u00f3n objetiva y veraz del sector Agroproductivo de la Rep\u00fablica Argentina. Lejos de nuestro esp\u00edritu est\u00e1 el hecho de publicar noticias con un sesgo pol\u00edtico que no contribuya a enaltecer el desarrollo de las producciones agr\u00edcolas y pecuarias. Publicamos en libertad, sin presi\u00f3n de corporaci\u00f3n medi\u00e1tica alguna, ni de intereses econ\u00f3micos y pol\u00edticos. Las experiencias productivas ser\u00e1n una constante en este portal, porque nos interesa mostrar las iniciativas que llevan adelante los emprendedores y que son dignas de replicar en alguna latitud de nuestro pa\u00eds.","publisher":{"@id":"https:\/\/cambioagropecuario.com\/#organization"},"potentialAction":[{"@type":"SearchAction","target":{"@type":"EntryPoint","urlTemplate":"https:\/\/cambioagropecuario.com\/?s={search_term_string}"},"query-input":"required name=search_term_string"}],"inLanguage":"es"},{"@type":"Organization","@id":"https:\/\/cambioagropecuario.com\/#organization","name":"Cambio Agropecuario","url":"https:\/\/cambioagropecuario.com\/","logo":{"@type":"ImageObject","inLanguage":"es","@id":"https:\/\/cambioagropecuario.com\/#\/schema\/logo\/image\/","url":"https:\/\/cambioagropecuario.com\/wp-content\/uploads\/2021\/11\/cropped-Sin-titulo-1-1.png","contentUrl":"https:\/\/cambioagropecuario.com\/wp-content\/uploads\/2021\/11\/cropped-Sin-titulo-1-1.png","width":512,"height":512,"caption":"Cambio Agropecuario"},"image":{"@id":"https:\/\/cambioagropecuario.com\/#\/schema\/logo\/image\/"},"sameAs":["https:\/\/www.facebook.com\/cambio.agropecuario","https:\/\/www.youtube.com\/user\/cambioagropecuariotv"]},{"@type":"Person","@id":"https:\/\/cambioagropecuario.com\/#\/schema\/person\/24cfd493eaf12ce5568e4f89cfaa3b8a","name":"Jorge Lopez","image":{"@type":"ImageObject","inLanguage":"es","@id":"https:\/\/cambioagropecuario.com\/#\/schema\/person\/image\/","url":"https:\/\/secure.gravatar.com\/avatar\/775b1c76ac22bc240f9c49041d7dc067?s=96&d=mm&r=g","contentUrl":"https:\/\/secure.gravatar.com\/avatar\/775b1c76ac22bc240f9c49041d7dc067?s=96&d=mm&r=g","caption":"Jorge Lopez"},"url":"https:\/\/cambioagropecuario.com\/index.php\/author\/jorge\/"}]}},"jetpack_sharing_enabled":true,"featured_image_urls":{"full":["https:\/\/i0.wp.com\/cambioagropecuario.com\/wp-content\/uploads\/2022\/02\/incendios-en-la-provincia-de___5BBsktWQs_1256x620__1.jpg?fit=1256%2C620&ssl=1",1256,620,false],"thumbnail":["https:\/\/i0.wp.com\/cambioagropecuario.com\/wp-content\/uploads\/2022\/02\/incendios-en-la-provincia-de___5BBsktWQs_1256x620__1.jpg?resize=150%2C150&ssl=1",150,150,true],"medium":["https:\/\/i0.wp.com\/cambioagropecuario.com\/wp-content\/uploads\/2022\/02\/incendios-en-la-provincia-de___5BBsktWQs_1256x620__1.jpg?fit=300%2C148&ssl=1",300,148,true],"medium_large":["https:\/\/i0.wp.com\/cambioagropecuario.com\/wp-content\/uploads\/2022\/02\/incendios-en-la-provincia-de___5BBsktWQs_1256x620__1.jpg?fit=768%2C379&ssl=1",768,379,true],"large":["https:\/\/i0.wp.com\/cambioagropecuario.com\/wp-content\/uploads\/2022\/02\/incendios-en-la-provincia-de___5BBsktWQs_1256x620__1.jpg?fit=800%2C395&ssl=1",800,395,true],"1536x1536":["https:\/\/i0.wp.com\/cambioagropecuario.com\/wp-content\/uploads\/2022\/02\/incendios-en-la-provincia-de___5BBsktWQs_1256x620__1.jpg?fit=1256%2C620&ssl=1",1256,620,true],"2048x2048":["https:\/\/i0.wp.com\/cambioagropecuario.com\/wp-content\/uploads\/2022\/02\/incendios-en-la-provincia-de___5BBsktWQs_1256x620__1.jpg?fit=1256%2C620&ssl=1",1256,620,true]},"author_info":{"display_name":"Jorge Lopez","author_link":"https:\/\/cambioagropecuario.com\/index.php\/author\/jorge\/"},"category_info":"<a href=\"https:\/\/cambioagropecuario.com\/index.php\/category\/noticias\/\" rel=\"category tag\">Noticias<\/a>","tag_info":"Noticias","comment_count":"0","jetpack_featured_media_url":"https:\/\/i0.wp.com\/cambioagropecuario.com\/wp-content\/uploads\/2022\/02\/incendios-en-la-provincia-de___5BBsktWQs_1256x620__1.jpg?fit=1256%2C620&ssl=1","_links":{"self":[{"href":"https:\/\/cambioagropecuario.com\/index.php\/wp-json\/wp\/v2\/posts\/361","targetHints":{"allow":["GET"]}}],"collection":[{"href":"https:\/\/cambioagropecuario.com\/index.php\/wp-json\/wp\/v2\/posts"}],"about":[{"href":"https:\/\/cambioagropecuario.com\/index.php\/wp-json\/wp\/v2\/types\/post"}],"author":[{"embeddable":true,"href":"https:\/\/cambioagropecuario.com\/index.php\/wp-json\/wp\/v2\/users\/2"}],"replies":[{"embeddable":true,"href":"https:\/\/cambioagropecuario.com\/index.php\/wp-json\/wp\/v2\/comments?post=361"}],"version-history":[{"count":1,"href":"https:\/\/cambioagropecuario.com\/index.php\/wp-json\/wp\/v2\/posts\/361\/revisions"}],"predecessor-version":[{"id":363,"href":"https:\/\/cambioagropecuario.com\/index.php\/wp-json\/wp\/v2\/posts\/361\/revisions\/363"}],"wp:featuredmedia":[{"embeddable":true,"href":"https:\/\/cambioagropecuario.com\/index.php\/wp-json\/wp\/v2\/media\/362"}],"wp:attachment":[{"href":"https:\/\/cambioagropecuario.com\/index.php\/wp-json\/wp\/v2\/media?parent=361"}],"wp:term":[{"taxonomy":"category","embeddable":true,"href":"https:\/\/cambioagropecuario.com\/index.php\/wp-json\/wp\/v2\/categories?post=361"},{"taxonomy":"post_tag","embeddable":true,"href":"https:\/\/cambioagropecuario.com\/index.php\/wp-json\/wp\/v2\/tags?post=361"}],"curies":[{"name":"wp","href":"https:\/\/api.w.org\/{rel}","templated":true}]}}