{"id":355,"date":"2022-02-18T22:21:07","date_gmt":"2022-02-18T22:21:07","guid":{"rendered":"https:\/\/cambioagropecuario.com\/?p=355"},"modified":"2022-02-18T22:21:08","modified_gmt":"2022-02-18T22:21:08","slug":"afirman-que-por-las-restricciones-se-perdieron-exportaciones-por-mas-de-70-mil-toneladas-de-carne-bovina","status":"publish","type":"post","link":"https:\/\/cambioagropecuario.com\/index.php\/2022\/02\/18\/afirman-que-por-las-restricciones-se-perdieron-exportaciones-por-mas-de-70-mil-toneladas-de-carne-bovina\/","title":{"rendered":"Afirman que por las restricciones, se perdieron exportaciones por m\u00e1s de 70 mil toneladas de carne bovina"},"content":{"rendered":"\n<p>Durante el \u00faltimo a\u00f1o se exportaron 571,2 mil toneladas de carne vacuna, pero desde CICCRA afirman que, de no haber tenido lugar las restricciones a las exportaciones, esta cifra habr\u00eda ascendido a 645 mil toneladas durante el 2021.<\/p>\n\n\n\n<p>En el \u00faltimo mes de 2021 se registraron exportaciones de carne vacuna por el equivalente a 46,3 mil toneladas peso producto (tn pp) y, de esta forma, el a\u00f1o cerr\u00f3 con un total exportado de 571,2 mil tn pp de carne vacuna, seg\u00fan datos publicados por la C\u00e1mara de la Industria y Comercio de Carnes y Derivados de la Rep\u00fablica Argentina (CICCRA), a lo que a\u00f1adieron que, expresadas en toneladas res con hueso (tn r\/c\/h) totalizaron 804,1 mil tn.<\/p>\n\n\n\n<p>En este contexto, la C\u00e1mara asegura que, en ausencia de restricciones oficiales las exportaciones, los env\u00edos de carne al exterior habr\u00edan ascendido como m\u00ednimo a 645 mil tn pp en el a\u00f1o que acaba de finalizar, marcando un nuevo m\u00e1ximo hist\u00f3rico. \u201cEsto implica que en 2021 se perdieron de exportar 74,5 mil tn pp\u201d, se\u00f1alaron.<\/p>\n\n\n\n<p>En sinton\u00eda y haciendo referencia al valor de las exportaciones, durante 2021 se generaron 2.788,6 millones de d\u00f3lares y resultaron 2,3% mayores a los de 2020. \u201cLo que ocurri\u00f3 fue que subi\u00f3 de forma significativa el precio promedio declarado. Al expresar el volumen exportado en toneladas res con hueso, el precio promedio experiment\u00f3 un alza de 14,9% anual, llegando a 3.468 d\u00f3lares por tn r\/c\/h\u201d, dijeron desde la entidad, al tiempo que puntualizaron: \u201cEn ausencia de restricciones, el valor de las exportaciones hubiera sido de 3.190 millones de d\u00f3lares en 2021 y hubiera superado en 17,0% al de un a\u00f1o antes\u201d.<\/p>\n","protected":false},"excerpt":{"rendered":"<p>Durante el \u00faltimo a\u00f1o se exportaron 571,2 mil toneladas de carne vacuna, pero desde CICCRA afirman que, de no haber tenido lugar las restricciones a las exportaciones, esta cifra habr\u00eda ascendido a 645 mil toneladas durante el 2021. En el \u00faltimo mes de 2021 se registraron exportaciones de carne vacuna por el equivalente a 46,3 [&hellip;]<\/p>\n","protected":false},"author":2,"featured_media":356,"comment_status":"closed","ping_status":"open","sticky":false,"template":"","format":"standard","meta":{"footnotes":""},"categories":[10],"tags":[],"class_list":["post-355","post","type-post","status-publish","format-standard","has-post-thumbnail","hentry","category-ganaderia"],"yoast_head":"<!-- This site is optimized with the Yoast SEO plugin v21.6 - https:\/\/yoast.com\/wordpress\/plugins\/seo\/ -->\n<title>Afirman que por las restricciones, se perdieron exportaciones por m\u00e1s de 70 mil toneladas de carne bovina - Cambio Agropecuario<\/title>\n<meta name=\"robots\" content=\"index, follow, max-snippet:-1, max-image-preview:large, max-video-preview:-1\" \/>\n<link rel=\"canonical\" href=\"https:\/\/cambioagropecuario.com\/index.php\/2022\/02\/18\/afirman-que-por-las-restricciones-se-perdieron-exportaciones-por-mas-de-70-mil-toneladas-de-carne-bovina\/\" \/>\n<meta property=\"og:locale\" content=\"es_ES\" \/>\n<meta property=\"og:type\" content=\"article\" \/>\n<meta property=\"og:title\" content=\"Afirman que por las restricciones, se perdieron exportaciones por m\u00e1s de 70 mil toneladas de carne bovina - Cambio Agropecuario\" \/>\n<meta property=\"og:description\" content=\"Durante el \u00faltimo a\u00f1o se exportaron 571,2 mil toneladas de carne vacuna, pero desde CICCRA afirman que, de no haber tenido lugar las restricciones a las exportaciones, esta cifra habr\u00eda ascendido a 645 mil toneladas durante el 2021. En el \u00faltimo mes de 2021 se registraron exportaciones de carne vacuna por el equivalente a 46,3 [&hellip;]\" \/>\n<meta property=\"og:url\" content=\"https:\/\/cambioagropecuario.com\/index.php\/2022\/02\/18\/afirman-que-por-las-restricciones-se-perdieron-exportaciones-por-mas-de-70-mil-toneladas-de-carne-bovina\/\" \/>\n<meta property=\"og:site_name\" content=\"Cambio Agropecuario\" \/>\n<meta property=\"article:publisher\" content=\"https:\/\/www.facebook.com\/cambio.agropecuario\" \/>\n<meta property=\"article:published_time\" content=\"2022-02-18T22:21:07+00:00\" \/>\n<meta property=\"article:modified_time\" content=\"2022-02-18T22:21:08+00:00\" \/>\n<meta property=\"og:image\" content=\"https:\/\/cambioagropecuario.com\/wp-content\/uploads\/2022\/02\/frigorifico-res-1.jpg\" \/>\n\t<meta property=\"og:image:width\" content=\"1024\" \/>\n\t<meta property=\"og:image:height\" content=\"576\" \/>\n\t<meta property=\"og:image:type\" content=\"image\/jpeg\" \/>\n<meta name=\"author\" content=\"Jorge Lopez\" \/>\n<meta name=\"twitter:card\" content=\"summary_large_image\" \/>\n<meta name=\"twitter:label1\" content=\"Escrito por\" \/>\n\t<meta name=\"twitter:data1\" content=\"Jorge Lopez\" \/>\n\t<meta name=\"twitter:label2\" content=\"Tiempo de lectura\" \/>\n\t<meta name=\"twitter:data2\" content=\"1 minuto\" \/>\n<script type=\"application\/ld+json\" class=\"yoast-schema-graph\">{\"@context\":\"https:\/\/schema.org\",\"@graph\":[{\"@type\":\"Article\",\"@id\":\"https:\/\/cambioagropecuario.com\/index.php\/2022\/02\/18\/afirman-que-por-las-restricciones-se-perdieron-exportaciones-por-mas-de-70-mil-toneladas-de-carne-bovina\/#article\",\"isPartOf\":{\"@id\":\"https:\/\/cambioagropecuario.com\/index.php\/2022\/02\/18\/afirman-que-por-las-restricciones-se-perdieron-exportaciones-por-mas-de-70-mil-toneladas-de-carne-bovina\/\"},\"author\":{\"name\":\"Jorge Lopez\",\"@id\":\"https:\/\/cambioagropecuario.com\/#\/schema\/person\/24cfd493eaf12ce5568e4f89cfaa3b8a\"},\"headline\":\"Afirman que por las restricciones, se perdieron exportaciones por m\u00e1s de 70 mil toneladas de carne bovina\",\"datePublished\":\"2022-02-18T22:21:07+00:00\",\"dateModified\":\"2022-02-18T22:21:08+00:00\",\"mainEntityOfPage\":{\"@id\":\"https:\/\/cambioagropecuario.com\/index.php\/2022\/02\/18\/afirman-que-por-las-restricciones-se-perdieron-exportaciones-por-mas-de-70-mil-toneladas-de-carne-bovina\/\"},\"wordCount\":295,\"publisher\":{\"@id\":\"https:\/\/cambioagropecuario.com\/#organization\"},\"articleSection\":[\"Ganaderia\"],\"inLanguage\":\"es\"},{\"@type\":\"WebPage\",\"@id\":\"https:\/\/cambioagropecuario.com\/index.php\/2022\/02\/18\/afirman-que-por-las-restricciones-se-perdieron-exportaciones-por-mas-de-70-mil-toneladas-de-carne-bovina\/\",\"url\":\"https:\/\/cambioagropecuario.com\/index.php\/2022\/02\/18\/afirman-que-por-las-restricciones-se-perdieron-exportaciones-por-mas-de-70-mil-toneladas-de-carne-bovina\/\",\"name\":\"Afirman que por las restricciones, se perdieron exportaciones por m\u00e1s de 70 mil toneladas de carne bovina - Cambio Agropecuario\",\"isPartOf\":{\"@id\":\"https:\/\/cambioagropecuario.com\/#website\"},\"datePublished\":\"2022-02-18T22:21:07+00:00\",\"dateModified\":\"2022-02-18T22:21:08+00:00\",\"breadcrumb\":{\"@id\":\"https:\/\/cambioagropecuario.com\/index.php\/2022\/02\/18\/afirman-que-por-las-restricciones-se-perdieron-exportaciones-por-mas-de-70-mil-toneladas-de-carne-bovina\/#breadcrumb\"},\"inLanguage\":\"es\",\"potentialAction\":[{\"@type\":\"ReadAction\",\"target\":[\"https:\/\/cambioagropecuario.com\/index.php\/2022\/02\/18\/afirman-que-por-las-restricciones-se-perdieron-exportaciones-por-mas-de-70-mil-toneladas-de-carne-bovina\/\"]}]},{\"@type\":\"BreadcrumbList\",\"@id\":\"https:\/\/cambioagropecuario.com\/index.php\/2022\/02\/18\/afirman-que-por-las-restricciones-se-perdieron-exportaciones-por-mas-de-70-mil-toneladas-de-carne-bovina\/#breadcrumb\",\"itemListElement\":[{\"@type\":\"ListItem\",\"position\":1,\"name\":\"Portada\",\"item\":\"https:\/\/cambioagropecuario.com\/\"},{\"@type\":\"ListItem\",\"position\":2,\"name\":\"Afirman que por las restricciones, se perdieron exportaciones por m\u00e1s de 70 mil toneladas de carne bovina\"}]},{\"@type\":\"WebSite\",\"@id\":\"https:\/\/cambioagropecuario.com\/#website\",\"url\":\"https:\/\/cambioagropecuario.com\/\",\"name\":\"Cambio Agropecuario\",\"description\":\"Cambio Agropecuario es un portal de informaci\u00f3n objetiva y veraz del sector Agroproductivo de la Rep\u00fablica Argentina. Lejos de nuestro esp\u00edritu est\u00e1 el hecho de publicar noticias con un sesgo pol\u00edtico que no contribuya a enaltecer el desarrollo de las producciones agr\u00edcolas y pecuarias. Publicamos en libertad, sin presi\u00f3n de corporaci\u00f3n medi\u00e1tica alguna, ni de intereses econ\u00f3micos y pol\u00edticos. Las experiencias productivas ser\u00e1n una constante en este portal, porque nos interesa mostrar las iniciativas que llevan adelante los emprendedores y que son dignas de replicar en alguna latitud de nuestro pa\u00eds.\",\"publisher\":{\"@id\":\"https:\/\/cambioagropecuario.com\/#organization\"},\"potentialAction\":[{\"@type\":\"SearchAction\",\"target\":{\"@type\":\"EntryPoint\",\"urlTemplate\":\"https:\/\/cambioagropecuario.com\/?s={search_term_string}\"},\"query-input\":\"required name=search_term_string\"}],\"inLanguage\":\"es\"},{\"@type\":\"Organization\",\"@id\":\"https:\/\/cambioagropecuario.com\/#organization\",\"name\":\"Cambio Agropecuario\",\"url\":\"https:\/\/cambioagropecuario.com\/\",\"logo\":{\"@type\":\"ImageObject\",\"inLanguage\":\"es\",\"@id\":\"https:\/\/cambioagropecuario.com\/#\/schema\/logo\/image\/\",\"url\":\"https:\/\/cambioagropecuario.com\/wp-content\/uploads\/2021\/11\/cropped-Sin-titulo-1-1.png\",\"contentUrl\":\"https:\/\/cambioagropecuario.com\/wp-content\/uploads\/2021\/11\/cropped-Sin-titulo-1-1.png\",\"width\":512,\"height\":512,\"caption\":\"Cambio Agropecuario\"},\"image\":{\"@id\":\"https:\/\/cambioagropecuario.com\/#\/schema\/logo\/image\/\"},\"sameAs\":[\"https:\/\/www.facebook.com\/cambio.agropecuario\",\"https:\/\/www.youtube.com\/user\/cambioagropecuariotv\"]},{\"@type\":\"Person\",\"@id\":\"https:\/\/cambioagropecuario.com\/#\/schema\/person\/24cfd493eaf12ce5568e4f89cfaa3b8a\",\"name\":\"Jorge Lopez\",\"image\":{\"@type\":\"ImageObject\",\"inLanguage\":\"es\",\"@id\":\"https:\/\/cambioagropecuario.com\/#\/schema\/person\/image\/\",\"url\":\"https:\/\/secure.gravatar.com\/avatar\/775b1c76ac22bc240f9c49041d7dc067?s=96&d=mm&r=g\",\"contentUrl\":\"https:\/\/secure.gravatar.com\/avatar\/775b1c76ac22bc240f9c49041d7dc067?s=96&d=mm&r=g\",\"caption\":\"Jorge Lopez\"},\"url\":\"https:\/\/cambioagropecuario.com\/index.php\/author\/jorge\/\"}]}<\/script>\n<!-- \/ Yoast SEO plugin. -->","yoast_head_json":{"title":"Afirman que por las restricciones, se perdieron exportaciones por m\u00e1s de 70 mil toneladas de carne bovina - Cambio Agropecuario","robots":{"index":"index","follow":"follow","max-snippet":"max-snippet:-1","max-image-preview":"max-image-preview:large","max-video-preview":"max-video-preview:-1"},"canonical":"https:\/\/cambioagropecuario.com\/index.php\/2022\/02\/18\/afirman-que-por-las-restricciones-se-perdieron-exportaciones-por-mas-de-70-mil-toneladas-de-carne-bovina\/","og_locale":"es_ES","og_type":"article","og_title":"Afirman que por las restricciones, se perdieron exportaciones por m\u00e1s de 70 mil toneladas de carne bovina - Cambio Agropecuario","og_description":"Durante el \u00faltimo a\u00f1o se exportaron 571,2 mil toneladas de carne vacuna, pero desde CICCRA afirman que, de no haber tenido lugar las restricciones a las exportaciones, esta cifra habr\u00eda ascendido a 645 mil toneladas durante el 2021. En el \u00faltimo mes de 2021 se registraron exportaciones de carne vacuna por el equivalente a 46,3 [&hellip;]","og_url":"https:\/\/cambioagropecuario.com\/index.php\/2022\/02\/18\/afirman-que-por-las-restricciones-se-perdieron-exportaciones-por-mas-de-70-mil-toneladas-de-carne-bovina\/","og_site_name":"Cambio Agropecuario","article_publisher":"https:\/\/www.facebook.com\/cambio.agropecuario","article_published_time":"2022-02-18T22:21:07+00:00","article_modified_time":"2022-02-18T22:21:08+00:00","og_image":[{"width":1024,"height":576,"url":"https:\/\/cambioagropecuario.com\/wp-content\/uploads\/2022\/02\/frigorifico-res-1.jpg","type":"image\/jpeg"}],"author":"Jorge Lopez","twitter_card":"summary_large_image","twitter_misc":{"Escrito por":"Jorge Lopez","Tiempo de lectura":"1 minuto"},"schema":{"@context":"https:\/\/schema.org","@graph":[{"@type":"Article","@id":"https:\/\/cambioagropecuario.com\/index.php\/2022\/02\/18\/afirman-que-por-las-restricciones-se-perdieron-exportaciones-por-mas-de-70-mil-toneladas-de-carne-bovina\/#article","isPartOf":{"@id":"https:\/\/cambioagropecuario.com\/index.php\/2022\/02\/18\/afirman-que-por-las-restricciones-se-perdieron-exportaciones-por-mas-de-70-mil-toneladas-de-carne-bovina\/"},"author":{"name":"Jorge Lopez","@id":"https:\/\/cambioagropecuario.com\/#\/schema\/person\/24cfd493eaf12ce5568e4f89cfaa3b8a"},"headline":"Afirman que por las restricciones, se perdieron exportaciones por m\u00e1s de 70 mil toneladas de carne bovina","datePublished":"2022-02-18T22:21:07+00:00","dateModified":"2022-02-18T22:21:08+00:00","mainEntityOfPage":{"@id":"https:\/\/cambioagropecuario.com\/index.php\/2022\/02\/18\/afirman-que-por-las-restricciones-se-perdieron-exportaciones-por-mas-de-70-mil-toneladas-de-carne-bovina\/"},"wordCount":295,"publisher":{"@id":"https:\/\/cambioagropecuario.com\/#organization"},"articleSection":["Ganaderia"],"inLanguage":"es"},{"@type":"WebPage","@id":"https:\/\/cambioagropecuario.com\/index.php\/2022\/02\/18\/afirman-que-por-las-restricciones-se-perdieron-exportaciones-por-mas-de-70-mil-toneladas-de-carne-bovina\/","url":"https:\/\/cambioagropecuario.com\/index.php\/2022\/02\/18\/afirman-que-por-las-restricciones-se-perdieron-exportaciones-por-mas-de-70-mil-toneladas-de-carne-bovina\/","name":"Afirman que por las restricciones, se perdieron exportaciones por m\u00e1s de 70 mil toneladas de carne bovina - Cambio Agropecuario","isPartOf":{"@id":"https:\/\/cambioagropecuario.com\/#website"},"datePublished":"2022-02-18T22:21:07+00:00","dateModified":"2022-02-18T22:21:08+00:00","breadcrumb":{"@id":"https:\/\/cambioagropecuario.com\/index.php\/2022\/02\/18\/afirman-que-por-las-restricciones-se-perdieron-exportaciones-por-mas-de-70-mil-toneladas-de-carne-bovina\/#breadcrumb"},"inLanguage":"es","potentialAction":[{"@type":"ReadAction","target":["https:\/\/cambioagropecuario.com\/index.php\/2022\/02\/18\/afirman-que-por-las-restricciones-se-perdieron-exportaciones-por-mas-de-70-mil-toneladas-de-carne-bovina\/"]}]},{"@type":"BreadcrumbList","@id":"https:\/\/cambioagropecuario.com\/index.php\/2022\/02\/18\/afirman-que-por-las-restricciones-se-perdieron-exportaciones-por-mas-de-70-mil-toneladas-de-carne-bovina\/#breadcrumb","itemListElement":[{"@type":"ListItem","position":1,"name":"Portada","item":"https:\/\/cambioagropecuario.com\/"},{"@type":"ListItem","position":2,"name":"Afirman que por las restricciones, se perdieron exportaciones por m\u00e1s de 70 mil toneladas de carne bovina"}]},{"@type":"WebSite","@id":"https:\/\/cambioagropecuario.com\/#website","url":"https:\/\/cambioagropecuario.com\/","name":"Cambio Agropecuario","description":"Cambio Agropecuario es un portal de informaci\u00f3n objetiva y veraz del sector Agroproductivo de la Rep\u00fablica Argentina. Lejos de nuestro esp\u00edritu est\u00e1 el hecho de publicar noticias con un sesgo pol\u00edtico que no contribuya a enaltecer el desarrollo de las producciones agr\u00edcolas y pecuarias. Publicamos en libertad, sin presi\u00f3n de corporaci\u00f3n medi\u00e1tica alguna, ni de intereses econ\u00f3micos y pol\u00edticos. Las experiencias productivas ser\u00e1n una constante en este portal, porque nos interesa mostrar las iniciativas que llevan adelante los emprendedores y que son dignas de replicar en alguna latitud de nuestro pa\u00eds.","publisher":{"@id":"https:\/\/cambioagropecuario.com\/#organization"},"potentialAction":[{"@type":"SearchAction","target":{"@type":"EntryPoint","urlTemplate":"https:\/\/cambioagropecuario.com\/?s={search_term_string}"},"query-input":"required name=search_term_string"}],"inLanguage":"es"},{"@type":"Organization","@id":"https:\/\/cambioagropecuario.com\/#organization","name":"Cambio Agropecuario","url":"https:\/\/cambioagropecuario.com\/","logo":{"@type":"ImageObject","inLanguage":"es","@id":"https:\/\/cambioagropecuario.com\/#\/schema\/logo\/image\/","url":"https:\/\/cambioagropecuario.com\/wp-content\/uploads\/2021\/11\/cropped-Sin-titulo-1-1.png","contentUrl":"https:\/\/cambioagropecuario.com\/wp-content\/uploads\/2021\/11\/cropped-Sin-titulo-1-1.png","width":512,"height":512,"caption":"Cambio Agropecuario"},"image":{"@id":"https:\/\/cambioagropecuario.com\/#\/schema\/logo\/image\/"},"sameAs":["https:\/\/www.facebook.com\/cambio.agropecuario","https:\/\/www.youtube.com\/user\/cambioagropecuariotv"]},{"@type":"Person","@id":"https:\/\/cambioagropecuario.com\/#\/schema\/person\/24cfd493eaf12ce5568e4f89cfaa3b8a","name":"Jorge Lopez","image":{"@type":"ImageObject","inLanguage":"es","@id":"https:\/\/cambioagropecuario.com\/#\/schema\/person\/image\/","url":"https:\/\/secure.gravatar.com\/avatar\/775b1c76ac22bc240f9c49041d7dc067?s=96&d=mm&r=g","contentUrl":"https:\/\/secure.gravatar.com\/avatar\/775b1c76ac22bc240f9c49041d7dc067?s=96&d=mm&r=g","caption":"Jorge Lopez"},"url":"https:\/\/cambioagropecuario.com\/index.php\/author\/jorge\/"}]}},"jetpack_sharing_enabled":true,"featured_image_urls":{"full":["https:\/\/i0.wp.com\/cambioagropecuario.com\/wp-content\/uploads\/2022\/02\/frigorifico-res-1.jpg?fit=1024%2C576&ssl=1",1024,576,false],"thumbnail":["https:\/\/i0.wp.com\/cambioagropecuario.com\/wp-content\/uploads\/2022\/02\/frigorifico-res-1.jpg?resize=150%2C150&ssl=1",150,150,true],"medium":["https:\/\/i0.wp.com\/cambioagropecuario.com\/wp-content\/uploads\/2022\/02\/frigorifico-res-1.jpg?fit=300%2C169&ssl=1",300,169,true],"medium_large":["https:\/\/i0.wp.com\/cambioagropecuario.com\/wp-content\/uploads\/2022\/02\/frigorifico-res-1.jpg?fit=768%2C432&ssl=1",768,432,true],"large":["https:\/\/i0.wp.com\/cambioagropecuario.com\/wp-content\/uploads\/2022\/02\/frigorifico-res-1.jpg?fit=800%2C450&ssl=1",800,450,true],"1536x1536":["https:\/\/i0.wp.com\/cambioagropecuario.com\/wp-content\/uploads\/2022\/02\/frigorifico-res-1.jpg?fit=1024%2C576&ssl=1",1024,576,true],"2048x2048":["https:\/\/i0.wp.com\/cambioagropecuario.com\/wp-content\/uploads\/2022\/02\/frigorifico-res-1.jpg?fit=1024%2C576&ssl=1",1024,576,true]},"author_info":{"display_name":"Jorge Lopez","author_link":"https:\/\/cambioagropecuario.com\/index.php\/author\/jorge\/"},"category_info":"<a href=\"https:\/\/cambioagropecuario.com\/index.php\/category\/ganaderia\/\" rel=\"category tag\">Ganaderia<\/a>","tag_info":"Ganaderia","comment_count":"0","jetpack_featured_media_url":"https:\/\/i0.wp.com\/cambioagropecuario.com\/wp-content\/uploads\/2022\/02\/frigorifico-res-1.jpg?fit=1024%2C576&ssl=1","_links":{"self":[{"href":"https:\/\/cambioagropecuario.com\/index.php\/wp-json\/wp\/v2\/posts\/355","targetHints":{"allow":["GET"]}}],"collection":[{"href":"https:\/\/cambioagropecuario.com\/index.php\/wp-json\/wp\/v2\/posts"}],"about":[{"href":"https:\/\/cambioagropecuario.com\/index.php\/wp-json\/wp\/v2\/types\/post"}],"author":[{"embeddable":true,"href":"https:\/\/cambioagropecuario.com\/index.php\/wp-json\/wp\/v2\/users\/2"}],"replies":[{"embeddable":true,"href":"https:\/\/cambioagropecuario.com\/index.php\/wp-json\/wp\/v2\/comments?post=355"}],"version-history":[{"count":1,"href":"https:\/\/cambioagropecuario.com\/index.php\/wp-json\/wp\/v2\/posts\/355\/revisions"}],"predecessor-version":[{"id":357,"href":"https:\/\/cambioagropecuario.com\/index.php\/wp-json\/wp\/v2\/posts\/355\/revisions\/357"}],"wp:featuredmedia":[{"embeddable":true,"href":"https:\/\/cambioagropecuario.com\/index.php\/wp-json\/wp\/v2\/media\/356"}],"wp:attachment":[{"href":"https:\/\/cambioagropecuario.com\/index.php\/wp-json\/wp\/v2\/media?parent=355"}],"wp:term":[{"taxonomy":"category","embeddable":true,"href":"https:\/\/cambioagropecuario.com\/index.php\/wp-json\/wp\/v2\/categories?post=355"},{"taxonomy":"post_tag","embeddable":true,"href":"https:\/\/cambioagropecuario.com\/index.php\/wp-json\/wp\/v2\/tags?post=355"}],"curies":[{"name":"wp","href":"https:\/\/api.w.org\/{rel}","templated":true}]}}