{"id":307,"date":"2022-02-17T22:03:13","date_gmt":"2022-02-17T22:03:13","guid":{"rendered":"https:\/\/cambioagropecuario.com\/?p=307"},"modified":"2022-02-17T22:03:14","modified_gmt":"2022-02-17T22:03:14","slug":"soja-la-oruga-bolillera-afloro-por-la-seca-y-el-calor","status":"publish","type":"post","link":"https:\/\/cambioagropecuario.com\/index.php\/2022\/02\/17\/soja-la-oruga-bolillera-afloro-por-la-seca-y-el-calor\/","title":{"rendered":"Soja: la \u201coruga bolillera\u201d aflor\u00f3 por la seca y el calor\u00a0"},"content":{"rendered":"\n<p>La actual situaci\u00f3n del complejo de plagas de la soja en la provincia fue expuesta por t\u00e9cnicos de la secci\u00f3n Zoolog\u00eda Agr\u00edcola de la Estaci\u00f3n Experimental Agroindustrial Obispo Colombres (Eeaoc).<\/p>\n\n\n\n<p>Las condiciones ambientales durante el desarrollo del cultivo tienen una marcada influencia sobre la ocurrencia y sobre la din\u00e1mica de las plagas, favoreciendo el desarrollo y la evoluci\u00f3n de algunas.<br>La falta de lluvias y las elevadas temperaturas registradas entre fines de diciembre y mediados de enero favorecieron a la \u201coruga bolillera\u201d (Helicoverpa spp.) en las sojas RR1. Sobre todo, en las sembradas de manera m\u00e1s<br>temprana. En lotes con ataques intensos durante las etapas vegetativas, existe la posibilidad de que se manifieste nuevamente la \u201coruga bolillera\u201d, ahora afectando las vainas y los granos de la soja.<br>Otra plaga favorecida por las condiciones de sequ\u00eda y altas temperatura es la \u201cara\u00f1uela roja\u201d (Tetranychus urticae), un \u00e1caro peque\u00f1o -de 0,2 mm a 0,6 mm-, de color rojo pardo y un ciclo de vida muy corto. Su ocurrencia se inicia por rodales, y se expande de manera r\u00e1pida en el lote si cuenta con las condiciones<br>favorables para su desarrollo.<br>Los da\u00f1os se inician en el env\u00e9s de las hojas, en el estrato inferior del cultivo. Las hojas adquieren una tonalidad verde p\u00e1lida al inicio; posteriormente se tornan clor\u00f3ticas y evolucionan hasta la necrosis y hasta la ca\u00edda del follaje.<br>Debido a la reducci\u00f3n del \u00e1rea foliar, sus da\u00f1os tienen importancia en las fases reproductivas correspondientes a la formaci\u00f3n de vainas y al llenado de los granos.<br>Es importante el monitoreo de los lotes de soja a partir de la observaci\u00f3n de las hojas del tercio medido del cultivo, para detectar la presencia de este \u00e1caro. En caso de tomar medidas para su control, tratar de que las poblaciones no sean muy elevadas, porque la eficacia del tratamiento ser\u00e1 considerablemente menor a la esperada, lo que obligar\u00e1 en poco tiempo a realizar una nueva aplicaci\u00f3n.<\/p>\n\n\n\n<p>Los t\u00e9cnicos comentaron que otras plagas no fueron muy favorecidas por las condiciones ambientales de la campa\u00f1a; y entre ellas mencionaron a las orugas defoliadoras y al complejo de chinches, que mostraron una baja ocurrencia en el cultivo de soja.<br>Tambi\u00e9n se mencion\u00f3 lo ocurrido con el \u201cpicudo negro\u201d de la vaina (Rhyssomatus subtilis), con bajos valores al inicio de campa\u00f1a, ya que la falta de lluvia atras\u00f3 la emergencia de este picudo desde el suelo.<br>Los t\u00e9cnicos comentaron que algunos lotes de soja est\u00e1n por ingresar a las fases de llenado de grano, durante las cuales este picudo ocasiona los mayores da\u00f1os. Desde la secci\u00f3n Zoolog\u00eda Agr\u00edcola de la Eeaoc, y en forma<br>conjunta con t\u00e9cnicos y productores de la zona, se est\u00e1 realizando un seguimiento de la din\u00e1mica de emergencia de este picudo desde el suelo.<\/p>\n","protected":false},"excerpt":{"rendered":"<p>La actual situaci\u00f3n del complejo de plagas de la soja en la provincia fue expuesta por t\u00e9cnicos de la secci\u00f3n Zoolog\u00eda Agr\u00edcola de la Estaci\u00f3n Experimental Agroindustrial Obispo Colombres (Eeaoc). Las condiciones ambientales durante el desarrollo del cultivo tienen una marcada influencia sobre la ocurrencia y sobre la din\u00e1mica de las plagas, favoreciendo el desarrollo [&hellip;]<\/p>\n","protected":false},"author":2,"featured_media":308,"comment_status":"closed","ping_status":"open","sticky":false,"template":"","format":"standard","meta":{"footnotes":""},"categories":[9],"tags":[],"class_list":["post-307","post","type-post","status-publish","format-standard","has-post-thumbnail","hentry","category-agricultura"],"yoast_head":"<!-- This site is optimized with the Yoast SEO plugin v21.6 - https:\/\/yoast.com\/wordpress\/plugins\/seo\/ -->\n<title>Soja: la \u201coruga bolillera\u201d aflor\u00f3 por la seca y el calor\u00a0 - Cambio Agropecuario<\/title>\n<meta name=\"robots\" content=\"index, follow, max-snippet:-1, max-image-preview:large, max-video-preview:-1\" \/>\n<link rel=\"canonical\" href=\"https:\/\/cambioagropecuario.com\/index.php\/2022\/02\/17\/soja-la-oruga-bolillera-afloro-por-la-seca-y-el-calor\/\" \/>\n<meta property=\"og:locale\" content=\"es_ES\" \/>\n<meta property=\"og:type\" content=\"article\" \/>\n<meta property=\"og:title\" content=\"Soja: la \u201coruga bolillera\u201d aflor\u00f3 por la seca y el calor\u00a0 - Cambio Agropecuario\" \/>\n<meta property=\"og:description\" content=\"La actual situaci\u00f3n del complejo de plagas de la soja en la provincia fue expuesta por t\u00e9cnicos de la secci\u00f3n Zoolog\u00eda Agr\u00edcola de la Estaci\u00f3n Experimental Agroindustrial Obispo Colombres (Eeaoc). Las condiciones ambientales durante el desarrollo del cultivo tienen una marcada influencia sobre la ocurrencia y sobre la din\u00e1mica de las plagas, favoreciendo el desarrollo [&hellip;]\" \/>\n<meta property=\"og:url\" content=\"https:\/\/cambioagropecuario.com\/index.php\/2022\/02\/17\/soja-la-oruga-bolillera-afloro-por-la-seca-y-el-calor\/\" \/>\n<meta property=\"og:site_name\" content=\"Cambio Agropecuario\" \/>\n<meta property=\"article:publisher\" content=\"https:\/\/www.facebook.com\/cambio.agropecuario\" \/>\n<meta property=\"article:published_time\" content=\"2022-02-17T22:03:13+00:00\" \/>\n<meta property=\"article:modified_time\" content=\"2022-02-17T22:03:14+00:00\" \/>\n<meta property=\"og:image\" content=\"https:\/\/cambioagropecuario.com\/wp-content\/uploads\/2022\/02\/24446A29-A80E-4206-AD3F-8AD651397C68.png\" \/>\n\t<meta property=\"og:image:width\" content=\"259\" \/>\n\t<meta property=\"og:image:height\" content=\"194\" \/>\n\t<meta property=\"og:image:type\" content=\"image\/png\" \/>\n<meta name=\"author\" content=\"Jorge Lopez\" \/>\n<meta name=\"twitter:card\" content=\"summary_large_image\" \/>\n<meta name=\"twitter:label1\" content=\"Escrito por\" \/>\n\t<meta name=\"twitter:data1\" content=\"Jorge Lopez\" \/>\n\t<meta name=\"twitter:label2\" content=\"Tiempo de lectura\" \/>\n\t<meta name=\"twitter:data2\" content=\"2 minutos\" \/>\n<script type=\"application\/ld+json\" class=\"yoast-schema-graph\">{\"@context\":\"https:\/\/schema.org\",\"@graph\":[{\"@type\":\"Article\",\"@id\":\"https:\/\/cambioagropecuario.com\/index.php\/2022\/02\/17\/soja-la-oruga-bolillera-afloro-por-la-seca-y-el-calor\/#article\",\"isPartOf\":{\"@id\":\"https:\/\/cambioagropecuario.com\/index.php\/2022\/02\/17\/soja-la-oruga-bolillera-afloro-por-la-seca-y-el-calor\/\"},\"author\":{\"name\":\"Jorge Lopez\",\"@id\":\"https:\/\/cambioagropecuario.com\/#\/schema\/person\/24cfd493eaf12ce5568e4f89cfaa3b8a\"},\"headline\":\"Soja: la \u201coruga bolillera\u201d aflor\u00f3 por la seca y el calor\u00a0\",\"datePublished\":\"2022-02-17T22:03:13+00:00\",\"dateModified\":\"2022-02-17T22:03:14+00:00\",\"mainEntityOfPage\":{\"@id\":\"https:\/\/cambioagropecuario.com\/index.php\/2022\/02\/17\/soja-la-oruga-bolillera-afloro-por-la-seca-y-el-calor\/\"},\"wordCount\":502,\"publisher\":{\"@id\":\"https:\/\/cambioagropecuario.com\/#organization\"},\"articleSection\":[\"Agricultura\"],\"inLanguage\":\"es\"},{\"@type\":\"WebPage\",\"@id\":\"https:\/\/cambioagropecuario.com\/index.php\/2022\/02\/17\/soja-la-oruga-bolillera-afloro-por-la-seca-y-el-calor\/\",\"url\":\"https:\/\/cambioagropecuario.com\/index.php\/2022\/02\/17\/soja-la-oruga-bolillera-afloro-por-la-seca-y-el-calor\/\",\"name\":\"Soja: la \u201coruga bolillera\u201d aflor\u00f3 por la seca y el calor\u00a0 - Cambio Agropecuario\",\"isPartOf\":{\"@id\":\"https:\/\/cambioagropecuario.com\/#website\"},\"datePublished\":\"2022-02-17T22:03:13+00:00\",\"dateModified\":\"2022-02-17T22:03:14+00:00\",\"breadcrumb\":{\"@id\":\"https:\/\/cambioagropecuario.com\/index.php\/2022\/02\/17\/soja-la-oruga-bolillera-afloro-por-la-seca-y-el-calor\/#breadcrumb\"},\"inLanguage\":\"es\",\"potentialAction\":[{\"@type\":\"ReadAction\",\"target\":[\"https:\/\/cambioagropecuario.com\/index.php\/2022\/02\/17\/soja-la-oruga-bolillera-afloro-por-la-seca-y-el-calor\/\"]}]},{\"@type\":\"BreadcrumbList\",\"@id\":\"https:\/\/cambioagropecuario.com\/index.php\/2022\/02\/17\/soja-la-oruga-bolillera-afloro-por-la-seca-y-el-calor\/#breadcrumb\",\"itemListElement\":[{\"@type\":\"ListItem\",\"position\":1,\"name\":\"Portada\",\"item\":\"https:\/\/cambioagropecuario.com\/\"},{\"@type\":\"ListItem\",\"position\":2,\"name\":\"Soja: la \u201coruga bolillera\u201d aflor\u00f3 por la seca y el calor\u00a0\"}]},{\"@type\":\"WebSite\",\"@id\":\"https:\/\/cambioagropecuario.com\/#website\",\"url\":\"https:\/\/cambioagropecuario.com\/\",\"name\":\"Cambio Agropecuario\",\"description\":\"Cambio Agropecuario es un portal de informaci\u00f3n objetiva y veraz del sector Agroproductivo de la Rep\u00fablica Argentina. Lejos de nuestro esp\u00edritu est\u00e1 el hecho de publicar noticias con un sesgo pol\u00edtico que no contribuya a enaltecer el desarrollo de las producciones agr\u00edcolas y pecuarias. Publicamos en libertad, sin presi\u00f3n de corporaci\u00f3n medi\u00e1tica alguna, ni de intereses econ\u00f3micos y pol\u00edticos. Las experiencias productivas ser\u00e1n una constante en este portal, porque nos interesa mostrar las iniciativas que llevan adelante los emprendedores y que son dignas de replicar en alguna latitud de nuestro pa\u00eds.\",\"publisher\":{\"@id\":\"https:\/\/cambioagropecuario.com\/#organization\"},\"potentialAction\":[{\"@type\":\"SearchAction\",\"target\":{\"@type\":\"EntryPoint\",\"urlTemplate\":\"https:\/\/cambioagropecuario.com\/?s={search_term_string}\"},\"query-input\":\"required name=search_term_string\"}],\"inLanguage\":\"es\"},{\"@type\":\"Organization\",\"@id\":\"https:\/\/cambioagropecuario.com\/#organization\",\"name\":\"Cambio Agropecuario\",\"url\":\"https:\/\/cambioagropecuario.com\/\",\"logo\":{\"@type\":\"ImageObject\",\"inLanguage\":\"es\",\"@id\":\"https:\/\/cambioagropecuario.com\/#\/schema\/logo\/image\/\",\"url\":\"https:\/\/cambioagropecuario.com\/wp-content\/uploads\/2021\/11\/cropped-Sin-titulo-1-1.png\",\"contentUrl\":\"https:\/\/cambioagropecuario.com\/wp-content\/uploads\/2021\/11\/cropped-Sin-titulo-1-1.png\",\"width\":512,\"height\":512,\"caption\":\"Cambio Agropecuario\"},\"image\":{\"@id\":\"https:\/\/cambioagropecuario.com\/#\/schema\/logo\/image\/\"},\"sameAs\":[\"https:\/\/www.facebook.com\/cambio.agropecuario\",\"https:\/\/www.youtube.com\/user\/cambioagropecuariotv\"]},{\"@type\":\"Person\",\"@id\":\"https:\/\/cambioagropecuario.com\/#\/schema\/person\/24cfd493eaf12ce5568e4f89cfaa3b8a\",\"name\":\"Jorge Lopez\",\"image\":{\"@type\":\"ImageObject\",\"inLanguage\":\"es\",\"@id\":\"https:\/\/cambioagropecuario.com\/#\/schema\/person\/image\/\",\"url\":\"https:\/\/secure.gravatar.com\/avatar\/775b1c76ac22bc240f9c49041d7dc067?s=96&d=mm&r=g\",\"contentUrl\":\"https:\/\/secure.gravatar.com\/avatar\/775b1c76ac22bc240f9c49041d7dc067?s=96&d=mm&r=g\",\"caption\":\"Jorge Lopez\"},\"url\":\"https:\/\/cambioagropecuario.com\/index.php\/author\/jorge\/\"}]}<\/script>\n<!-- \/ Yoast SEO plugin. -->","yoast_head_json":{"title":"Soja: la \u201coruga bolillera\u201d aflor\u00f3 por la seca y el calor\u00a0 - Cambio Agropecuario","robots":{"index":"index","follow":"follow","max-snippet":"max-snippet:-1","max-image-preview":"max-image-preview:large","max-video-preview":"max-video-preview:-1"},"canonical":"https:\/\/cambioagropecuario.com\/index.php\/2022\/02\/17\/soja-la-oruga-bolillera-afloro-por-la-seca-y-el-calor\/","og_locale":"es_ES","og_type":"article","og_title":"Soja: la \u201coruga bolillera\u201d aflor\u00f3 por la seca y el calor\u00a0 - Cambio Agropecuario","og_description":"La actual situaci\u00f3n del complejo de plagas de la soja en la provincia fue expuesta por t\u00e9cnicos de la secci\u00f3n Zoolog\u00eda Agr\u00edcola de la Estaci\u00f3n Experimental Agroindustrial Obispo Colombres (Eeaoc). Las condiciones ambientales durante el desarrollo del cultivo tienen una marcada influencia sobre la ocurrencia y sobre la din\u00e1mica de las plagas, favoreciendo el desarrollo [&hellip;]","og_url":"https:\/\/cambioagropecuario.com\/index.php\/2022\/02\/17\/soja-la-oruga-bolillera-afloro-por-la-seca-y-el-calor\/","og_site_name":"Cambio Agropecuario","article_publisher":"https:\/\/www.facebook.com\/cambio.agropecuario","article_published_time":"2022-02-17T22:03:13+00:00","article_modified_time":"2022-02-17T22:03:14+00:00","og_image":[{"width":259,"height":194,"url":"https:\/\/cambioagropecuario.com\/wp-content\/uploads\/2022\/02\/24446A29-A80E-4206-AD3F-8AD651397C68.png","type":"image\/png"}],"author":"Jorge Lopez","twitter_card":"summary_large_image","twitter_misc":{"Escrito por":"Jorge Lopez","Tiempo de lectura":"2 minutos"},"schema":{"@context":"https:\/\/schema.org","@graph":[{"@type":"Article","@id":"https:\/\/cambioagropecuario.com\/index.php\/2022\/02\/17\/soja-la-oruga-bolillera-afloro-por-la-seca-y-el-calor\/#article","isPartOf":{"@id":"https:\/\/cambioagropecuario.com\/index.php\/2022\/02\/17\/soja-la-oruga-bolillera-afloro-por-la-seca-y-el-calor\/"},"author":{"name":"Jorge Lopez","@id":"https:\/\/cambioagropecuario.com\/#\/schema\/person\/24cfd493eaf12ce5568e4f89cfaa3b8a"},"headline":"Soja: la \u201coruga bolillera\u201d aflor\u00f3 por la seca y el calor\u00a0","datePublished":"2022-02-17T22:03:13+00:00","dateModified":"2022-02-17T22:03:14+00:00","mainEntityOfPage":{"@id":"https:\/\/cambioagropecuario.com\/index.php\/2022\/02\/17\/soja-la-oruga-bolillera-afloro-por-la-seca-y-el-calor\/"},"wordCount":502,"publisher":{"@id":"https:\/\/cambioagropecuario.com\/#organization"},"articleSection":["Agricultura"],"inLanguage":"es"},{"@type":"WebPage","@id":"https:\/\/cambioagropecuario.com\/index.php\/2022\/02\/17\/soja-la-oruga-bolillera-afloro-por-la-seca-y-el-calor\/","url":"https:\/\/cambioagropecuario.com\/index.php\/2022\/02\/17\/soja-la-oruga-bolillera-afloro-por-la-seca-y-el-calor\/","name":"Soja: la \u201coruga bolillera\u201d aflor\u00f3 por la seca y el calor\u00a0 - Cambio Agropecuario","isPartOf":{"@id":"https:\/\/cambioagropecuario.com\/#website"},"datePublished":"2022-02-17T22:03:13+00:00","dateModified":"2022-02-17T22:03:14+00:00","breadcrumb":{"@id":"https:\/\/cambioagropecuario.com\/index.php\/2022\/02\/17\/soja-la-oruga-bolillera-afloro-por-la-seca-y-el-calor\/#breadcrumb"},"inLanguage":"es","potentialAction":[{"@type":"ReadAction","target":["https:\/\/cambioagropecuario.com\/index.php\/2022\/02\/17\/soja-la-oruga-bolillera-afloro-por-la-seca-y-el-calor\/"]}]},{"@type":"BreadcrumbList","@id":"https:\/\/cambioagropecuario.com\/index.php\/2022\/02\/17\/soja-la-oruga-bolillera-afloro-por-la-seca-y-el-calor\/#breadcrumb","itemListElement":[{"@type":"ListItem","position":1,"name":"Portada","item":"https:\/\/cambioagropecuario.com\/"},{"@type":"ListItem","position":2,"name":"Soja: la \u201coruga bolillera\u201d aflor\u00f3 por la seca y el calor\u00a0"}]},{"@type":"WebSite","@id":"https:\/\/cambioagropecuario.com\/#website","url":"https:\/\/cambioagropecuario.com\/","name":"Cambio Agropecuario","description":"Cambio Agropecuario es un portal de informaci\u00f3n objetiva y veraz del sector Agroproductivo de la Rep\u00fablica Argentina. Lejos de nuestro esp\u00edritu est\u00e1 el hecho de publicar noticias con un sesgo pol\u00edtico que no contribuya a enaltecer el desarrollo de las producciones agr\u00edcolas y pecuarias. Publicamos en libertad, sin presi\u00f3n de corporaci\u00f3n medi\u00e1tica alguna, ni de intereses econ\u00f3micos y pol\u00edticos. Las experiencias productivas ser\u00e1n una constante en este portal, porque nos interesa mostrar las iniciativas que llevan adelante los emprendedores y que son dignas de replicar en alguna latitud de nuestro pa\u00eds.","publisher":{"@id":"https:\/\/cambioagropecuario.com\/#organization"},"potentialAction":[{"@type":"SearchAction","target":{"@type":"EntryPoint","urlTemplate":"https:\/\/cambioagropecuario.com\/?s={search_term_string}"},"query-input":"required name=search_term_string"}],"inLanguage":"es"},{"@type":"Organization","@id":"https:\/\/cambioagropecuario.com\/#organization","name":"Cambio Agropecuario","url":"https:\/\/cambioagropecuario.com\/","logo":{"@type":"ImageObject","inLanguage":"es","@id":"https:\/\/cambioagropecuario.com\/#\/schema\/logo\/image\/","url":"https:\/\/cambioagropecuario.com\/wp-content\/uploads\/2021\/11\/cropped-Sin-titulo-1-1.png","contentUrl":"https:\/\/cambioagropecuario.com\/wp-content\/uploads\/2021\/11\/cropped-Sin-titulo-1-1.png","width":512,"height":512,"caption":"Cambio Agropecuario"},"image":{"@id":"https:\/\/cambioagropecuario.com\/#\/schema\/logo\/image\/"},"sameAs":["https:\/\/www.facebook.com\/cambio.agropecuario","https:\/\/www.youtube.com\/user\/cambioagropecuariotv"]},{"@type":"Person","@id":"https:\/\/cambioagropecuario.com\/#\/schema\/person\/24cfd493eaf12ce5568e4f89cfaa3b8a","name":"Jorge Lopez","image":{"@type":"ImageObject","inLanguage":"es","@id":"https:\/\/cambioagropecuario.com\/#\/schema\/person\/image\/","url":"https:\/\/secure.gravatar.com\/avatar\/775b1c76ac22bc240f9c49041d7dc067?s=96&d=mm&r=g","contentUrl":"https:\/\/secure.gravatar.com\/avatar\/775b1c76ac22bc240f9c49041d7dc067?s=96&d=mm&r=g","caption":"Jorge Lopez"},"url":"https:\/\/cambioagropecuario.com\/index.php\/author\/jorge\/"}]}},"jetpack_sharing_enabled":true,"featured_image_urls":{"full":["https:\/\/i0.wp.com\/cambioagropecuario.com\/wp-content\/uploads\/2022\/02\/24446A29-A80E-4206-AD3F-8AD651397C68.png?fit=259%2C194&ssl=1",259,194,false],"thumbnail":["https:\/\/i0.wp.com\/cambioagropecuario.com\/wp-content\/uploads\/2022\/02\/24446A29-A80E-4206-AD3F-8AD651397C68.png?resize=150%2C150&ssl=1",150,150,true],"medium":["https:\/\/i0.wp.com\/cambioagropecuario.com\/wp-content\/uploads\/2022\/02\/24446A29-A80E-4206-AD3F-8AD651397C68.png?fit=259%2C194&ssl=1",259,194,true],"medium_large":["https:\/\/i0.wp.com\/cambioagropecuario.com\/wp-content\/uploads\/2022\/02\/24446A29-A80E-4206-AD3F-8AD651397C68.png?fit=259%2C194&ssl=1",259,194,true],"large":["https:\/\/i0.wp.com\/cambioagropecuario.com\/wp-content\/uploads\/2022\/02\/24446A29-A80E-4206-AD3F-8AD651397C68.png?fit=259%2C194&ssl=1",259,194,true],"1536x1536":["https:\/\/i0.wp.com\/cambioagropecuario.com\/wp-content\/uploads\/2022\/02\/24446A29-A80E-4206-AD3F-8AD651397C68.png?fit=259%2C194&ssl=1",259,194,true],"2048x2048":["https:\/\/i0.wp.com\/cambioagropecuario.com\/wp-content\/uploads\/2022\/02\/24446A29-A80E-4206-AD3F-8AD651397C68.png?fit=259%2C194&ssl=1",259,194,true]},"author_info":{"display_name":"Jorge Lopez","author_link":"https:\/\/cambioagropecuario.com\/index.php\/author\/jorge\/"},"category_info":"<a href=\"https:\/\/cambioagropecuario.com\/index.php\/category\/agricultura\/\" rel=\"category tag\">Agricultura<\/a>","tag_info":"Agricultura","comment_count":"0","jetpack_featured_media_url":"https:\/\/i0.wp.com\/cambioagropecuario.com\/wp-content\/uploads\/2022\/02\/24446A29-A80E-4206-AD3F-8AD651397C68.png?fit=259%2C194&ssl=1","_links":{"self":[{"href":"https:\/\/cambioagropecuario.com\/index.php\/wp-json\/wp\/v2\/posts\/307","targetHints":{"allow":["GET"]}}],"collection":[{"href":"https:\/\/cambioagropecuario.com\/index.php\/wp-json\/wp\/v2\/posts"}],"about":[{"href":"https:\/\/cambioagropecuario.com\/index.php\/wp-json\/wp\/v2\/types\/post"}],"author":[{"embeddable":true,"href":"https:\/\/cambioagropecuario.com\/index.php\/wp-json\/wp\/v2\/users\/2"}],"replies":[{"embeddable":true,"href":"https:\/\/cambioagropecuario.com\/index.php\/wp-json\/wp\/v2\/comments?post=307"}],"version-history":[{"count":1,"href":"https:\/\/cambioagropecuario.com\/index.php\/wp-json\/wp\/v2\/posts\/307\/revisions"}],"predecessor-version":[{"id":309,"href":"https:\/\/cambioagropecuario.com\/index.php\/wp-json\/wp\/v2\/posts\/307\/revisions\/309"}],"wp:featuredmedia":[{"embeddable":true,"href":"https:\/\/cambioagropecuario.com\/index.php\/wp-json\/wp\/v2\/media\/308"}],"wp:attachment":[{"href":"https:\/\/cambioagropecuario.com\/index.php\/wp-json\/wp\/v2\/media?parent=307"}],"wp:term":[{"taxonomy":"category","embeddable":true,"href":"https:\/\/cambioagropecuario.com\/index.php\/wp-json\/wp\/v2\/categories?post=307"},{"taxonomy":"post_tag","embeddable":true,"href":"https:\/\/cambioagropecuario.com\/index.php\/wp-json\/wp\/v2\/tags?post=307"}],"curies":[{"name":"wp","href":"https:\/\/api.w.org\/{rel}","templated":true}]}}