{"id":304,"date":"2022-02-17T19:02:34","date_gmt":"2022-02-17T19:02:34","guid":{"rendered":"https:\/\/cambioagropecuario.com\/?p=304"},"modified":"2022-02-17T19:02:36","modified_gmt":"2022-02-17T19:02:36","slug":"maiz-tardio-que-estimaciones-hay-para-la-siembra-de-enero-a-febrero","status":"publish","type":"post","link":"https:\/\/cambioagropecuario.com\/index.php\/2022\/02\/17\/maiz-tardio-que-estimaciones-hay-para-la-siembra-de-enero-a-febrero\/","title":{"rendered":"Ma\u00edz tard\u00edo: qu\u00e9 estimaciones hay para la siembra de enero a febrero"},"content":{"rendered":"\n<p>La\u00a0sequ\u00eda motiv\u00f3 a retrasar la implantaci\u00f3n\u00a0o en algunos casos resembrar el ma\u00edz. Ante este contexto, desde el INTA Rafaela realizaron un estudio sobre los<strong>\u00a0escenarios y las alternativas.<\/strong><\/p>\n\n\n\n<p>La experimental santafesina evalu\u00f3 las&nbsp;<strong>distintas fechas de siembra e h\u00edbridos<\/strong>&nbsp;desde mediados de enero hasta fines de febrero. Los resultados arrojaron que los rendimientos medios de materia seca fueron de alrededor de 11.000 \u2013 13.000 kg\/ha con valores m\u00e1ximos de 14.000 \u2013 15.000 y m\u00ednimos de 7.000 a 9.000 kg\/ha.&nbsp;<\/p>\n\n\n\n<p>\u201cVariando estos rendimientos seg\u00fan el h\u00edbrido utilizado, la tecnolog\u00eda aplicada y la fecha de siembra disminuyendo en general a medida que se atrasa la misma\u201d, aclararon.<\/p>\n\n\n\n<p>Al mismo tiempo, explicaron que el&nbsp;<strong>contenido de espiga<\/strong>&nbsp;para estas fechas de siembra puede tener un valor medio de alrededor de 50 % con valores m\u00e1ximos de 61% y m\u00ednimos de 30%. Adem\u00e1s, se\u00f1alaron que&nbsp;<strong>en la regi\u00f3n centro-oeste de Santa Fe se logra un buen llenado y producci\u00f3n de granos<\/strong>.&nbsp;<\/p>\n\n\n\n<p>En cuanto a la<strong>\u00a0calidad de la planta,<\/strong>\u00a0cuando se la compara con los ma\u00edces tempranos o los tard\u00edos, presenta valores similares o un poco mejores especialmente en el % de FDN, FDA y LDA.<\/p>\n\n\n\n<figure class=\"wp-block-image\"><img decoding=\"async\" src=\"https:\/\/i0.wp.com\/admin-news.agrofy.com.ar\/sites\/default\/files\/screenhunter_265_feb._17_09.17.jpg?w=800&#038;ssl=1\" alt=\"\" data-recalc-dims=\"1\"\/><\/figure>\n\n\n\n<p><\/p>\n\n\n\n<h2 class=\"wp-block-heading\" id=\"maiz\">Ma\u00edz<\/h2>\n\n\n\n<p>\u201cLos mejores resultados se obtuvieron con fechas de siembra de mediados a finales de enero. Las implantaciones de febrero si bien son factibles de realizar, se&nbsp;<strong>aumenta el riesgo de efectos adversos provocados por heladas tempranas<\/strong>&nbsp;que pueden afectar la formaci\u00f3n de granos y la calidad de la planta, en mayor o menor grado, dependiendo de la severidad de las mismas\u201d, detallaron desde el INTA.<\/p>\n\n\n\n<p>Al mismo tiempo, la experiencia les arroj\u00f3 que, si bien se han&nbsp;<strong>producido heladas agron\u00f3micas, n<\/strong>o provocaron da\u00f1os significativos sobre la producci\u00f3n de biomasa total, en el llenado de granos ni sobre la calidad de la planta. \u201cHay que tener presente para la planificaci\u00f3n forrajera, que la cosecha se realiza desde mediados a fines de mayo (para las siembras de mediados a fines de enero) y en&nbsp;<strong>junio para las siembras de febrero\u201d,<\/strong>&nbsp;comentaron.<\/p>\n\n\n\n<p>Desde el INTA remarcaron que la siembra de ma\u00edz en esta fecha es una alternativa interesante para la cuenca lechera central, ya que le permitir\u00e1 al productor compensar en parte el volumen de forrajes conservados que n<strong>o se pudo lograr con los ma\u00edces tempranos y especialmente los tard\u00edos.&nbsp;<\/strong><\/p>\n\n\n\n<p>\u201cLa elecci\u00f3n de sembrar ma\u00edz para silaje en estas fechas se la puede asociar o complementar con la utilizaci\u00f3n de los cultivos de invierno, como avenas de ciclo corto implantadas a fines de febrero que con la calidez del oto\u00f1o florecer\u00e1n temprano y podr\u00e1n ser cosechadas en junio \u2013 julio, o la implantaci\u00f3n en mayo \u2013 junio de avenas o trigos de ciclo largo. Otra alternativa es la cebada forrajera, para ser picada en septiembre &#8211; octubre\u201d, concluyeron desde el INTA<\/p>\n","protected":false},"excerpt":{"rendered":"<p>La\u00a0sequ\u00eda motiv\u00f3 a retrasar la implantaci\u00f3n\u00a0o en algunos casos resembrar el ma\u00edz. Ante este contexto, desde el INTA Rafaela realizaron un estudio sobre los\u00a0escenarios y las alternativas. La experimental santafesina evalu\u00f3 las&nbsp;distintas fechas de siembra e h\u00edbridos&nbsp;desde mediados de enero hasta fines de febrero. Los resultados arrojaron que los rendimientos medios de materia seca fueron [&hellip;]<\/p>\n","protected":false},"author":2,"featured_media":305,"comment_status":"closed","ping_status":"open","sticky":false,"template":"","format":"standard","meta":{"footnotes":""},"categories":[9],"tags":[],"class_list":["post-304","post","type-post","status-publish","format-standard","has-post-thumbnail","hentry","category-agricultura"],"yoast_head":"<!-- This site is optimized with the Yoast SEO plugin v21.6 - https:\/\/yoast.com\/wordpress\/plugins\/seo\/ -->\n<title>Ma\u00edz tard\u00edo: qu\u00e9 estimaciones hay para la siembra de enero a febrero - Cambio Agropecuario<\/title>\n<meta name=\"robots\" content=\"index, follow, max-snippet:-1, max-image-preview:large, max-video-preview:-1\" \/>\n<link rel=\"canonical\" href=\"https:\/\/cambioagropecuario.com\/index.php\/2022\/02\/17\/maiz-tardio-que-estimaciones-hay-para-la-siembra-de-enero-a-febrero\/\" \/>\n<meta property=\"og:locale\" content=\"es_ES\" \/>\n<meta property=\"og:type\" content=\"article\" \/>\n<meta property=\"og:title\" content=\"Ma\u00edz tard\u00edo: qu\u00e9 estimaciones hay para la siembra de enero a febrero - Cambio Agropecuario\" \/>\n<meta property=\"og:description\" content=\"La\u00a0sequ\u00eda motiv\u00f3 a retrasar la implantaci\u00f3n\u00a0o en algunos casos resembrar el ma\u00edz. Ante este contexto, desde el INTA Rafaela realizaron un estudio sobre los\u00a0escenarios y las alternativas. La experimental santafesina evalu\u00f3 las&nbsp;distintas fechas de siembra e h\u00edbridos&nbsp;desde mediados de enero hasta fines de febrero. Los resultados arrojaron que los rendimientos medios de materia seca fueron [&hellip;]\" \/>\n<meta property=\"og:url\" content=\"https:\/\/cambioagropecuario.com\/index.php\/2022\/02\/17\/maiz-tardio-que-estimaciones-hay-para-la-siembra-de-enero-a-febrero\/\" \/>\n<meta property=\"og:site_name\" content=\"Cambio Agropecuario\" \/>\n<meta property=\"article:publisher\" content=\"https:\/\/www.facebook.com\/cambio.agropecuario\" \/>\n<meta property=\"article:published_time\" content=\"2022-02-17T19:02:34+00:00\" \/>\n<meta property=\"article:modified_time\" content=\"2022-02-17T19:02:36+00:00\" \/>\n<meta property=\"og:image\" content=\"https:\/\/cambioagropecuario.com\/wp-content\/uploads\/2022\/02\/maices-sequia-198307.jpg\" \/>\n\t<meta property=\"og:image:width\" content=\"620\" \/>\n\t<meta property=\"og:image:height\" content=\"375\" \/>\n\t<meta property=\"og:image:type\" content=\"image\/jpeg\" \/>\n<meta name=\"author\" content=\"Jorge Lopez\" \/>\n<meta name=\"twitter:card\" content=\"summary_large_image\" \/>\n<meta name=\"twitter:label1\" content=\"Escrito por\" \/>\n\t<meta name=\"twitter:data1\" content=\"Jorge Lopez\" \/>\n\t<meta name=\"twitter:label2\" content=\"Tiempo de lectura\" \/>\n\t<meta name=\"twitter:data2\" content=\"2 minutos\" \/>\n<script type=\"application\/ld+json\" class=\"yoast-schema-graph\">{\"@context\":\"https:\/\/schema.org\",\"@graph\":[{\"@type\":\"Article\",\"@id\":\"https:\/\/cambioagropecuario.com\/index.php\/2022\/02\/17\/maiz-tardio-que-estimaciones-hay-para-la-siembra-de-enero-a-febrero\/#article\",\"isPartOf\":{\"@id\":\"https:\/\/cambioagropecuario.com\/index.php\/2022\/02\/17\/maiz-tardio-que-estimaciones-hay-para-la-siembra-de-enero-a-febrero\/\"},\"author\":{\"name\":\"Jorge Lopez\",\"@id\":\"https:\/\/cambioagropecuario.com\/#\/schema\/person\/24cfd493eaf12ce5568e4f89cfaa3b8a\"},\"headline\":\"Ma\u00edz tard\u00edo: qu\u00e9 estimaciones hay para la siembra de enero a febrero\",\"datePublished\":\"2022-02-17T19:02:34+00:00\",\"dateModified\":\"2022-02-17T19:02:36+00:00\",\"mainEntityOfPage\":{\"@id\":\"https:\/\/cambioagropecuario.com\/index.php\/2022\/02\/17\/maiz-tardio-que-estimaciones-hay-para-la-siembra-de-enero-a-febrero\/\"},\"wordCount\":510,\"publisher\":{\"@id\":\"https:\/\/cambioagropecuario.com\/#organization\"},\"articleSection\":[\"Agricultura\"],\"inLanguage\":\"es\"},{\"@type\":\"WebPage\",\"@id\":\"https:\/\/cambioagropecuario.com\/index.php\/2022\/02\/17\/maiz-tardio-que-estimaciones-hay-para-la-siembra-de-enero-a-febrero\/\",\"url\":\"https:\/\/cambioagropecuario.com\/index.php\/2022\/02\/17\/maiz-tardio-que-estimaciones-hay-para-la-siembra-de-enero-a-febrero\/\",\"name\":\"Ma\u00edz tard\u00edo: qu\u00e9 estimaciones hay para la siembra de enero a febrero - Cambio Agropecuario\",\"isPartOf\":{\"@id\":\"https:\/\/cambioagropecuario.com\/#website\"},\"datePublished\":\"2022-02-17T19:02:34+00:00\",\"dateModified\":\"2022-02-17T19:02:36+00:00\",\"breadcrumb\":{\"@id\":\"https:\/\/cambioagropecuario.com\/index.php\/2022\/02\/17\/maiz-tardio-que-estimaciones-hay-para-la-siembra-de-enero-a-febrero\/#breadcrumb\"},\"inLanguage\":\"es\",\"potentialAction\":[{\"@type\":\"ReadAction\",\"target\":[\"https:\/\/cambioagropecuario.com\/index.php\/2022\/02\/17\/maiz-tardio-que-estimaciones-hay-para-la-siembra-de-enero-a-febrero\/\"]}]},{\"@type\":\"BreadcrumbList\",\"@id\":\"https:\/\/cambioagropecuario.com\/index.php\/2022\/02\/17\/maiz-tardio-que-estimaciones-hay-para-la-siembra-de-enero-a-febrero\/#breadcrumb\",\"itemListElement\":[{\"@type\":\"ListItem\",\"position\":1,\"name\":\"Portada\",\"item\":\"https:\/\/cambioagropecuario.com\/\"},{\"@type\":\"ListItem\",\"position\":2,\"name\":\"Ma\u00edz tard\u00edo: qu\u00e9 estimaciones hay para la siembra de enero a febrero\"}]},{\"@type\":\"WebSite\",\"@id\":\"https:\/\/cambioagropecuario.com\/#website\",\"url\":\"https:\/\/cambioagropecuario.com\/\",\"name\":\"Cambio Agropecuario\",\"description\":\"Cambio Agropecuario es un portal de informaci\u00f3n objetiva y veraz del sector Agroproductivo de la Rep\u00fablica Argentina. Lejos de nuestro esp\u00edritu est\u00e1 el hecho de publicar noticias con un sesgo pol\u00edtico que no contribuya a enaltecer el desarrollo de las producciones agr\u00edcolas y pecuarias. Publicamos en libertad, sin presi\u00f3n de corporaci\u00f3n medi\u00e1tica alguna, ni de intereses econ\u00f3micos y pol\u00edticos. Las experiencias productivas ser\u00e1n una constante en este portal, porque nos interesa mostrar las iniciativas que llevan adelante los emprendedores y que son dignas de replicar en alguna latitud de nuestro pa\u00eds.\",\"publisher\":{\"@id\":\"https:\/\/cambioagropecuario.com\/#organization\"},\"potentialAction\":[{\"@type\":\"SearchAction\",\"target\":{\"@type\":\"EntryPoint\",\"urlTemplate\":\"https:\/\/cambioagropecuario.com\/?s={search_term_string}\"},\"query-input\":\"required name=search_term_string\"}],\"inLanguage\":\"es\"},{\"@type\":\"Organization\",\"@id\":\"https:\/\/cambioagropecuario.com\/#organization\",\"name\":\"Cambio Agropecuario\",\"url\":\"https:\/\/cambioagropecuario.com\/\",\"logo\":{\"@type\":\"ImageObject\",\"inLanguage\":\"es\",\"@id\":\"https:\/\/cambioagropecuario.com\/#\/schema\/logo\/image\/\",\"url\":\"https:\/\/cambioagropecuario.com\/wp-content\/uploads\/2021\/11\/cropped-Sin-titulo-1-1.png\",\"contentUrl\":\"https:\/\/cambioagropecuario.com\/wp-content\/uploads\/2021\/11\/cropped-Sin-titulo-1-1.png\",\"width\":512,\"height\":512,\"caption\":\"Cambio Agropecuario\"},\"image\":{\"@id\":\"https:\/\/cambioagropecuario.com\/#\/schema\/logo\/image\/\"},\"sameAs\":[\"https:\/\/www.facebook.com\/cambio.agropecuario\",\"https:\/\/www.youtube.com\/user\/cambioagropecuariotv\"]},{\"@type\":\"Person\",\"@id\":\"https:\/\/cambioagropecuario.com\/#\/schema\/person\/24cfd493eaf12ce5568e4f89cfaa3b8a\",\"name\":\"Jorge Lopez\",\"image\":{\"@type\":\"ImageObject\",\"inLanguage\":\"es\",\"@id\":\"https:\/\/cambioagropecuario.com\/#\/schema\/person\/image\/\",\"url\":\"https:\/\/secure.gravatar.com\/avatar\/775b1c76ac22bc240f9c49041d7dc067?s=96&d=mm&r=g\",\"contentUrl\":\"https:\/\/secure.gravatar.com\/avatar\/775b1c76ac22bc240f9c49041d7dc067?s=96&d=mm&r=g\",\"caption\":\"Jorge Lopez\"},\"url\":\"https:\/\/cambioagropecuario.com\/index.php\/author\/jorge\/\"}]}<\/script>\n<!-- \/ Yoast SEO plugin. -->","yoast_head_json":{"title":"Ma\u00edz tard\u00edo: qu\u00e9 estimaciones hay para la siembra de enero a febrero - Cambio Agropecuario","robots":{"index":"index","follow":"follow","max-snippet":"max-snippet:-1","max-image-preview":"max-image-preview:large","max-video-preview":"max-video-preview:-1"},"canonical":"https:\/\/cambioagropecuario.com\/index.php\/2022\/02\/17\/maiz-tardio-que-estimaciones-hay-para-la-siembra-de-enero-a-febrero\/","og_locale":"es_ES","og_type":"article","og_title":"Ma\u00edz tard\u00edo: qu\u00e9 estimaciones hay para la siembra de enero a febrero - Cambio Agropecuario","og_description":"La\u00a0sequ\u00eda motiv\u00f3 a retrasar la implantaci\u00f3n\u00a0o en algunos casos resembrar el ma\u00edz. Ante este contexto, desde el INTA Rafaela realizaron un estudio sobre los\u00a0escenarios y las alternativas. La experimental santafesina evalu\u00f3 las&nbsp;distintas fechas de siembra e h\u00edbridos&nbsp;desde mediados de enero hasta fines de febrero. Los resultados arrojaron que los rendimientos medios de materia seca fueron [&hellip;]","og_url":"https:\/\/cambioagropecuario.com\/index.php\/2022\/02\/17\/maiz-tardio-que-estimaciones-hay-para-la-siembra-de-enero-a-febrero\/","og_site_name":"Cambio Agropecuario","article_publisher":"https:\/\/www.facebook.com\/cambio.agropecuario","article_published_time":"2022-02-17T19:02:34+00:00","article_modified_time":"2022-02-17T19:02:36+00:00","og_image":[{"width":620,"height":375,"url":"https:\/\/cambioagropecuario.com\/wp-content\/uploads\/2022\/02\/maices-sequia-198307.jpg","type":"image\/jpeg"}],"author":"Jorge Lopez","twitter_card":"summary_large_image","twitter_misc":{"Escrito por":"Jorge Lopez","Tiempo de lectura":"2 minutos"},"schema":{"@context":"https:\/\/schema.org","@graph":[{"@type":"Article","@id":"https:\/\/cambioagropecuario.com\/index.php\/2022\/02\/17\/maiz-tardio-que-estimaciones-hay-para-la-siembra-de-enero-a-febrero\/#article","isPartOf":{"@id":"https:\/\/cambioagropecuario.com\/index.php\/2022\/02\/17\/maiz-tardio-que-estimaciones-hay-para-la-siembra-de-enero-a-febrero\/"},"author":{"name":"Jorge Lopez","@id":"https:\/\/cambioagropecuario.com\/#\/schema\/person\/24cfd493eaf12ce5568e4f89cfaa3b8a"},"headline":"Ma\u00edz tard\u00edo: qu\u00e9 estimaciones hay para la siembra de enero a febrero","datePublished":"2022-02-17T19:02:34+00:00","dateModified":"2022-02-17T19:02:36+00:00","mainEntityOfPage":{"@id":"https:\/\/cambioagropecuario.com\/index.php\/2022\/02\/17\/maiz-tardio-que-estimaciones-hay-para-la-siembra-de-enero-a-febrero\/"},"wordCount":510,"publisher":{"@id":"https:\/\/cambioagropecuario.com\/#organization"},"articleSection":["Agricultura"],"inLanguage":"es"},{"@type":"WebPage","@id":"https:\/\/cambioagropecuario.com\/index.php\/2022\/02\/17\/maiz-tardio-que-estimaciones-hay-para-la-siembra-de-enero-a-febrero\/","url":"https:\/\/cambioagropecuario.com\/index.php\/2022\/02\/17\/maiz-tardio-que-estimaciones-hay-para-la-siembra-de-enero-a-febrero\/","name":"Ma\u00edz tard\u00edo: qu\u00e9 estimaciones hay para la siembra de enero a febrero - Cambio Agropecuario","isPartOf":{"@id":"https:\/\/cambioagropecuario.com\/#website"},"datePublished":"2022-02-17T19:02:34+00:00","dateModified":"2022-02-17T19:02:36+00:00","breadcrumb":{"@id":"https:\/\/cambioagropecuario.com\/index.php\/2022\/02\/17\/maiz-tardio-que-estimaciones-hay-para-la-siembra-de-enero-a-febrero\/#breadcrumb"},"inLanguage":"es","potentialAction":[{"@type":"ReadAction","target":["https:\/\/cambioagropecuario.com\/index.php\/2022\/02\/17\/maiz-tardio-que-estimaciones-hay-para-la-siembra-de-enero-a-febrero\/"]}]},{"@type":"BreadcrumbList","@id":"https:\/\/cambioagropecuario.com\/index.php\/2022\/02\/17\/maiz-tardio-que-estimaciones-hay-para-la-siembra-de-enero-a-febrero\/#breadcrumb","itemListElement":[{"@type":"ListItem","position":1,"name":"Portada","item":"https:\/\/cambioagropecuario.com\/"},{"@type":"ListItem","position":2,"name":"Ma\u00edz tard\u00edo: qu\u00e9 estimaciones hay para la siembra de enero a febrero"}]},{"@type":"WebSite","@id":"https:\/\/cambioagropecuario.com\/#website","url":"https:\/\/cambioagropecuario.com\/","name":"Cambio Agropecuario","description":"Cambio Agropecuario es un portal de informaci\u00f3n objetiva y veraz del sector Agroproductivo de la Rep\u00fablica Argentina. Lejos de nuestro esp\u00edritu est\u00e1 el hecho de publicar noticias con un sesgo pol\u00edtico que no contribuya a enaltecer el desarrollo de las producciones agr\u00edcolas y pecuarias. Publicamos en libertad, sin presi\u00f3n de corporaci\u00f3n medi\u00e1tica alguna, ni de intereses econ\u00f3micos y pol\u00edticos. Las experiencias productivas ser\u00e1n una constante en este portal, porque nos interesa mostrar las iniciativas que llevan adelante los emprendedores y que son dignas de replicar en alguna latitud de nuestro pa\u00eds.","publisher":{"@id":"https:\/\/cambioagropecuario.com\/#organization"},"potentialAction":[{"@type":"SearchAction","target":{"@type":"EntryPoint","urlTemplate":"https:\/\/cambioagropecuario.com\/?s={search_term_string}"},"query-input":"required name=search_term_string"}],"inLanguage":"es"},{"@type":"Organization","@id":"https:\/\/cambioagropecuario.com\/#organization","name":"Cambio Agropecuario","url":"https:\/\/cambioagropecuario.com\/","logo":{"@type":"ImageObject","inLanguage":"es","@id":"https:\/\/cambioagropecuario.com\/#\/schema\/logo\/image\/","url":"https:\/\/cambioagropecuario.com\/wp-content\/uploads\/2021\/11\/cropped-Sin-titulo-1-1.png","contentUrl":"https:\/\/cambioagropecuario.com\/wp-content\/uploads\/2021\/11\/cropped-Sin-titulo-1-1.png","width":512,"height":512,"caption":"Cambio Agropecuario"},"image":{"@id":"https:\/\/cambioagropecuario.com\/#\/schema\/logo\/image\/"},"sameAs":["https:\/\/www.facebook.com\/cambio.agropecuario","https:\/\/www.youtube.com\/user\/cambioagropecuariotv"]},{"@type":"Person","@id":"https:\/\/cambioagropecuario.com\/#\/schema\/person\/24cfd493eaf12ce5568e4f89cfaa3b8a","name":"Jorge Lopez","image":{"@type":"ImageObject","inLanguage":"es","@id":"https:\/\/cambioagropecuario.com\/#\/schema\/person\/image\/","url":"https:\/\/secure.gravatar.com\/avatar\/775b1c76ac22bc240f9c49041d7dc067?s=96&d=mm&r=g","contentUrl":"https:\/\/secure.gravatar.com\/avatar\/775b1c76ac22bc240f9c49041d7dc067?s=96&d=mm&r=g","caption":"Jorge Lopez"},"url":"https:\/\/cambioagropecuario.com\/index.php\/author\/jorge\/"}]}},"jetpack_sharing_enabled":true,"featured_image_urls":{"full":["https:\/\/i0.wp.com\/cambioagropecuario.com\/wp-content\/uploads\/2022\/02\/maices-sequia-198307.jpg?fit=620%2C375&ssl=1",620,375,false],"thumbnail":["https:\/\/i0.wp.com\/cambioagropecuario.com\/wp-content\/uploads\/2022\/02\/maices-sequia-198307.jpg?resize=150%2C150&ssl=1",150,150,true],"medium":["https:\/\/i0.wp.com\/cambioagropecuario.com\/wp-content\/uploads\/2022\/02\/maices-sequia-198307.jpg?fit=300%2C181&ssl=1",300,181,true],"medium_large":["https:\/\/i0.wp.com\/cambioagropecuario.com\/wp-content\/uploads\/2022\/02\/maices-sequia-198307.jpg?fit=620%2C375&ssl=1",620,375,true],"large":["https:\/\/i0.wp.com\/cambioagropecuario.com\/wp-content\/uploads\/2022\/02\/maices-sequia-198307.jpg?fit=620%2C375&ssl=1",620,375,true],"1536x1536":["https:\/\/i0.wp.com\/cambioagropecuario.com\/wp-content\/uploads\/2022\/02\/maices-sequia-198307.jpg?fit=620%2C375&ssl=1",620,375,true],"2048x2048":["https:\/\/i0.wp.com\/cambioagropecuario.com\/wp-content\/uploads\/2022\/02\/maices-sequia-198307.jpg?fit=620%2C375&ssl=1",620,375,true]},"author_info":{"display_name":"Jorge Lopez","author_link":"https:\/\/cambioagropecuario.com\/index.php\/author\/jorge\/"},"category_info":"<a href=\"https:\/\/cambioagropecuario.com\/index.php\/category\/agricultura\/\" rel=\"category tag\">Agricultura<\/a>","tag_info":"Agricultura","comment_count":"0","jetpack_featured_media_url":"https:\/\/i0.wp.com\/cambioagropecuario.com\/wp-content\/uploads\/2022\/02\/maices-sequia-198307.jpg?fit=620%2C375&ssl=1","_links":{"self":[{"href":"https:\/\/cambioagropecuario.com\/index.php\/wp-json\/wp\/v2\/posts\/304","targetHints":{"allow":["GET"]}}],"collection":[{"href":"https:\/\/cambioagropecuario.com\/index.php\/wp-json\/wp\/v2\/posts"}],"about":[{"href":"https:\/\/cambioagropecuario.com\/index.php\/wp-json\/wp\/v2\/types\/post"}],"author":[{"embeddable":true,"href":"https:\/\/cambioagropecuario.com\/index.php\/wp-json\/wp\/v2\/users\/2"}],"replies":[{"embeddable":true,"href":"https:\/\/cambioagropecuario.com\/index.php\/wp-json\/wp\/v2\/comments?post=304"}],"version-history":[{"count":1,"href":"https:\/\/cambioagropecuario.com\/index.php\/wp-json\/wp\/v2\/posts\/304\/revisions"}],"predecessor-version":[{"id":306,"href":"https:\/\/cambioagropecuario.com\/index.php\/wp-json\/wp\/v2\/posts\/304\/revisions\/306"}],"wp:featuredmedia":[{"embeddable":true,"href":"https:\/\/cambioagropecuario.com\/index.php\/wp-json\/wp\/v2\/media\/305"}],"wp:attachment":[{"href":"https:\/\/cambioagropecuario.com\/index.php\/wp-json\/wp\/v2\/media?parent=304"}],"wp:term":[{"taxonomy":"category","embeddable":true,"href":"https:\/\/cambioagropecuario.com\/index.php\/wp-json\/wp\/v2\/categories?post=304"},{"taxonomy":"post_tag","embeddable":true,"href":"https:\/\/cambioagropecuario.com\/index.php\/wp-json\/wp\/v2\/tags?post=304"}],"curies":[{"name":"wp","href":"https:\/\/api.w.org\/{rel}","templated":true}]}}