{"id":1012,"date":"2022-05-19T04:08:42","date_gmt":"2022-05-19T04:08:42","guid":{"rendered":"https:\/\/cambioagropecuario.com\/?p=1012"},"modified":"2022-05-19T04:08:44","modified_gmt":"2022-05-19T04:08:44","slug":"santiago-del-estero-primera-intencion-de-siembra-de-cultivos-invernales","status":"publish","type":"post","link":"https:\/\/cambioagropecuario.com\/index.php\/2022\/05\/19\/santiago-del-estero-primera-intencion-de-siembra-de-cultivos-invernales\/","title":{"rendered":"Santiago del Estero: Primera intenci\u00f3n de siembra de cultivos invernales"},"content":{"rendered":"\n<p class=\"has-medium-font-size\"><strong><em>La Bolsa de Cereales de C\u00f3rdoba estim\u00f3 que en Santiago del Estero el \u00e1rea de trigo caer\u00e1 un 20%, en la medici\u00f3n interanual. El garbanzo, en tanto, aumentar\u00eda levemente su superficie<\/em><strong><strong>.<\/strong><\/strong><\/strong><\/p>\n\n\n\n<figure class=\"wp-block-image size-large\"><img loading=\"lazy\" decoding=\"async\" width=\"800\" height=\"450\" src=\"https:\/\/i0.wp.com\/cambioagropecuario.com\/wp-content\/uploads\/2022\/05\/Trigo-02.jpg?resize=800%2C450&#038;ssl=1\" alt=\"\" class=\"wp-image-1013\" srcset=\"https:\/\/i0.wp.com\/cambioagropecuario.com\/wp-content\/uploads\/2022\/05\/Trigo-02.jpg?resize=1024%2C576&amp;ssl=1 1024w, https:\/\/i0.wp.com\/cambioagropecuario.com\/wp-content\/uploads\/2022\/05\/Trigo-02.jpg?resize=300%2C169&amp;ssl=1 300w, https:\/\/i0.wp.com\/cambioagropecuario.com\/wp-content\/uploads\/2022\/05\/Trigo-02.jpg?resize=768%2C432&amp;ssl=1 768w, https:\/\/i0.wp.com\/cambioagropecuario.com\/wp-content\/uploads\/2022\/05\/Trigo-02.jpg?resize=1536%2C864&amp;ssl=1 1536w, https:\/\/i0.wp.com\/cambioagropecuario.com\/wp-content\/uploads\/2022\/05\/Trigo-02.jpg?w=1920&amp;ssl=1 1920w, https:\/\/i0.wp.com\/cambioagropecuario.com\/wp-content\/uploads\/2022\/05\/Trigo-02.jpg?w=1600&amp;ssl=1 1600w\" sizes=\"auto, (max-width: 800px) 100vw, 800px\" data-recalc-dims=\"1\" \/><\/figure>\n\n\n\n<p>De acuerdo al Departamento de Informaci\u00f3n Agron\u00f3mica de la Bolsa de Cereales de C\u00f3rdoba, en su primera estimaci\u00f3n para la siembra de cultivos invernales en Santiago del Estero, se espera para la campa\u00f1a 2022\/23 una superficie de 392.900 hect\u00e1reas. Este valor es inferior en un 20 % respecto al a\u00f1o pasado pero muy similar al promedio de los \u00faltimos 4 a\u00f1os.<\/p>\n\n\n\n<p>Si bien la rentabilidad esperada se ve condicionada por el aumento de los insumos, la intenci\u00f3n de la mayor parte de los productores de la zona es, en lo posible, mantener la superficie en aquellos lugares donde la condici\u00f3n h\u00eddrica del suelo lo permita. En ese sentido ser\u00e1 clave la evoluci\u00f3n de la humedad del suelo del pr\u00f3ximo mes. Luego de una importante ca\u00edda en la superficie desde la campa\u00f1a 2020\/21 se espera que este a\u00f1o se mantenga la superficie, siempre que las condiciones de humedad del suelo sean adecuadas. De acuerdo con la primera estimaci\u00f3n el \u00e1rea ser\u00eda de 11.300 hect\u00e1reas, un 1 % m\u00e1s que en la campa\u00f1a 2021\/22.<\/p>\n\n\n\n<figure class=\"wp-block-image size-large\"><img loading=\"lazy\" decoding=\"async\" width=\"800\" height=\"450\" src=\"https:\/\/i0.wp.com\/cambioagropecuario.com\/wp-content\/uploads\/2022\/05\/Trigo-Verde-01.jpg?resize=800%2C450&#038;ssl=1\" alt=\"\" class=\"wp-image-1014\" srcset=\"https:\/\/i0.wp.com\/cambioagropecuario.com\/wp-content\/uploads\/2022\/05\/Trigo-Verde-01.jpg?resize=1024%2C576&amp;ssl=1 1024w, https:\/\/i0.wp.com\/cambioagropecuario.com\/wp-content\/uploads\/2022\/05\/Trigo-Verde-01.jpg?resize=300%2C169&amp;ssl=1 300w, https:\/\/i0.wp.com\/cambioagropecuario.com\/wp-content\/uploads\/2022\/05\/Trigo-Verde-01.jpg?resize=768%2C432&amp;ssl=1 768w, https:\/\/i0.wp.com\/cambioagropecuario.com\/wp-content\/uploads\/2022\/05\/Trigo-Verde-01.jpg?resize=1536%2C864&amp;ssl=1 1536w, https:\/\/i0.wp.com\/cambioagropecuario.com\/wp-content\/uploads\/2022\/05\/Trigo-Verde-01.jpg?w=1920&amp;ssl=1 1920w, https:\/\/i0.wp.com\/cambioagropecuario.com\/wp-content\/uploads\/2022\/05\/Trigo-Verde-01.jpg?w=1600&amp;ssl=1 1600w\" sizes=\"auto, (max-width: 800px) 100vw, 800px\" data-recalc-dims=\"1\" \/><\/figure>\n\n\n\n<p>Fuente: TodoAgro.<\/p>\n","protected":false},"excerpt":{"rendered":"<p>La Bolsa de Cereales de C\u00f3rdoba estim\u00f3 que en Santiago del Estero el \u00e1rea de trigo caer\u00e1 un 20%, en la medici\u00f3n interanual. El garbanzo, en tanto, aumentar\u00eda levemente su superficie. De acuerdo al Departamento de Informaci\u00f3n Agron\u00f3mica de la Bolsa de Cereales de C\u00f3rdoba, en su primera estimaci\u00f3n para la siembra de cultivos invernales [&hellip;]<\/p>\n","protected":false},"author":2,"featured_media":1015,"comment_status":"closed","ping_status":"open","sticky":false,"template":"","format":"standard","meta":{"footnotes":""},"categories":[9,18],"tags":[],"class_list":["post-1012","post","type-post","status-publish","format-standard","has-post-thumbnail","hentry","category-agricultura","category-noticias"],"yoast_head":"<!-- This site is optimized with the Yoast SEO plugin v21.6 - https:\/\/yoast.com\/wordpress\/plugins\/seo\/ -->\n<title>Santiago del Estero: Primera intenci\u00f3n de siembra de cultivos invernales - Cambio Agropecuario<\/title>\n<meta name=\"robots\" content=\"index, follow, max-snippet:-1, max-image-preview:large, max-video-preview:-1\" \/>\n<link rel=\"canonical\" href=\"https:\/\/cambioagropecuario.com\/index.php\/2022\/05\/19\/santiago-del-estero-primera-intencion-de-siembra-de-cultivos-invernales\/\" \/>\n<meta property=\"og:locale\" content=\"es_ES\" \/>\n<meta property=\"og:type\" content=\"article\" \/>\n<meta property=\"og:title\" content=\"Santiago del Estero: Primera intenci\u00f3n de siembra de cultivos invernales - Cambio Agropecuario\" \/>\n<meta property=\"og:description\" content=\"La Bolsa de Cereales de C\u00f3rdoba estim\u00f3 que en Santiago del Estero el \u00e1rea de trigo caer\u00e1 un 20%, en la medici\u00f3n interanual. El garbanzo, en tanto, aumentar\u00eda levemente su superficie. De acuerdo al Departamento de Informaci\u00f3n Agron\u00f3mica de la Bolsa de Cereales de C\u00f3rdoba, en su primera estimaci\u00f3n para la siembra de cultivos invernales [&hellip;]\" \/>\n<meta property=\"og:url\" content=\"https:\/\/cambioagropecuario.com\/index.php\/2022\/05\/19\/santiago-del-estero-primera-intencion-de-siembra-de-cultivos-invernales\/\" \/>\n<meta property=\"og:site_name\" content=\"Cambio Agropecuario\" \/>\n<meta property=\"article:publisher\" content=\"https:\/\/www.facebook.com\/cambio.agropecuario\" \/>\n<meta property=\"article:published_time\" content=\"2022-05-19T04:08:42+00:00\" \/>\n<meta property=\"article:modified_time\" content=\"2022-05-19T04:08:44+00:00\" \/>\n<meta property=\"og:image\" content=\"https:\/\/cambioagropecuario.com\/wp-content\/uploads\/2022\/05\/Trigo-Seco-Cosecha-02.jpg\" \/>\n\t<meta property=\"og:image:width\" content=\"1920\" \/>\n\t<meta property=\"og:image:height\" content=\"1080\" \/>\n\t<meta property=\"og:image:type\" content=\"image\/jpeg\" \/>\n<meta name=\"author\" content=\"Jorge Lopez\" \/>\n<meta name=\"twitter:card\" content=\"summary_large_image\" \/>\n<meta name=\"twitter:label1\" content=\"Escrito por\" \/>\n\t<meta name=\"twitter:data1\" content=\"Jorge Lopez\" \/>\n\t<meta name=\"twitter:label2\" content=\"Tiempo de lectura\" \/>\n\t<meta name=\"twitter:data2\" content=\"2 minutos\" \/>\n<script type=\"application\/ld+json\" class=\"yoast-schema-graph\">{\"@context\":\"https:\/\/schema.org\",\"@graph\":[{\"@type\":\"Article\",\"@id\":\"https:\/\/cambioagropecuario.com\/index.php\/2022\/05\/19\/santiago-del-estero-primera-intencion-de-siembra-de-cultivos-invernales\/#article\",\"isPartOf\":{\"@id\":\"https:\/\/cambioagropecuario.com\/index.php\/2022\/05\/19\/santiago-del-estero-primera-intencion-de-siembra-de-cultivos-invernales\/\"},\"author\":{\"name\":\"Jorge Lopez\",\"@id\":\"https:\/\/cambioagropecuario.com\/#\/schema\/person\/24cfd493eaf12ce5568e4f89cfaa3b8a\"},\"headline\":\"Santiago del Estero: Primera intenci\u00f3n de siembra de cultivos invernales\",\"datePublished\":\"2022-05-19T04:08:42+00:00\",\"dateModified\":\"2022-05-19T04:08:44+00:00\",\"mainEntityOfPage\":{\"@id\":\"https:\/\/cambioagropecuario.com\/index.php\/2022\/05\/19\/santiago-del-estero-primera-intencion-de-siembra-de-cultivos-invernales\/\"},\"wordCount\":229,\"publisher\":{\"@id\":\"https:\/\/cambioagropecuario.com\/#organization\"},\"articleSection\":[\"Agricultura\",\"Noticias\"],\"inLanguage\":\"es\"},{\"@type\":\"WebPage\",\"@id\":\"https:\/\/cambioagropecuario.com\/index.php\/2022\/05\/19\/santiago-del-estero-primera-intencion-de-siembra-de-cultivos-invernales\/\",\"url\":\"https:\/\/cambioagropecuario.com\/index.php\/2022\/05\/19\/santiago-del-estero-primera-intencion-de-siembra-de-cultivos-invernales\/\",\"name\":\"Santiago del Estero: Primera intenci\u00f3n de siembra de cultivos invernales - Cambio Agropecuario\",\"isPartOf\":{\"@id\":\"https:\/\/cambioagropecuario.com\/#website\"},\"datePublished\":\"2022-05-19T04:08:42+00:00\",\"dateModified\":\"2022-05-19T04:08:44+00:00\",\"breadcrumb\":{\"@id\":\"https:\/\/cambioagropecuario.com\/index.php\/2022\/05\/19\/santiago-del-estero-primera-intencion-de-siembra-de-cultivos-invernales\/#breadcrumb\"},\"inLanguage\":\"es\",\"potentialAction\":[{\"@type\":\"ReadAction\",\"target\":[\"https:\/\/cambioagropecuario.com\/index.php\/2022\/05\/19\/santiago-del-estero-primera-intencion-de-siembra-de-cultivos-invernales\/\"]}]},{\"@type\":\"BreadcrumbList\",\"@id\":\"https:\/\/cambioagropecuario.com\/index.php\/2022\/05\/19\/santiago-del-estero-primera-intencion-de-siembra-de-cultivos-invernales\/#breadcrumb\",\"itemListElement\":[{\"@type\":\"ListItem\",\"position\":1,\"name\":\"Portada\",\"item\":\"https:\/\/cambioagropecuario.com\/\"},{\"@type\":\"ListItem\",\"position\":2,\"name\":\"Santiago del Estero: Primera intenci\u00f3n de siembra de cultivos invernales\"}]},{\"@type\":\"WebSite\",\"@id\":\"https:\/\/cambioagropecuario.com\/#website\",\"url\":\"https:\/\/cambioagropecuario.com\/\",\"name\":\"Cambio Agropecuario\",\"description\":\"Cambio Agropecuario es un portal de informaci\u00f3n objetiva y veraz del sector Agroproductivo de la Rep\u00fablica Argentina. Lejos de nuestro esp\u00edritu est\u00e1 el hecho de publicar noticias con un sesgo pol\u00edtico que no contribuya a enaltecer el desarrollo de las producciones agr\u00edcolas y pecuarias. Publicamos en libertad, sin presi\u00f3n de corporaci\u00f3n medi\u00e1tica alguna, ni de intereses econ\u00f3micos y pol\u00edticos. Las experiencias productivas ser\u00e1n una constante en este portal, porque nos interesa mostrar las iniciativas que llevan adelante los emprendedores y que son dignas de replicar en alguna latitud de nuestro pa\u00eds.\",\"publisher\":{\"@id\":\"https:\/\/cambioagropecuario.com\/#organization\"},\"potentialAction\":[{\"@type\":\"SearchAction\",\"target\":{\"@type\":\"EntryPoint\",\"urlTemplate\":\"https:\/\/cambioagropecuario.com\/?s={search_term_string}\"},\"query-input\":\"required name=search_term_string\"}],\"inLanguage\":\"es\"},{\"@type\":\"Organization\",\"@id\":\"https:\/\/cambioagropecuario.com\/#organization\",\"name\":\"Cambio Agropecuario\",\"url\":\"https:\/\/cambioagropecuario.com\/\",\"logo\":{\"@type\":\"ImageObject\",\"inLanguage\":\"es\",\"@id\":\"https:\/\/cambioagropecuario.com\/#\/schema\/logo\/image\/\",\"url\":\"https:\/\/cambioagropecuario.com\/wp-content\/uploads\/2021\/11\/cropped-Sin-titulo-1-1.png\",\"contentUrl\":\"https:\/\/cambioagropecuario.com\/wp-content\/uploads\/2021\/11\/cropped-Sin-titulo-1-1.png\",\"width\":512,\"height\":512,\"caption\":\"Cambio Agropecuario\"},\"image\":{\"@id\":\"https:\/\/cambioagropecuario.com\/#\/schema\/logo\/image\/\"},\"sameAs\":[\"https:\/\/www.facebook.com\/cambio.agropecuario\",\"https:\/\/www.youtube.com\/user\/cambioagropecuariotv\"]},{\"@type\":\"Person\",\"@id\":\"https:\/\/cambioagropecuario.com\/#\/schema\/person\/24cfd493eaf12ce5568e4f89cfaa3b8a\",\"name\":\"Jorge Lopez\",\"image\":{\"@type\":\"ImageObject\",\"inLanguage\":\"es\",\"@id\":\"https:\/\/cambioagropecuario.com\/#\/schema\/person\/image\/\",\"url\":\"https:\/\/secure.gravatar.com\/avatar\/775b1c76ac22bc240f9c49041d7dc067?s=96&d=mm&r=g\",\"contentUrl\":\"https:\/\/secure.gravatar.com\/avatar\/775b1c76ac22bc240f9c49041d7dc067?s=96&d=mm&r=g\",\"caption\":\"Jorge Lopez\"},\"url\":\"https:\/\/cambioagropecuario.com\/index.php\/author\/jorge\/\"}]}<\/script>\n<!-- \/ Yoast SEO plugin. -->","yoast_head_json":{"title":"Santiago del Estero: Primera intenci\u00f3n de siembra de cultivos invernales - Cambio Agropecuario","robots":{"index":"index","follow":"follow","max-snippet":"max-snippet:-1","max-image-preview":"max-image-preview:large","max-video-preview":"max-video-preview:-1"},"canonical":"https:\/\/cambioagropecuario.com\/index.php\/2022\/05\/19\/santiago-del-estero-primera-intencion-de-siembra-de-cultivos-invernales\/","og_locale":"es_ES","og_type":"article","og_title":"Santiago del Estero: Primera intenci\u00f3n de siembra de cultivos invernales - Cambio Agropecuario","og_description":"La Bolsa de Cereales de C\u00f3rdoba estim\u00f3 que en Santiago del Estero el \u00e1rea de trigo caer\u00e1 un 20%, en la medici\u00f3n interanual. El garbanzo, en tanto, aumentar\u00eda levemente su superficie. De acuerdo al Departamento de Informaci\u00f3n Agron\u00f3mica de la Bolsa de Cereales de C\u00f3rdoba, en su primera estimaci\u00f3n para la siembra de cultivos invernales [&hellip;]","og_url":"https:\/\/cambioagropecuario.com\/index.php\/2022\/05\/19\/santiago-del-estero-primera-intencion-de-siembra-de-cultivos-invernales\/","og_site_name":"Cambio Agropecuario","article_publisher":"https:\/\/www.facebook.com\/cambio.agropecuario","article_published_time":"2022-05-19T04:08:42+00:00","article_modified_time":"2022-05-19T04:08:44+00:00","og_image":[{"width":1920,"height":1080,"url":"https:\/\/cambioagropecuario.com\/wp-content\/uploads\/2022\/05\/Trigo-Seco-Cosecha-02.jpg","type":"image\/jpeg"}],"author":"Jorge Lopez","twitter_card":"summary_large_image","twitter_misc":{"Escrito por":"Jorge Lopez","Tiempo de lectura":"2 minutos"},"schema":{"@context":"https:\/\/schema.org","@graph":[{"@type":"Article","@id":"https:\/\/cambioagropecuario.com\/index.php\/2022\/05\/19\/santiago-del-estero-primera-intencion-de-siembra-de-cultivos-invernales\/#article","isPartOf":{"@id":"https:\/\/cambioagropecuario.com\/index.php\/2022\/05\/19\/santiago-del-estero-primera-intencion-de-siembra-de-cultivos-invernales\/"},"author":{"name":"Jorge Lopez","@id":"https:\/\/cambioagropecuario.com\/#\/schema\/person\/24cfd493eaf12ce5568e4f89cfaa3b8a"},"headline":"Santiago del Estero: Primera intenci\u00f3n de siembra de cultivos invernales","datePublished":"2022-05-19T04:08:42+00:00","dateModified":"2022-05-19T04:08:44+00:00","mainEntityOfPage":{"@id":"https:\/\/cambioagropecuario.com\/index.php\/2022\/05\/19\/santiago-del-estero-primera-intencion-de-siembra-de-cultivos-invernales\/"},"wordCount":229,"publisher":{"@id":"https:\/\/cambioagropecuario.com\/#organization"},"articleSection":["Agricultura","Noticias"],"inLanguage":"es"},{"@type":"WebPage","@id":"https:\/\/cambioagropecuario.com\/index.php\/2022\/05\/19\/santiago-del-estero-primera-intencion-de-siembra-de-cultivos-invernales\/","url":"https:\/\/cambioagropecuario.com\/index.php\/2022\/05\/19\/santiago-del-estero-primera-intencion-de-siembra-de-cultivos-invernales\/","name":"Santiago del Estero: Primera intenci\u00f3n de siembra de cultivos invernales - Cambio Agropecuario","isPartOf":{"@id":"https:\/\/cambioagropecuario.com\/#website"},"datePublished":"2022-05-19T04:08:42+00:00","dateModified":"2022-05-19T04:08:44+00:00","breadcrumb":{"@id":"https:\/\/cambioagropecuario.com\/index.php\/2022\/05\/19\/santiago-del-estero-primera-intencion-de-siembra-de-cultivos-invernales\/#breadcrumb"},"inLanguage":"es","potentialAction":[{"@type":"ReadAction","target":["https:\/\/cambioagropecuario.com\/index.php\/2022\/05\/19\/santiago-del-estero-primera-intencion-de-siembra-de-cultivos-invernales\/"]}]},{"@type":"BreadcrumbList","@id":"https:\/\/cambioagropecuario.com\/index.php\/2022\/05\/19\/santiago-del-estero-primera-intencion-de-siembra-de-cultivos-invernales\/#breadcrumb","itemListElement":[{"@type":"ListItem","position":1,"name":"Portada","item":"https:\/\/cambioagropecuario.com\/"},{"@type":"ListItem","position":2,"name":"Santiago del Estero: Primera intenci\u00f3n de siembra de cultivos invernales"}]},{"@type":"WebSite","@id":"https:\/\/cambioagropecuario.com\/#website","url":"https:\/\/cambioagropecuario.com\/","name":"Cambio Agropecuario","description":"Cambio Agropecuario es un portal de informaci\u00f3n objetiva y veraz del sector Agroproductivo de la Rep\u00fablica Argentina. Lejos de nuestro esp\u00edritu est\u00e1 el hecho de publicar noticias con un sesgo pol\u00edtico que no contribuya a enaltecer el desarrollo de las producciones agr\u00edcolas y pecuarias. Publicamos en libertad, sin presi\u00f3n de corporaci\u00f3n medi\u00e1tica alguna, ni de intereses econ\u00f3micos y pol\u00edticos. Las experiencias productivas ser\u00e1n una constante en este portal, porque nos interesa mostrar las iniciativas que llevan adelante los emprendedores y que son dignas de replicar en alguna latitud de nuestro pa\u00eds.","publisher":{"@id":"https:\/\/cambioagropecuario.com\/#organization"},"potentialAction":[{"@type":"SearchAction","target":{"@type":"EntryPoint","urlTemplate":"https:\/\/cambioagropecuario.com\/?s={search_term_string}"},"query-input":"required name=search_term_string"}],"inLanguage":"es"},{"@type":"Organization","@id":"https:\/\/cambioagropecuario.com\/#organization","name":"Cambio Agropecuario","url":"https:\/\/cambioagropecuario.com\/","logo":{"@type":"ImageObject","inLanguage":"es","@id":"https:\/\/cambioagropecuario.com\/#\/schema\/logo\/image\/","url":"https:\/\/cambioagropecuario.com\/wp-content\/uploads\/2021\/11\/cropped-Sin-titulo-1-1.png","contentUrl":"https:\/\/cambioagropecuario.com\/wp-content\/uploads\/2021\/11\/cropped-Sin-titulo-1-1.png","width":512,"height":512,"caption":"Cambio Agropecuario"},"image":{"@id":"https:\/\/cambioagropecuario.com\/#\/schema\/logo\/image\/"},"sameAs":["https:\/\/www.facebook.com\/cambio.agropecuario","https:\/\/www.youtube.com\/user\/cambioagropecuariotv"]},{"@type":"Person","@id":"https:\/\/cambioagropecuario.com\/#\/schema\/person\/24cfd493eaf12ce5568e4f89cfaa3b8a","name":"Jorge Lopez","image":{"@type":"ImageObject","inLanguage":"es","@id":"https:\/\/cambioagropecuario.com\/#\/schema\/person\/image\/","url":"https:\/\/secure.gravatar.com\/avatar\/775b1c76ac22bc240f9c49041d7dc067?s=96&d=mm&r=g","contentUrl":"https:\/\/secure.gravatar.com\/avatar\/775b1c76ac22bc240f9c49041d7dc067?s=96&d=mm&r=g","caption":"Jorge Lopez"},"url":"https:\/\/cambioagropecuario.com\/index.php\/author\/jorge\/"}]}},"jetpack_sharing_enabled":true,"featured_image_urls":{"full":["https:\/\/i0.wp.com\/cambioagropecuario.com\/wp-content\/uploads\/2022\/05\/Trigo-Seco-Cosecha-02.jpg?fit=1920%2C1080&ssl=1",1920,1080,false],"thumbnail":["https:\/\/i0.wp.com\/cambioagropecuario.com\/wp-content\/uploads\/2022\/05\/Trigo-Seco-Cosecha-02.jpg?resize=150%2C150&ssl=1",150,150,true],"medium":["https:\/\/i0.wp.com\/cambioagropecuario.com\/wp-content\/uploads\/2022\/05\/Trigo-Seco-Cosecha-02.jpg?fit=300%2C169&ssl=1",300,169,true],"medium_large":["https:\/\/i0.wp.com\/cambioagropecuario.com\/wp-content\/uploads\/2022\/05\/Trigo-Seco-Cosecha-02.jpg?fit=768%2C432&ssl=1",768,432,true],"large":["https:\/\/i0.wp.com\/cambioagropecuario.com\/wp-content\/uploads\/2022\/05\/Trigo-Seco-Cosecha-02.jpg?fit=800%2C450&ssl=1",800,450,true],"1536x1536":["https:\/\/i0.wp.com\/cambioagropecuario.com\/wp-content\/uploads\/2022\/05\/Trigo-Seco-Cosecha-02.jpg?fit=1536%2C864&ssl=1",1536,864,true],"2048x2048":["https:\/\/i0.wp.com\/cambioagropecuario.com\/wp-content\/uploads\/2022\/05\/Trigo-Seco-Cosecha-02.jpg?fit=1920%2C1080&ssl=1",1920,1080,true]},"author_info":{"display_name":"Jorge Lopez","author_link":"https:\/\/cambioagropecuario.com\/index.php\/author\/jorge\/"},"category_info":"<a href=\"https:\/\/cambioagropecuario.com\/index.php\/category\/agricultura\/\" rel=\"category tag\">Agricultura<\/a> <a href=\"https:\/\/cambioagropecuario.com\/index.php\/category\/noticias\/\" rel=\"category tag\">Noticias<\/a>","tag_info":"Noticias","comment_count":"0","jetpack_featured_media_url":"https:\/\/i0.wp.com\/cambioagropecuario.com\/wp-content\/uploads\/2022\/05\/Trigo-Seco-Cosecha-02.jpg?fit=1920%2C1080&ssl=1","_links":{"self":[{"href":"https:\/\/cambioagropecuario.com\/index.php\/wp-json\/wp\/v2\/posts\/1012","targetHints":{"allow":["GET"]}}],"collection":[{"href":"https:\/\/cambioagropecuario.com\/index.php\/wp-json\/wp\/v2\/posts"}],"about":[{"href":"https:\/\/cambioagropecuario.com\/index.php\/wp-json\/wp\/v2\/types\/post"}],"author":[{"embeddable":true,"href":"https:\/\/cambioagropecuario.com\/index.php\/wp-json\/wp\/v2\/users\/2"}],"replies":[{"embeddable":true,"href":"https:\/\/cambioagropecuario.com\/index.php\/wp-json\/wp\/v2\/comments?post=1012"}],"version-history":[{"count":1,"href":"https:\/\/cambioagropecuario.com\/index.php\/wp-json\/wp\/v2\/posts\/1012\/revisions"}],"predecessor-version":[{"id":1016,"href":"https:\/\/cambioagropecuario.com\/index.php\/wp-json\/wp\/v2\/posts\/1012\/revisions\/1016"}],"wp:featuredmedia":[{"embeddable":true,"href":"https:\/\/cambioagropecuario.com\/index.php\/wp-json\/wp\/v2\/media\/1015"}],"wp:attachment":[{"href":"https:\/\/cambioagropecuario.com\/index.php\/wp-json\/wp\/v2\/media?parent=1012"}],"wp:term":[{"taxonomy":"category","embeddable":true,"href":"https:\/\/cambioagropecuario.com\/index.php\/wp-json\/wp\/v2\/categories?post=1012"},{"taxonomy":"post_tag","embeddable":true,"href":"https:\/\/cambioagropecuario.com\/index.php\/wp-json\/wp\/v2\/tags?post=1012"}],"curies":[{"name":"wp","href":"https:\/\/api.w.org\/{rel}","templated":true}]}}